{"id":1097,"date":"2010-11-08T12:45:53","date_gmt":"2010-11-08T09:45:53","guid":{"rendered":"http:\/\/juhasiro.fi\/blogi\/?p=1097"},"modified":"2010-11-08T12:50:06","modified_gmt":"2010-11-08T09:50:06","slug":"lumesta-%e2%80%93-lyhyesti","status":"publish","type":"post","link":"http:\/\/juhasiro.fi\/blogi\/?p=1097","title":{"rendered":"Lumesta \u2013 lyhyesti"},"content":{"rendered":"<p>K\u00e4yty\u00e4ni Central Marketin kalatorilla kuulin, ett\u00e4 Pirkanmaalle on satanut lunta. Kaivoin siis kirjahyllyst\u00e4 Lassi Nummen kokoelman <em>Matkalla niityn<\/em> <em>yli <\/em>(Otava 1986). Omistuskirjoituksen mukaan kirjailija itse on j\u00e4tt\u00e4nyt kokoelman Ateenaan tasan yksitoista vuotta sitten.<\/p>\n<p><img loading=\"lazy\" decoding=\"async\" class=\"aligncenter size-full wp-image-1098\" title=\"Kalaa Ateenassa 8.11.2010\" src=\"http:\/\/juhasiro.fi\/blogi\/wp-content\/uploads\/2010\/11\/kalaa.jpg\" alt=\"Kalaa Ateenassa 8.11.2010\" width=\"515\" height=\"344\" srcset=\"http:\/\/juhasiro.fi\/blogi\/wp-content\/uploads\/2010\/11\/kalaa.jpg 515w, http:\/\/juhasiro.fi\/blogi\/wp-content\/uploads\/2010\/11\/kalaa-300x200.jpg 300w\" sizes=\"auto, (max-width: 515px) 100vw, 515px\" \/><\/p>\n<p>Osastosta <em>Talviniitty<\/em>, l\u00f6ytyy kolmen s\u00e4keen runo, jossa sanaa <em>lumi<\/em> ei edes mainita. Mutta siell\u00e4 se on, majesteettisen voimakkaana. En nyt t\u00e4h\u00e4n h\u00e4t\u00e4\u00e4n muista koskaan lukeneeni komeampaa ensilumen kuvausta:<\/p>\n<p>Suunnaton avara tila.<\/p>\n<p>Maa palauttaa taivaalle<\/p>\n<p>kauan pid\u00e4tt\u00e4m\u00e4ns\u00e4 valon.<\/p>\n<p>&#8230;&#8230;&#8230;&#8230;&#8230;&#8230;&#8230;&#8230;&#8230;&#8230;&#8230;&#8230;&#8230;..<\/p>\n<p>Ps. yst\u00e4v\u00e4t Facebookissa kyseliv\u00e4t 15 minuutissa laadittua 15 t\u00e4rke\u00e4n kirjan listaa. En pystynyt tekem\u00e4\u00e4n sit\u00e4, mutta palaan asiaan t\u00e4ss\u00e4 blogissa kunhan enn\u00e4t\u00e4n.<\/p>\n","protected":false},"excerpt":{"rendered":"<p>K\u00e4yty\u00e4ni Central Marketin kalatorilla kuulin, ett\u00e4 Pirkanmaalle on satanut lunta. Kaivoin siis kirjahyllyst\u00e4 Lassi Nummen kokoelman Matkalla niityn yli (Otava 1986). Omistuskirjoituksen mukaan kirjailija itse on j\u00e4tt\u00e4nyt kokoelman Ateenaan tasan yksitoista vuotta sitten. Osastosta Talviniitty, l\u00f6ytyy kolmen s\u00e4keen runo, jossa sanaa lumi ei edes mainita. Mutta siell\u00e4 se on, majesteettisen voimakkaana. En nyt t\u00e4h\u00e4n h\u00e4t\u00e4\u00e4n [&hellip;]<\/p>\n","protected":false},"author":2,"featured_media":0,"comment_status":"open","ping_status":"open","sticky":false,"template":"","format":"standard","meta":{"footnotes":""},"categories":[262,70,272,130,254],"tags":[2028,712,711,710],"class_list":["post-1097","post","type-post","status-publish","format-standard","hentry","category-blogit-ja-postaukset","category-kirjat","category-kuulumisia-kauempaa","category-runous","category-unohdettujen-runojen-klinikka","tag-ateena","tag-ensilumi","tag-lassi-nummi","tag-matkalla-niityn-yli"],"_links":{"self":[{"href":"http:\/\/juhasiro.fi\/blogi\/index.php?rest_route=\/wp\/v2\/posts\/1097","targetHints":{"allow":["GET"]}}],"collection":[{"href":"http:\/\/juhasiro.fi\/blogi\/index.php?rest_route=\/wp\/v2\/posts"}],"about":[{"href":"http:\/\/juhasiro.fi\/blogi\/index.php?rest_route=\/wp\/v2\/types\/post"}],"author":[{"embeddable":true,"href":"http:\/\/juhasiro.fi\/blogi\/index.php?rest_route=\/wp\/v2\/users\/2"}],"replies":[{"embeddable":true,"href":"http:\/\/juhasiro.fi\/blogi\/index.php?rest_route=%2Fwp%2Fv2%2Fcomments&post=1097"}],"version-history":[{"count":4,"href":"http:\/\/juhasiro.fi\/blogi\/index.php?rest_route=\/wp\/v2\/posts\/1097\/revisions"}],"predecessor-version":[{"id":1102,"href":"http:\/\/juhasiro.fi\/blogi\/index.php?rest_route=\/wp\/v2\/posts\/1097\/revisions\/1102"}],"wp:attachment":[{"href":"http:\/\/juhasiro.fi\/blogi\/index.php?rest_route=%2Fwp%2Fv2%2Fmedia&parent=1097"}],"wp:term":[{"taxonomy":"category","embeddable":true,"href":"http:\/\/juhasiro.fi\/blogi\/index.php?rest_route=%2Fwp%2Fv2%2Fcategories&post=1097"},{"taxonomy":"post_tag","embeddable":true,"href":"http:\/\/juhasiro.fi\/blogi\/index.php?rest_route=%2Fwp%2Fv2%2Ftags&post=1097"}],"curies":[{"name":"wp","href":"https:\/\/api.w.org\/{rel}","templated":true}]}}