{"id":1584,"date":"2011-09-28T17:14:21","date_gmt":"2011-09-28T14:14:21","guid":{"rendered":"http:\/\/juhasiro.fi\/blogi\/?p=1584"},"modified":"2022-08-16T15:54:36","modified_gmt":"2022-08-16T12:54:36","slug":"mita-kulttuuri-tarkoittaa","status":"publish","type":"post","link":"http:\/\/juhasiro.fi\/blogi\/?p=1584","title":{"rendered":"Mit\u00e4 Kulttuuri tarkoittaa?"},"content":{"rendered":"<p><!--StartFragment--><\/p>\n<p class=\"MsoNormal\">Tieto on vaarallista. Varsinkin varma tieto. Se tappaa kaiken kyseenalaistamisen. Ymm\u00e4rryksen kanssa on v\u00e4h\u00e4n niin ja n\u00e4in, sit\u00e4 saattaa omahyv\u00e4isesti kuvitella ymm\u00e4rt\u00e4v\u00e4ns\u00e4, mutta mit\u00e4 viel\u00e4.<\/p>\n<p class=\"MsoNormal\">Kulttuuri parantaa el\u00e4m\u00e4nlaatua ja pident\u00e4\u00e4 ik\u00e4\u00e4. Siit\u00e4 on selv\u00e4t s\u00e4velet ja tutkimukset. T\u00e4m\u00e4 selv\u00e4, uskon ja ymm\u00e4rr\u00e4n.<\/p>\n<figure id=\"attachment_6531\" aria-describedby=\"caption-attachment-6531\" style=\"width: 600px\" class=\"wp-caption aligncenter\"><img loading=\"lazy\" decoding=\"async\" class=\"wp-image-6531 size-full\" src=\"http:\/\/juhasiro.fi\/blogi\/wp-content\/uploads\/uni.png\" alt=\"\" width=\"600\" height=\"468\" srcset=\"http:\/\/juhasiro.fi\/blogi\/wp-content\/uploads\/uni.png 600w, http:\/\/juhasiro.fi\/blogi\/wp-content\/uploads\/uni-300x234.png 300w, http:\/\/juhasiro.fi\/blogi\/wp-content\/uploads\/uni-150x117.png 150w\" sizes=\"auto, (max-width: 600px) 100vw, 600px\" \/><figcaption id=\"caption-attachment-6531\" class=\"wp-caption-text\">Gustave Dor\u00e9: Danten Jumalainen n\u00e4ytelm\u00e4<\/figcaption><\/figure>\n<p class=\"MsoNormal\">Ote uuden hallituksen painopisteraportista. <em>Koulutus-, tiede- ja kulttuuripolitiikka<\/em>, sivu 35: \u201dHallitus l\u00e4htee siit\u00e4, ett\u00e4 kulttuurilla on keskeinen asema yhteiskuntaa rakennettaessa. Taide ja kulttuuri ovat ihmisen\u00e4 olemisen v\u00e4ltt\u00e4m\u00e4tt\u00f6mi\u00e4 perusasioita, joiden uutta luova vaikutus s\u00e4teilee el\u00e4m\u00e4n kaikille alueille.\u201d Luettu ja ymm\u00e4rretty.<\/p>\n<p class=\"MsoNormal\">Toimitin taannoin Jouni Inkalan kanssa MotMot -runouden vuosikirjan 2001. Tilasin siihen esseen <em>Kirsi Kunnakselta<\/em>. Se tuli aikanaan koneella naputeltuna v\u00e4h\u00e4ttelev\u00e4n saatekirjeen kera: \u201dJos sinusta tuntuu ettei t\u00e4llainen teksti sovi kirjaan niin anna olla, j\u00e4t\u00e4 pois.\u201d<\/p>\n<p class=\"MsoNormal\">Sattuneesta syyst\u00e4 luin taas uudelleen Kirsin esseen <em>Feeniks-lintu ja Ajan hyrr\u00e4<\/em>. Ymm\u00e4rrys avautui laakista. Vaikeat sanat: kulttuuri, el\u00e4m\u00e4nlaatu, taide, ihmisen\u00e4 oleminen, luova vaikutus&#8230; abstraktit ilmaisut saivat \u00e4kki\u00e4 tarkan ja yksil\u00f6llisen merkityksen.<\/p>\n<p class=\"MsoNormal\">Kirsi kirjoittaa nuoruuden parantola-ajastaan, josta muistaa kiihke\u00e4n halun odottaa y\u00f6t\u00e4, omaa yksityisyytt\u00e4\u00e4n ja unia, jotka toivat vastapainon p\u00e4iv\u00e4n sis\u00e4llyksett\u00f6myydelle ja tapahtumattomuudelle.<\/p>\n<p class=\"MsoNormal\">Ja siell\u00e4 ne ovat, lainauksen kaksi viimeist\u00e4 virkett\u00e4, jotka avaavat ymm\u00e4rryst\u00e4ni ja antavat syvemm\u00e4n merkityksen sanalle Kulttuuri.<\/p>\n<p class=\"MsoNormal\">\u201dN\u00e4m\u00e4 unet ja kuvitelmat min\u00e4 muistan. Siksi kai lukiessani vankiloista tai keskitysleireilt\u00e4 tai pakolaisleireilt\u00e4 hengiss\u00e4 selviytyneiden muistelmia samastun aina heid\u00e4n tarpeeseensa kuvitella, saada el\u00e4\u00e4 vaikka vain minimaalisen pieni hetki toisessa todellisuudessa, jossa er\u00e4maa kukkii, jossa ovat heid\u00e4n muistiinsa tallentuneet mielikuvat.<\/p>\n<p class=\"MsoNormal\">Antaessaan vaihtoehdon ne kasvavat korkoa, niist\u00e4 on tullut heille muistin pankkiin sijoitettu aarre, joka pit\u00e4\u00e4 heid\u00e4t j\u00e4rjiss\u00e4\u00e4n. Kulttuurin er\u00e4s t\u00e4rke\u00e4 teht\u00e4v\u00e4 onkin tuottaa sit\u00e4 aineistoa, el\u00e4myksi\u00e4 jotka tekev\u00e4t muistin arvokkaaksi. Ilman sit\u00e4 me menehdymme.\u201d<\/p>\n<p><!--EndFragment--><\/p>\n","protected":false},"excerpt":{"rendered":"<p>Tieto on vaarallista. Varsinkin varma tieto. Se tappaa kaiken kyseenalaistamisen. Ymm\u00e4rryksen kanssa on v\u00e4h\u00e4n niin ja n\u00e4in, sit\u00e4 saattaa omahyv\u00e4isesti kuvitella ymm\u00e4rt\u00e4v\u00e4ns\u00e4, mutta mit\u00e4 viel\u00e4. Kulttuuri parantaa el\u00e4m\u00e4nlaatua ja pident\u00e4\u00e4 ik\u00e4\u00e4. Siit\u00e4 on selv\u00e4t s\u00e4velet ja tutkimukset. T\u00e4m\u00e4 selv\u00e4, uskon ja ymm\u00e4rr\u00e4n. Ote uuden hallituksen painopisteraportista. Koulutus-, tiede- ja kulttuuripolitiikka, sivu 35: \u201dHallitus l\u00e4htee siit\u00e4, [&hellip;]<\/p>\n","protected":false},"author":2,"featured_media":0,"comment_status":"open","ping_status":"open","sticky":false,"template":"","format":"standard","meta":{"footnotes":""},"categories":[131,4,375,123,529],"tags":[963,964,455,2030,962],"class_list":["post-1584","post","type-post","status-publish","format-standard","hentry","category-esseet","category-kulttuuri","category-kulttuuripolitiikka","category-lukeminen","category-sivistys","tag-feeniks-lintu-ja-ajan-hyrra","tag-hallituksen-kulttuuriohjelma","tag-kirsi-kunnas","tag-kulttuuripolitiikka","tag-motmot"],"_links":{"self":[{"href":"http:\/\/juhasiro.fi\/blogi\/index.php?rest_route=\/wp\/v2\/posts\/1584","targetHints":{"allow":["GET"]}}],"collection":[{"href":"http:\/\/juhasiro.fi\/blogi\/index.php?rest_route=\/wp\/v2\/posts"}],"about":[{"href":"http:\/\/juhasiro.fi\/blogi\/index.php?rest_route=\/wp\/v2\/types\/post"}],"author":[{"embeddable":true,"href":"http:\/\/juhasiro.fi\/blogi\/index.php?rest_route=\/wp\/v2\/users\/2"}],"replies":[{"embeddable":true,"href":"http:\/\/juhasiro.fi\/blogi\/index.php?rest_route=%2Fwp%2Fv2%2Fcomments&post=1584"}],"version-history":[{"count":6,"href":"http:\/\/juhasiro.fi\/blogi\/index.php?rest_route=\/wp\/v2\/posts\/1584\/revisions"}],"predecessor-version":[{"id":6539,"href":"http:\/\/juhasiro.fi\/blogi\/index.php?rest_route=\/wp\/v2\/posts\/1584\/revisions\/6539"}],"wp:attachment":[{"href":"http:\/\/juhasiro.fi\/blogi\/index.php?rest_route=%2Fwp%2Fv2%2Fmedia&parent=1584"}],"wp:term":[{"taxonomy":"category","embeddable":true,"href":"http:\/\/juhasiro.fi\/blogi\/index.php?rest_route=%2Fwp%2Fv2%2Fcategories&post=1584"},{"taxonomy":"post_tag","embeddable":true,"href":"http:\/\/juhasiro.fi\/blogi\/index.php?rest_route=%2Fwp%2Fv2%2Ftags&post=1584"}],"curies":[{"name":"wp","href":"https:\/\/api.w.org\/{rel}","templated":true}]}}