{"id":1635,"date":"2011-11-10T20:02:29","date_gmt":"2011-11-10T17:02:29","guid":{"rendered":"http:\/\/juhasiro.fi\/blogi\/?p=1635"},"modified":"2011-11-10T20:02:29","modified_gmt":"2011-11-10T17:02:29","slug":"tasta-se-lahtee","status":"publish","type":"post","link":"http:\/\/juhasiro.fi\/blogi\/?p=1635","title":{"rendered":"T\u00e4st\u00e4 se l\u00e4htee?"},"content":{"rendered":"<p><!--StartFragment--><\/p>\n<p class=\"MsoNormal\"><img loading=\"lazy\" decoding=\"async\" class=\"aligncenter size-full wp-image-1636\" title=\"Pieni v\u00e4lihuuto!\" src=\"http:\/\/juhasiro.fi\/blogi\/wp-content\/uploads\/2011\/11\/valihuuto.jpg\" alt=\"Pieni v\u00e4lihuuto!\" width=\"515\" height=\"283\" srcset=\"http:\/\/juhasiro.fi\/blogi\/wp-content\/uploads\/2011\/11\/valihuuto.jpg 515w, http:\/\/juhasiro.fi\/blogi\/wp-content\/uploads\/2011\/11\/valihuuto-300x164.jpg 300w\" sizes=\"auto, (max-width: 515px) 100vw, 515px\" \/><\/p>\n<p class=\"MsoNormal\">En yrit\u00e4 t\u00e4\u00e4ll\u00e4 kammeta maailmaa jengoilleen. Tuskin edes kirjallisuutta. Niihin puuhiin riitt\u00e4\u00e4 innokkaita. Nyt jo arveluttaa palata apuraha-asioihin. Teen sen kuitenkin Pirkanmaan taidetoimikunnan j\u00e4senen roolissa.<\/p>\n<p class=\"MsoNormal\">Nappasin t\u00e4h\u00e4n kuvaleikkeen Taiteen keskustoimikunnan juuri saapuneesta kirjeest\u00e4. Siihen on kirjattu \u201dchecklist\u201d kaikkien taiteenalojen ty\u00f6skentelyapurahojen jakoa varten. Ehk\u00e4 kokonaisuudistuksen alku on t\u00e4ss\u00e4. Mihin se sitten johtaakaan.<\/p>\n<p class=\"MsoNormal\"><img loading=\"lazy\" decoding=\"async\" class=\"aligncenter size-full wp-image-1637\" title=\"Taiteen keskustoimikunta\" src=\"http:\/\/juhasiro.fi\/blogi\/wp-content\/uploads\/2011\/11\/taiteen-kt.jpg\" alt=\"Taiteen keskustoimikunta\" width=\"515\" height=\"528\" srcset=\"http:\/\/juhasiro.fi\/blogi\/wp-content\/uploads\/2011\/11\/taiteen-kt.jpg 515w, http:\/\/juhasiro.fi\/blogi\/wp-content\/uploads\/2011\/11\/taiteen-kt-292x300.jpg 292w\" sizes=\"auto, (max-width: 515px) 100vw, 515px\" \/><\/p>\n<p class=\"MsoNormal\">Muutama muistutus: T\u00e4m\u00e4 koskee siis alueellisia taidetoimikuntia. Rahaa jakavat monet muutkin tahot, valtio ja yksityiset s\u00e4\u00e4ti\u00f6t. Hesarin kuukausiliitteen taannoisesta provosoivasta artikkelista huolimatta totean, ett\u00e4 Taiteen keskustoimikunnan kirjastokorvausapurahat on jaettu t\u00e4ysin voimassaolevan lain mukaisesti.<\/p>\n<p class=\"MsoNormal\">Jutusta syntyneess\u00e4 kohussa osapuolet ovat puhuneet jatkuvasti toistensa ohi. Siit\u00e4, ett\u00e4 kirjallisuuden apurahat on nostettava edes pohjoismaiselle tasolle, ei liene erimielisyytt\u00e4. Ty\u00f6skentelyedellytysten turvaamiseen tarkoitetun rahan jakamisesta on. Jatketaanko satojatuhansia vuodessa tienaavien tukemista? Ydinkysymykseen harva on ottanut selke\u00e4sti kantaa.<\/p>\n<p class=\"MsoNormal\">Lopuksi nelj\u00e4 lense\u00e4\u00e4n syksyyn sopivaa s\u00e4ett\u00e4 Claes Anderssonin kokoelmasta Ajan meno. (suom. Jyrki Kiiskinen)<\/p>\n<p class=\"MsoNormal\"><span>V\u00e4hemm\u00e4st\u00e4kin voi menn\u00e4 maltti, muttei<\/span><\/p>\n<p class=\"MsoNormal\"><span>mene<\/span><\/p>\n<p class=\"MsoNormal\"><span>Leikit\u00e4\u00e4n ett\u00e4 sataa ja avataan<\/span><\/p>\n<p class=\"MsoNormal\"><span>sateenvarjot<\/span><\/p>\n<p><!--EndFragment--><\/p>\n","protected":false},"excerpt":{"rendered":"<p>En yrit\u00e4 t\u00e4\u00e4ll\u00e4 kammeta maailmaa jengoilleen. Tuskin edes kirjallisuutta. Niihin puuhiin riitt\u00e4\u00e4 innokkaita. Nyt jo arveluttaa palata apuraha-asioihin. Teen sen kuitenkin Pirkanmaan taidetoimikunnan j\u00e4senen roolissa. Nappasin t\u00e4h\u00e4n kuvaleikkeen Taiteen keskustoimikunnan juuri saapuneesta kirjeest\u00e4. Siihen on kirjattu \u201dchecklist\u201d kaikkien taiteenalojen ty\u00f6skentelyapurahojen jakoa varten. Ehk\u00e4 kokonaisuudistuksen alku on t\u00e4ss\u00e4. Mihin se sitten johtaakaan. Muutama muistutus: T\u00e4m\u00e4 koskee [&hellip;]<\/p>\n","protected":false},"author":2,"featured_media":0,"comment_status":"open","ping_status":"open","sticky":false,"template":"","format":"standard","meta":{"footnotes":""},"categories":[154,3,375],"tags":[968,378,988],"class_list":["post-1635","post","type-post","status-publish","format-standard","hentry","category-apurahat","category-kirjallisuus","category-kulttuuripolitiikka","tag-pirkanmaan-taidetoimikunta","tag-taiteen-keskustoimikunta","tag-tyoskentelyapurahat"],"_links":{"self":[{"href":"http:\/\/juhasiro.fi\/blogi\/index.php?rest_route=\/wp\/v2\/posts\/1635","targetHints":{"allow":["GET"]}}],"collection":[{"href":"http:\/\/juhasiro.fi\/blogi\/index.php?rest_route=\/wp\/v2\/posts"}],"about":[{"href":"http:\/\/juhasiro.fi\/blogi\/index.php?rest_route=\/wp\/v2\/types\/post"}],"author":[{"embeddable":true,"href":"http:\/\/juhasiro.fi\/blogi\/index.php?rest_route=\/wp\/v2\/users\/2"}],"replies":[{"embeddable":true,"href":"http:\/\/juhasiro.fi\/blogi\/index.php?rest_route=%2Fwp%2Fv2%2Fcomments&post=1635"}],"version-history":[{"count":4,"href":"http:\/\/juhasiro.fi\/blogi\/index.php?rest_route=\/wp\/v2\/posts\/1635\/revisions"}],"predecessor-version":[{"id":1641,"href":"http:\/\/juhasiro.fi\/blogi\/index.php?rest_route=\/wp\/v2\/posts\/1635\/revisions\/1641"}],"wp:attachment":[{"href":"http:\/\/juhasiro.fi\/blogi\/index.php?rest_route=%2Fwp%2Fv2%2Fmedia&parent=1635"}],"wp:term":[{"taxonomy":"category","embeddable":true,"href":"http:\/\/juhasiro.fi\/blogi\/index.php?rest_route=%2Fwp%2Fv2%2Fcategories&post=1635"},{"taxonomy":"post_tag","embeddable":true,"href":"http:\/\/juhasiro.fi\/blogi\/index.php?rest_route=%2Fwp%2Fv2%2Ftags&post=1635"}],"curies":[{"name":"wp","href":"https:\/\/api.w.org\/{rel}","templated":true}]}}