{"id":181,"date":"2009-07-27T17:00:30","date_gmt":"2009-07-27T14:00:30","guid":{"rendered":"http:\/\/juhasiro.fi\/blogi\/?p=181"},"modified":"2009-07-27T17:12:21","modified_gmt":"2009-07-27T14:12:21","slug":"marilynin-hiuspinnin-julkistus","status":"publish","type":"post","link":"http:\/\/juhasiro.fi\/blogi\/?p=181","title":{"rendered":"MARILYNIN HIUSPINNIN JULKISTUS"},"content":{"rendered":"<p>\u00a0<\/p>\n<p>Tapahtumien y\u00f6 j\u00e4rjestet\u00e4\u00e4n Tampereella torstaina 6.8.2009.<\/p>\n<p>Romaanini <em>Marilynin hiuspinni<\/em> julkistetaan Aketeemisen kirjakaupan haastattelussa klo 22.00, joka t\u00e4ten yst\u00e4v\u00e4llisen\u00e4 \u00a0K U T S U N A \u00a0ilmoitetaan.<\/p>\n<p>Haastattelutilaisuuden j\u00e4lkeen ep\u00e4viralliset jatkot ovat kirjakaupan &#8221;naapurissa&#8221; ravintola <em>Katupojassa<\/em>, Aleksanterinkatu 20.\u00a0<\/p>\n<p>Tarjoilut omalla vastuulla. Ei ohjelmaa. Sen sijaan ihmisi\u00e4, kuulumisia ja kirjallisia keskustelunaiheita. Jos liikut tapahtumien y\u00f6ss\u00e4 \u00a0T E R V E T U L O A !\u00a0<\/p>\n<p><img loading=\"lazy\" decoding=\"async\" class=\"aligncenter size-full wp-image-182\" title=\"Kuva Henrik Malmstr\u00f6m. (Fotofinlandian III palkinto 2008.)\" src=\"http:\/\/juhasiro.fi\/blogi\/wp-content\/uploads\/2009\/07\/henrik-malmstrom.jpg\" alt=\"Kuva Henrik Malmstr\u00f6m. (Fotofinlandian III palkinto 2008.)\" width=\"515\" height=\"344\" srcset=\"http:\/\/juhasiro.fi\/blogi\/wp-content\/uploads\/2009\/07\/henrik-malmstrom.jpg 515w, http:\/\/juhasiro.fi\/blogi\/wp-content\/uploads\/2009\/07\/henrik-malmstrom-300x200.jpg 300w\" sizes=\"auto, (max-width: 515px) 100vw, 515px\" \/><\/p>\n<p>Mietin kev\u00e4\u00e4ll\u00e4 millaisen kannen haluaisin uuteen kirjaani. Huomasin Hesarissa jutun Fotofinlandialla palkituista kuvaajista.\u00a0<a href=\"http:\/\/www.henrikmalmstrom.com\/\" target=\"_blank\"><strong>Henrik Malmstr\u00f6min<\/strong><\/a>\u00a0mustavalkoisissa kuvissa tehoaa pelkistetty ja k\u00e4sinkosketeltava tunnelma. Otin yhteytt\u00e4 ja sain kuvan k\u00e4ytt\u00f6\u00f6ni. Erityisesti minua vieh\u00e4tt\u00e4\u00e4 otoksen sensitiivinen lataus, joka saattaa ilment\u00e4\u00e4 yht\u00e4 hyvin iloa kuin suruakin. Tekstill\u00e4 on tilaa asettua kansien v\u00e4liin monesta kulmasta katsottuna.<\/p>\n<p>Kustantajani\u00a0<a title=\"Liken\" href=\"http:\/\/www.like.fi\/uutuudet.php\" target=\"_blank\"><strong>Liken<\/strong><\/a>\u00a0sivuilta ja\u00a0omilta <a title=\"kotisivuiltani\" href=\"http:\/\/www.juhasiro.fi\" target=\"_blank\"><strong>kotisivuiltani<\/strong><\/a> l\u00f6ytyy kirjan lukun\u00e4yte sek\u00e4 tietoa edellisist\u00e4 julkaisuista.<\/p>\n","protected":false},"excerpt":{"rendered":"<p>\u00a0 Tapahtumien y\u00f6 j\u00e4rjestet\u00e4\u00e4n Tampereella torstaina 6.8.2009. Romaanini Marilynin hiuspinni julkistetaan Aketeemisen kirjakaupan haastattelussa klo 22.00, joka t\u00e4ten yst\u00e4v\u00e4llisen\u00e4 \u00a0K U T S U N A \u00a0ilmoitetaan. Haastattelutilaisuuden j\u00e4lkeen ep\u00e4viralliset jatkot ovat kirjakaupan &#8221;naapurissa&#8221; ravintola Katupojassa, Aleksanterinkatu 20.\u00a0 Tarjoilut omalla vastuulla. Ei ohjelmaa. Sen sijaan ihmisi\u00e4, kuulumisia ja kirjallisia keskustelunaiheita. Jos liikut tapahtumien y\u00f6ss\u00e4 \u00a0T [&hellip;]<\/p>\n","protected":false},"author":2,"featured_media":0,"comment_status":"open","ping_status":"open","sticky":false,"template":"","format":"standard","meta":{"footnotes":""},"categories":[74,3,70,4,44],"tags":[77,80,78,76,75],"class_list":["post-181","post","type-post","status-publish","format-standard","hentry","category-julkistuskutsu","category-kirjallisuus","category-kirjat","category-kulttuuri","category-uutiset","tag-akateeminen-kirjakauppa","tag-henrik-malmstrom","tag-juha-siro","tag-marilynin-hiuspinni","tag-romaanit"],"_links":{"self":[{"href":"http:\/\/juhasiro.fi\/blogi\/index.php?rest_route=\/wp\/v2\/posts\/181","targetHints":{"allow":["GET"]}}],"collection":[{"href":"http:\/\/juhasiro.fi\/blogi\/index.php?rest_route=\/wp\/v2\/posts"}],"about":[{"href":"http:\/\/juhasiro.fi\/blogi\/index.php?rest_route=\/wp\/v2\/types\/post"}],"author":[{"embeddable":true,"href":"http:\/\/juhasiro.fi\/blogi\/index.php?rest_route=\/wp\/v2\/users\/2"}],"replies":[{"embeddable":true,"href":"http:\/\/juhasiro.fi\/blogi\/index.php?rest_route=%2Fwp%2Fv2%2Fcomments&post=181"}],"version-history":[{"count":9,"href":"http:\/\/juhasiro.fi\/blogi\/index.php?rest_route=\/wp\/v2\/posts\/181\/revisions"}],"predecessor-version":[{"id":191,"href":"http:\/\/juhasiro.fi\/blogi\/index.php?rest_route=\/wp\/v2\/posts\/181\/revisions\/191"}],"wp:attachment":[{"href":"http:\/\/juhasiro.fi\/blogi\/index.php?rest_route=%2Fwp%2Fv2%2Fmedia&parent=181"}],"wp:term":[{"taxonomy":"category","embeddable":true,"href":"http:\/\/juhasiro.fi\/blogi\/index.php?rest_route=%2Fwp%2Fv2%2Fcategories&post=181"},{"taxonomy":"post_tag","embeddable":true,"href":"http:\/\/juhasiro.fi\/blogi\/index.php?rest_route=%2Fwp%2Fv2%2Ftags&post=181"}],"curies":[{"name":"wp","href":"https:\/\/api.w.org\/{rel}","templated":true}]}}