{"id":2012,"date":"2012-04-17T12:19:37","date_gmt":"2012-04-17T09:19:37","guid":{"rendered":"http:\/\/juhasiro.fi\/blogi\/?p=2012"},"modified":"2012-04-17T12:19:37","modified_gmt":"2012-04-17T09:19:37","slug":"karhunpoika-sairastaa-hanta-hellikaamme","status":"publish","type":"post","link":"http:\/\/juhasiro.fi\/blogi\/?p=2012","title":{"rendered":"Karhunpoika sairastaa, h\u00e4nt\u00e4 hellik\u00e4\u00e4mme&#8230;"},"content":{"rendered":"<p>Hesarin kulttuuri uhraa t\u00e4n\u00e4\u00e4n aloitussivunsa Bj\u00f6rn Wahlroosin tuoreelle kirjalle <em>Markkinat ja demokratia. Loppu enemmist\u00f6n tyrannialle. <\/em><\/p>\n<p>Nimess\u00e4 on outo paradoksi. Demokratia on kansanvaltaa. Ja demokratiassa asioiden pit\u00e4isi edet\u00e4 enemmist\u00f6n tahdon mukaan. \u201dKansa on puhunut, pulinat pois.\u201d Johannes Virolaisen tokaisu j\u00e4i lent\u00e4v\u00e4ksi lauseeksi. Ei auta, vaikka yksitt\u00e4iset ajattelijat kokisivat olevansa kuinka oikeassa.<\/p>\n<p><img loading=\"lazy\" decoding=\"async\" class=\"aligncenter size-full wp-image-2015\" title=\"Helsingin Sanomat 17.4.2012\" src=\"http:\/\/juhasiro.fi\/blogi\/wp-content\/uploads\/2012\/04\/nalle.jpg\" alt=\"Helsingin Sanomat 17.4.2012\" width=\"515\" height=\"628\" srcset=\"http:\/\/juhasiro.fi\/blogi\/wp-content\/uploads\/2012\/04\/nalle.jpg 515w, http:\/\/juhasiro.fi\/blogi\/wp-content\/uploads\/2012\/04\/nalle-246x300.jpg 246w\" sizes=\"auto, (max-width: 515px) 100vw, 515px\" \/><\/p>\n<p>Lasse Rantasen piirt\u00e4m\u00e4 sivunkorkuinen kuva h\u00e4tk\u00e4hdytt\u00e4\u00e4. Se on taidokas, pirullisen piikik\u00e4s ja moneen suuntaan aukeava. Hyv\u00e4n maun rima v\u00e4r\u00e4ht\u00e4\u00e4. Monet pit\u00e4v\u00e4t julkista pilapiirrosta itsest\u00e4\u00e4n kunnianosoituksena. T\u00e4t\u00e4 Nalle tuskin kehyst\u00e4\u00e4 ty\u00f6huoneensa sein\u00e4lle.<\/p>\n<p>Hesarin arvion kirjoittaa Timo Harakka. Ter\u00e4v\u00e4 toimittaja, joka valmistelee Tampereen yliopistossa v\u00e4it\u00f6skirjaa talouden k\u00e4sitehistoriasta. Kompetenssi siis tuntuisi riitt\u00e4v\u00e4n. Avainsana on <em>k\u00e4sitehistoria<\/em>. Sen ev\u00e4ill\u00e4 Harakka kyseenalaistaa ja \u201doikoo\u201d Wahlroosin v\u00e4itteet kohta kohdalta:<\/p>\n<p>\u201dKoska Wahlroos ei perustele vakavasti uskomuksiaan, on pakko muistaa, ett\u00e4 h\u00e4n puhuu omassa asiassaan. <em>Markkinat ja demokratia<\/em> on s\u00e4\u00e4telem\u00e4tt\u00f6m\u00e4st\u00e4 rahoitusj\u00e4rjestelm\u00e4st\u00e4 hy\u00f6ty\u00e4 saavan, verojaan minimoivan miljon\u00e4\u00e4rin vetoomus ja uhkaus\u201d, Harakka kiteytt\u00e4\u00e4.<\/p>\n<p>Harakan p\u00e4\u00e4pointteja on, ett\u00e4 Wahlroos nojaa vanhentuneeseen tietoon, eik\u00e4 tunne markkina- ja taloustutkimuksen nykytilaa. H\u00e4n on juuttunut\u00a0 1980-luvun uusliberaalien taloustieteilij\u00f6iden n\u00e4kemyksiin, joita esittiv\u00e4t mm. Milton Friedman, Eugene Fama ja Gary Becker.<\/p>\n<p>Harakka l\u00f6yt\u00e4\u00e4 kirjasta yhden v\u00e4h\u00e4n valoisamman n\u00e4k\u00f6kulman: \u201dArvokkainta Markkinoissa ja demokratiassa on, ett\u00e4 lukija saa tilaisuuden tutustua miljon\u00e4\u00e4rin mielenmaisemaan ja p\u00e4\u00e4tell\u00e4, millaiset vaatteet keisarilla mahdollisesti on.\u201d<\/p>\n<p>Mielenmaiseman kuvausta ei l\u00f6ydy kritiikist\u00e4, mutta Aamulehti nostaa senkin esiin. Matti M\u00f6rttinen kirjoittaa: \u201dV\u00e4lill\u00e4 tuntuu, ett\u00e4 kirjaa tehdess\u00e4\u00e4n Wahlroosin on pit\u00e4nyt ravistella itse\u00e4\u00e4n \u00e4rsytt\u00e4m\u00e4\u00e4n. H\u00e4n tekee sit\u00e4 muun muassa kertomalla kirjoittavansa esipuhetta Gustaf Mauritz Armfeltin ty\u00f6p\u00f6yd\u00e4n \u00e4\u00e4ress\u00e4. Toisaalla h\u00e4n harmittelee luontotuhoja nostamalla sen seurauksista t\u00e4rke\u00e4ksi esimerkiksi vaikeudet saada mist\u00e4\u00e4n villisammen kaviaaria.\u201d<\/p>\n<p>\u2026\u2026\u2026\u2026\u2026\u2026&#8230;&#8230;&#8230;&#8230;&#8230;&#8230;&#8230;&#8230;&#8230;&#8230;..<\/p>\n<p>Laulussa kerrotaan, ett\u00e4 karhunpoika sairastaa, h\u00e4nt\u00e4 hellik\u00e4\u00e4mme. \u201dL\u00e4\u00e4kkehill\u00e4 hoidelkaa Nalleyst\u00e4v\u00e4\u00e4mme.\u201d En tunne tapausta niin tarkoin, ett\u00e4 ylt\u00e4isin diagnoosiin. Ehk\u00e4 runonp\u00e4tk\u00e4st\u00e4 olisi kuitenkin l\u00e4\u00e4kkeeksi. Vai pit\u00e4isik\u00f6 sanoa vastamyrkyksi. Laitetaan s\u00e4keisiin hippu romanttista paatosta ja ripaus sokeria, josko se sitten paremmin maistuisi:<\/p>\n<p>Seisot ruusutorilla, niin kuvittelet,<\/p>\n<p>olet vapauteen tuomittu.<\/p>\n<p>Sinua kaupataan voimakkaana ja terveen\u00e4,<\/p>\n<p>kun avaat suusi, joku jo tutkii hampaitasi.<\/p>\n<p>Sinua ylistet\u00e4\u00e4n, olet paljon enemm\u00e4n kuin hintasi arvoinen.<\/p>\n<p>Pysyt itsekin siin\u00e4 uskossa,<\/p>\n<p>jossa rahalla totuudet mitataan,<\/p>\n<p>yrit\u00e4t tehd\u00e4 voittoa jokaisen viivan alle.<\/p>\n<p>On mahdoton l\u00e4hte\u00e4 lentoon, eik\u00e4 sit\u00e4 halua<\/p>\n<p>edes todeksi uskoa.<\/p>\n<p>Vaan arvaamatta n\u00e4et taivaalla oudon linnun<\/p>\n<p>ja ihmettelet<\/p>\n<p>miten ihminen siivekk\u00e4\u00e4seen rakastuu.<\/p>\n","protected":false},"excerpt":{"rendered":"<p>Hesarin kulttuuri uhraa t\u00e4n\u00e4\u00e4n aloitussivunsa Bj\u00f6rn Wahlroosin tuoreelle kirjalle Markkinat ja demokratia. Loppu enemmist\u00f6n tyrannialle. Nimess\u00e4 on outo paradoksi. Demokratia on kansanvaltaa. Ja demokratiassa asioiden pit\u00e4isi edet\u00e4 enemmist\u00f6n tahdon mukaan. \u201dKansa on puhunut, pulinat pois.\u201d Johannes Virolaisen tokaisu j\u00e4i lent\u00e4v\u00e4ksi lauseeksi. Ei auta, vaikka yksitt\u00e4iset ajattelijat kokisivat olevansa kuinka oikeassa. Lasse Rantasen piirt\u00e4m\u00e4 sivunkorkuinen kuva [&hellip;]<\/p>\n","protected":false},"author":2,"featured_media":0,"comment_status":"open","ping_status":"open","sticky":false,"template":"","format":"standard","meta":{"footnotes":""},"categories":[102,358,7,683,12],"tags":[155,885,81,1132,1131,1130],"class_list":["post-2012","post","type-post","status-publish","format-standard","hentry","category-demokratia","category-journalismi","category-lehtileikkeet","category-tietokirjat","category-ymparisto","tag-aamulehti","tag-bjorn-wahlroos","tag-helsingin-sanomat","tag-lasse-rantanen","tag-markkinat-ja-demokratia-loppu-enemmiston-tyrannialle","tag-timo-harakka"],"_links":{"self":[{"href":"http:\/\/juhasiro.fi\/blogi\/index.php?rest_route=\/wp\/v2\/posts\/2012","targetHints":{"allow":["GET"]}}],"collection":[{"href":"http:\/\/juhasiro.fi\/blogi\/index.php?rest_route=\/wp\/v2\/posts"}],"about":[{"href":"http:\/\/juhasiro.fi\/blogi\/index.php?rest_route=\/wp\/v2\/types\/post"}],"author":[{"embeddable":true,"href":"http:\/\/juhasiro.fi\/blogi\/index.php?rest_route=\/wp\/v2\/users\/2"}],"replies":[{"embeddable":true,"href":"http:\/\/juhasiro.fi\/blogi\/index.php?rest_route=%2Fwp%2Fv2%2Fcomments&post=2012"}],"version-history":[{"count":4,"href":"http:\/\/juhasiro.fi\/blogi\/index.php?rest_route=\/wp\/v2\/posts\/2012\/revisions"}],"predecessor-version":[{"id":2017,"href":"http:\/\/juhasiro.fi\/blogi\/index.php?rest_route=\/wp\/v2\/posts\/2012\/revisions\/2017"}],"wp:attachment":[{"href":"http:\/\/juhasiro.fi\/blogi\/index.php?rest_route=%2Fwp%2Fv2%2Fmedia&parent=2012"}],"wp:term":[{"taxonomy":"category","embeddable":true,"href":"http:\/\/juhasiro.fi\/blogi\/index.php?rest_route=%2Fwp%2Fv2%2Fcategories&post=2012"},{"taxonomy":"post_tag","embeddable":true,"href":"http:\/\/juhasiro.fi\/blogi\/index.php?rest_route=%2Fwp%2Fv2%2Ftags&post=2012"}],"curies":[{"name":"wp","href":"https:\/\/api.w.org\/{rel}","templated":true}]}}