{"id":2110,"date":"2012-05-26T12:42:00","date_gmt":"2012-05-26T09:42:00","guid":{"rendered":"http:\/\/juhasiro.fi\/blogi\/?p=2110"},"modified":"2012-05-26T12:56:13","modified_gmt":"2012-05-26T09:56:13","slug":"perjantairunon-sota-ja-rauha","status":"publish","type":"post","link":"http:\/\/juhasiro.fi\/blogi\/?p=2110","title":{"rendered":"Perjantairunon Sota ja rauha"},"content":{"rendered":"<p>Ty\u00f6skentelen ensi marraskuun Ateenassa. Kirjailijaliiton k\u00e4mpp\u00e4 on valtav\u00e4yl\u00e4 Aleksdrasin pienell\u00e4 Soutsou-poikkikadulla. Levottomuudet keskittyv\u00e4t yleens\u00e4 Syntagma-aukiolle ja sen l\u00e4hikaduille.<\/p>\n<p><img loading=\"lazy\" decoding=\"async\" class=\"aligncenter size-full wp-image-2112\" title=\"Kuva: Petros Giannakouris\" src=\"http:\/\/juhasiro.fi\/blogi\/wp-content\/uploads\/2012\/05\/kreikka1.jpeg\" alt=\"Kuva: Petros Giannakouris\" width=\"515\" height=\"367\" srcset=\"http:\/\/juhasiro.fi\/blogi\/wp-content\/uploads\/2012\/05\/kreikka1.jpeg 515w, http:\/\/juhasiro.fi\/blogi\/wp-content\/uploads\/2012\/05\/kreikka1-300x213.jpg 300w\" sizes=\"auto, (max-width: 515px) 100vw, 515px\" \/><\/p>\n<p>\u201dMeid\u00e4n\u201d kulmilla saattavat silti mielenosoittajat marssia kohti keskustaa. Poliisiketjut kiristyv\u00e4t Aleksandrasille ja kyynelkaasun katku tuntuu kurkussa. Poimin ensimm\u00e4isen kuvan uutisvirrasta, vaikka omiakin olisi. T\u00e4m\u00e4 ei silti ole Perjantairunon pointti.<\/p>\n<p>Toisen kuvan nappasin viime k\u00e4ynnill\u00e4 l\u00e4hell\u00e4 Syntagmaa. Pari tuntia ennen kuin mielenosoittajat kokoontuivat ja ensimm\u00e4iset roskakorit sytytettiin.<\/p>\n<p><img loading=\"lazy\" decoding=\"async\" class=\"aligncenter size-full wp-image-2113\" title=\"Juha Siro: Ateenan kahvilassa.\" src=\"http:\/\/juhasiro.fi\/blogi\/wp-content\/uploads\/2012\/05\/kreikka2.jpg\" alt=\"Juha Siro: Ateenan kahvilassa.\" width=\"515\" height=\"453\" srcset=\"http:\/\/juhasiro.fi\/blogi\/wp-content\/uploads\/2012\/05\/kreikka2.jpg 515w, http:\/\/juhasiro.fi\/blogi\/wp-content\/uploads\/2012\/05\/kreikka2-300x263.jpg 300w\" sizes=\"auto, (max-width: 515px) 100vw, 515px\" \/><\/p>\n<p>Perjantairunon asia on el\u00e4m\u00e4ss\u00e4, joka uutisista huolimatta jatkuu niin monella tasolla. Yht\u00e4 hyvin nyt kuin tuhansia vuosia sitten. T\u00e4m\u00e4 p\u00e4iv\u00e4 on aina historian p\u00e4\u00e4tepiste \u2013 siin\u00e4 on kaikki. Kunnes nousee uusi aamu.<\/p>\n<p>Teksti numero 246 tulee tekeill\u00e4 olevasta kokoelmasta BABEL. Tarina taivaita kurottavasta tornista on niin vanha, ett\u00e4 se on jo aika p\u00e4ivitt\u00e4\u00e4.<\/p>\n<p>\u2026\u2026\u2026\u2026\u2026\u2026\u2026\u2026\u2026\u2026\u2026\u2026\u2026\u2026\u2026\u2026\u2026\u2026\u2026\u2026\u2026\u2026\u2026\u2026\u2026\u2026\u2026\u2026\u2026.<\/p>\n<p>Kello 12.09<\/p>\n<p>Polkupy\u00f6r\u00e4 Pireuksen satamassa, vanha r\u00e4m\u00e4 k\u00e4velysillan kupeessa, Leonardon lentolaitteen ik\u00e4inen, satulan sivuilla j\u00e4ttil\u00e4islepakon siivet mustaa pergamiinia, luiset ruoteet. Oi miten sininen saattaa olla taivas. Aurinko helisee sataman yll\u00e4, keskip\u00e4iv\u00e4n k\u00e4mmenell\u00e4 meren tyynet valopisarat \u2013 mik\u00e4 riemu polkea yh\u00e4 ylemm\u00e4s! Muskeliveneiden kupeilla kelluvat kurjat kalastajapaatit, ouzontuoksuiset s\u00e4nkileuat setviv\u00e4t sotkuisia verkkoja, siimalaatikot ja muovisaavit: mustekalaa merianturaa makrillia miekkakalaa garab\u00eddesta ja barb\u00faniaa rannan ravintoloihin. Horisontin viiva hapertuu, vuoren rinteelle viskatut talot hohkavat s\u00e4\u00e4lim\u00e4t\u00f6nt\u00e4 valoa, syvyyksiss\u00e4 liehuvat sardelliparvien hopeiset viirit. Tavoitan Neitsyt Marian ikonit ja Plakan kappelissa syttyv\u00e4t tuohukset, kaupungin kattilan ylle nousevan pakokaasupilven ja turistit, joiden huomio her\u00e4tet\u00e4\u00e4n s\u00e4rkem\u00e4ll\u00e4 lautaset katuun ravintolan edess\u00e4. Mielenosoittajat viskovat polttopullonsa ja sytytt\u00e4v\u00e4t roska-astiat tuleen, mustat miehet kauppaavat piraattikamaa, Akropoliin p\u00e4\u00e4ll\u00e4 temppelin rauniot jatkavat taisteluaan, ihmeellist\u00e4 ettei sinne ole syntynyt uusia jumalia tuhansiin vuosiin, ehk\u00e4 entiset nelj\u00e4kymment\u00e4kaksi ovat kyllin. En ajattele Ikarosta, t\u00e4m\u00e4 on merta, tuulta ja yl\u00f6snousemuksen valoa. Huvijahdin kannelle nousee Afrodite, nainen joka riisuu susiturkkinsa, viskaa sen alleen ja asettuu kannelle palvomaan aurinkoa alastomana. Laiturilta veteen ty\u00f6nnetty ostosk\u00e4rry kasvaa pohjassa merenkarvaista vihre\u00e4\u00e4, lev\u00e4 huojahtelee laineiden tahtiin, kun koliseva kromih\u00e4kki on viimein alkanut el\u00e4\u00e4.<\/p>\n<p>\u2026\u2026\u2026\u2026\u2026\u2026\u2026\u2026\u2026\u2026\u2026\u2026\u2026\u2026\u2026\u2026\u2026\u2026\u2026\u2026\u2026\u2026\u2026\u2026\u2026\u2026\u2026\u2026\u2026..<\/p>\n","protected":false},"excerpt":{"rendered":"<p>Ty\u00f6skentelen ensi marraskuun Ateenassa. Kirjailijaliiton k\u00e4mpp\u00e4 on valtav\u00e4yl\u00e4 Aleksdrasin pienell\u00e4 Soutsou-poikkikadulla. Levottomuudet keskittyv\u00e4t yleens\u00e4 Syntagma-aukiolle ja sen l\u00e4hikaduille. \u201dMeid\u00e4n\u201d kulmilla saattavat silti mielenosoittajat marssia kohti keskustaa. Poliisiketjut kiristyv\u00e4t Aleksandrasille ja kyynelkaasun katku tuntuu kurkussa. Poimin ensimm\u00e4isen kuvan uutisvirrasta, vaikka omiakin olisi. T\u00e4m\u00e4 ei silti ole Perjantairunon pointti. Toisen kuvan nappasin viime k\u00e4ynnill\u00e4 l\u00e4hell\u00e4 Syntagmaa. Pari [&hellip;]<\/p>\n","protected":false},"author":2,"featured_media":0,"comment_status":"open","ping_status":"open","sticky":false,"template":"","format":"standard","meta":{"footnotes":""},"categories":[723,64,4,1096],"tags":[1179,2028,2033,281,1178],"class_list":["post-2110","post","type-post","status-publish","format-standard","hentry","category-antiikin-tarut","category-kirjalliset-nayttamot","category-kulttuuri","category-perjantairuno","tag-afrodite","tag-ateena","tag-babel","tag-pireus","tag-syntagma"],"_links":{"self":[{"href":"http:\/\/juhasiro.fi\/blogi\/index.php?rest_route=\/wp\/v2\/posts\/2110","targetHints":{"allow":["GET"]}}],"collection":[{"href":"http:\/\/juhasiro.fi\/blogi\/index.php?rest_route=\/wp\/v2\/posts"}],"about":[{"href":"http:\/\/juhasiro.fi\/blogi\/index.php?rest_route=\/wp\/v2\/types\/post"}],"author":[{"embeddable":true,"href":"http:\/\/juhasiro.fi\/blogi\/index.php?rest_route=\/wp\/v2\/users\/2"}],"replies":[{"embeddable":true,"href":"http:\/\/juhasiro.fi\/blogi\/index.php?rest_route=%2Fwp%2Fv2%2Fcomments&post=2110"}],"version-history":[{"count":4,"href":"http:\/\/juhasiro.fi\/blogi\/index.php?rest_route=\/wp\/v2\/posts\/2110\/revisions"}],"predecessor-version":[{"id":2116,"href":"http:\/\/juhasiro.fi\/blogi\/index.php?rest_route=\/wp\/v2\/posts\/2110\/revisions\/2116"}],"wp:attachment":[{"href":"http:\/\/juhasiro.fi\/blogi\/index.php?rest_route=%2Fwp%2Fv2%2Fmedia&parent=2110"}],"wp:term":[{"taxonomy":"category","embeddable":true,"href":"http:\/\/juhasiro.fi\/blogi\/index.php?rest_route=%2Fwp%2Fv2%2Fcategories&post=2110"},{"taxonomy":"post_tag","embeddable":true,"href":"http:\/\/juhasiro.fi\/blogi\/index.php?rest_route=%2Fwp%2Fv2%2Ftags&post=2110"}],"curies":[{"name":"wp","href":"https:\/\/api.w.org\/{rel}","templated":true}]}}