{"id":2245,"date":"2012-07-13T12:29:26","date_gmt":"2012-07-13T09:29:26","guid":{"rendered":"http:\/\/juhasiro.fi\/blogi\/?p=2245"},"modified":"2012-07-13T12:36:23","modified_gmt":"2012-07-13T09:36:23","slug":"perjantairuno-kuoleman-kintereilla","status":"publish","type":"post","link":"http:\/\/juhasiro.fi\/blogi\/?p=2245","title":{"rendered":"Perjantairuno kuoleman kintereill\u00e4"},"content":{"rendered":"<p>Lainasin edellisen perjantain tekstiin laulun sanoja siit\u00e4 miten j\u00e4tk\u00e4lle ei romantiikka sovi. Yst\u00e4v\u00e4 Facebookissa kysyi teenk\u00f6 siis \u201dj\u00e4tkille\u201d oman ja karumman tekstin?<\/p>\n<p><img loading=\"lazy\" decoding=\"async\" class=\"aligncenter size-full wp-image-2247\" title=\"Budapest 1956.\" src=\"http:\/\/juhasiro.fi\/blogi\/wp-content\/uploads\/2012\/07\/1956.jpg\" alt=\"Budapest 1956.\" width=\"515\" height=\"396\" srcset=\"http:\/\/juhasiro.fi\/blogi\/wp-content\/uploads\/2012\/07\/1956.jpg 515w, http:\/\/juhasiro.fi\/blogi\/wp-content\/uploads\/2012\/07\/1956-300x230.jpg 300w\" sizes=\"auto, (max-width: 515px) 100vw, 515px\" \/><\/p>\n<p>Lupasin ainakin jotain erilaista. Unkarin kansannousu leimahti ja tukahdutettiin 1956. Albert Camus ja Jean-Paul Sartre olivat aikalaistodistajia. Itse ehdin Budapestiin vasta muistop\u00e4iv\u00e4n\u00e4 viisikymment\u00e4 vuotta my\u00f6hemmin.<\/p>\n<p><img loading=\"lazy\" decoding=\"async\" class=\"aligncenter size-full wp-image-2248\" title=\"Budapest 1956.\" src=\"http:\/\/juhasiro.fi\/blogi\/wp-content\/uploads\/2012\/07\/19561.jpg\" alt=\"Budapest 1956.\" width=\"515\" height=\"393\" srcset=\"http:\/\/juhasiro.fi\/blogi\/wp-content\/uploads\/2012\/07\/19561.jpg 515w, http:\/\/juhasiro.fi\/blogi\/wp-content\/uploads\/2012\/07\/19561-300x228.jpg 300w\" sizes=\"auto, (max-width: 515px) 100vw, 515px\" \/><\/p>\n<p>P\u00e4iv\u00e4n tekstit tulevat ensi tammikuussa julkaistavasta kokoelmasta Babel. Kirjan kaikkialle haarova rihmasto ottaa maailman haltuunsa ja puristaa sen yksien kansien v\u00e4liin. T\u00e4ss\u00e4 tekstit 86 ja 87. Ei romantiikkaa. Vain havaittava hippu melodraamaa.<\/p>\n<p>\u2026\u2026\u2026\u2026\u2026\u2026\u2026\u2026\u2026\u2026\u2026\u2026\u2026\u2026\u2026\u2026\u2026\u2026\u2026\u2026\u2026\u2026\u2026\u2026\u2026\u2026\u2026\u2026..<\/p>\n<p>Camus ep\u00e4ili Jean-Paul S:n tavoin<\/p>\n<p>olemassaolon tarkoitusta \u2013 ett\u00e4 se on tarkoituksetonta.<\/p>\n<p>S. kirjoitti romaanissaan: \u201dJuuri se minua \u00e4rsyttikin,<\/p>\n<p>maailman, tuon juosta jolkottavan toukan<\/p>\n<p>olemassaoloon ei ollut mink\u00e4\u00e4nlaista syyt\u00e4.\u201d<\/p>\n<p>\u2026\u2026\u2026\u2026\u2026\u2026\u2026\u2026\u2026\u2026\u2026\u2026\u2026\u2026\u2026\u2026\u2026\u2026\u2026\u2026\u2026\u2026\u2026\u2026\u2026\u2026\u2026\u2026..<\/p>\n<p>Ent\u00e4 Unkarin kansanousu<\/p>\n<p>l\u00e4hes kuusikymment\u00e4 vuotta sitten, reik\u00e4liput<\/p>\n<p>joiden keskelt\u00e4 vallankumoukselliset olivat leikanneet<\/p>\n<p>kommunistisen puolueen vaakunat,<\/p>\n<p>100.000 puna-armeijan sotilasta<\/p>\n<p>kaduilla kirskuvat panssarivaunujen telaketjut<\/p>\n<p>liki nelj\u00e4tuhatta kuollutta ja kaksisataatuhatta<\/p>\n<p>kotimaastaan paennutta,<\/p>\n<p>kaksikymment\u00e4viisituhatta vankilassa viruvaa<\/p>\n<p>ja kaksisataakolmekymment\u00e4<\/p>\n<p>kuolemantuomiota.<\/p>\n<p>Maailman toukka on hengiss\u00e4 yh\u00e4,<\/p>\n<p>ilman syyt\u00e4 \u2013 tai hyv\u00e4st\u00e4 syyst\u00e4.<\/p>\n<p>Ep\u00e4ilem\u00e4tt\u00e4 j\u00e4lkimm\u00e4isen t\u00e4hden. El\u00e4m\u00e4n arvo<\/p>\n<p>on niin kovaa valuuttaa, ett\u00e4 toiset ovat valmiita<\/p>\n<p>vaihtamaan sen kuolemaan.<\/p>\n<p>\u2026\u2026\u2026\u2026\u2026\u2026\u2026\u2026\u2026\u2026\u2026\u2026\u2026\u2026\u2026\u2026\u2026\u2026\u2026\u2026\u2026\u2026\u2026\u2026\u2026\u2026\u2026\u2026.<\/p>\n<p>Kuvat: Militaryphotos.net<\/p>\n<p>P.S. Tein blogiin rakkauden ja romantiikan l\u00e4hettil\u00e4ist\u00e4 p\u00e4ivityksen 8.7.2010. Jutussa arvioidaan Juice Leskisen ja Tommy Tabermanin koottujen runojen kokoelmat. <strong><a href=\"http:\/\/juhasiro.fi\/blogi\/?p=915\" target=\"_blank\">Linkki t\u00e4st\u00e4<\/a><\/strong>.<\/p>\n<p>&#8230;&#8230;&#8230;&#8230;&#8230;&#8230;&#8230;&#8230;&#8230;&#8230;&#8230;&#8230;&#8230;&#8230;&#8230;&#8230;&#8230;&#8230;&#8230;&#8230;&#8230;&#8230;&#8230;&#8230;&#8230;&#8230;<\/p>\n","protected":false},"excerpt":{"rendered":"<p>Lainasin edellisen perjantain tekstiin laulun sanoja siit\u00e4 miten j\u00e4tk\u00e4lle ei romantiikka sovi. Yst\u00e4v\u00e4 Facebookissa kysyi teenk\u00f6 siis \u201dj\u00e4tkille\u201d oman ja karumman tekstin? Lupasin ainakin jotain erilaista. Unkarin kansannousu leimahti ja tukahdutettiin 1956. Albert Camus ja Jean-Paul Sartre olivat aikalaistodistajia. Itse ehdin Budapestiin vasta muistop\u00e4iv\u00e4n\u00e4 viisikymment\u00e4 vuotta my\u00f6hemmin. P\u00e4iv\u00e4n tekstit tulevat ensi tammikuussa julkaistavasta kokoelmasta Babel. [&hellip;]<\/p>\n","protected":false},"author":2,"featured_media":0,"comment_status":"open","ping_status":"open","sticky":false,"template":"","format":"standard","meta":{"footnotes":""},"categories":[64,1096,196],"tags":[207,2033,1231,1232,1233],"class_list":["post-2245","post","type-post","status-publish","format-standard","hentry","category-kirjalliset-nayttamot","category-perjantairuno","category-totalitarismi","tag-albert-camus","tag-babel","tag-budapest-1956","tag-jean-paul-sartre","tag-unkarin-kansannousu"],"_links":{"self":[{"href":"http:\/\/juhasiro.fi\/blogi\/index.php?rest_route=\/wp\/v2\/posts\/2245","targetHints":{"allow":["GET"]}}],"collection":[{"href":"http:\/\/juhasiro.fi\/blogi\/index.php?rest_route=\/wp\/v2\/posts"}],"about":[{"href":"http:\/\/juhasiro.fi\/blogi\/index.php?rest_route=\/wp\/v2\/types\/post"}],"author":[{"embeddable":true,"href":"http:\/\/juhasiro.fi\/blogi\/index.php?rest_route=\/wp\/v2\/users\/2"}],"replies":[{"embeddable":true,"href":"http:\/\/juhasiro.fi\/blogi\/index.php?rest_route=%2Fwp%2Fv2%2Fcomments&post=2245"}],"version-history":[{"count":5,"href":"http:\/\/juhasiro.fi\/blogi\/index.php?rest_route=\/wp\/v2\/posts\/2245\/revisions"}],"predecessor-version":[{"id":2252,"href":"http:\/\/juhasiro.fi\/blogi\/index.php?rest_route=\/wp\/v2\/posts\/2245\/revisions\/2252"}],"wp:attachment":[{"href":"http:\/\/juhasiro.fi\/blogi\/index.php?rest_route=%2Fwp%2Fv2%2Fmedia&parent=2245"}],"wp:term":[{"taxonomy":"category","embeddable":true,"href":"http:\/\/juhasiro.fi\/blogi\/index.php?rest_route=%2Fwp%2Fv2%2Fcategories&post=2245"},{"taxonomy":"post_tag","embeddable":true,"href":"http:\/\/juhasiro.fi\/blogi\/index.php?rest_route=%2Fwp%2Fv2%2Ftags&post=2245"}],"curies":[{"name":"wp","href":"https:\/\/api.w.org\/{rel}","templated":true}]}}