{"id":2703,"date":"2013-01-29T14:33:46","date_gmt":"2013-01-29T11:33:46","guid":{"rendered":"http:\/\/juhasiro.fi\/blogi\/?p=2703"},"modified":"2015-01-09T13:13:05","modified_gmt":"2015-01-09T11:13:05","slug":"mestarin-sana","status":"publish","type":"post","link":"http:\/\/juhasiro.fi\/blogi\/?p=2703","title":{"rendered":"Mestarin sana"},"content":{"rendered":"<p>Parin jutun takaisessa postauksessani puhuin rutiinien suomasta turvan tunteesta. Lauantai-aamuisin olisi t\u00e4hdellisimpi\u00e4kin toimia, mutta on nautittavaa lojua s\u00e4ngyss\u00e4 p\u00e4iv\u00e4n lehtien kanssa.<\/p>\n<p>Tampereen ev.lut. seurakunnan paimenet saavat vuorollaan lauantain Aamulehteen tuhannen taalan paikan. Jutun otsikkona on SANA. Tuhannenviidensadan merkin mahdollisuus tarjota lukijoille lohtua, toivoa, tietoa, armoa ja iloa.<\/p>\n<p><img loading=\"lazy\" decoding=\"async\" class=\"aligncenter size-full wp-image-2705\" title=\"Kuva Budapestin Terrorismin museosta.\" alt=\"Kuva Budapestin Terrorismin museosta.\" src=\"http:\/\/juhasiro.fi\/blogi\/wp-content\/uploads\/2013\/01\/budapest.jpg\" width=\"515\" height=\"386\" srcset=\"http:\/\/juhasiro.fi\/blogi\/wp-content\/uploads\/2013\/01\/budapest.jpg 515w, http:\/\/juhasiro.fi\/blogi\/wp-content\/uploads\/2013\/01\/budapest-300x224.jpg 300w\" sizes=\"auto, (max-width: 515px) 100vw, 515px\" \/><\/p>\n<p>Aloitan lukemisen usein, vain lopettaakseni parin kappaleen j\u00e4lkeen. T\u00e4ss\u00e4 p\u00e4iv\u00e4ss\u00e4 el\u00e4v\u00e4n sanan sijaan ne tarjoavat tuhannesti toistettuja kliseit\u00e4, saippuapallon liukkaita ajatuksia ja raamatun sitaatteja, joiden yleisp\u00e4tevyyteen sopii haudata konkreettisten kysymysten ongelmat.<\/p>\n<p>Silloin, kun n\u00e4in ei tapahdu, sopii antaa palautetta ja pist\u00e4\u00e4 kiitokset. Joskus olen l\u00e4hett\u00e4nyt ne henkil\u00f6kohtaisesti. Nyt pistet\u00e4\u00e4n kaikkien tietoon. Erosin kirkosta aikanaan. Heinim\u00e4en Jaakko, pappi ja kirjailija, on toivottanut tervetulleeksi takaisin. Se pist\u00e4\u00e4 jo funtsimaan.<\/p>\n<p>Viime sunnuntai oli Vainojen uhrien muistop\u00e4iv\u00e4. Aamulehden lauantaikolumnissaan 26.1. Reijo Ylimys ei pelk\u00e4\u00e4. H\u00e4n uskaltaa ottaa kantaa sellaisen etiikan puolesta, jonka uskon kirkon teht\u00e4v\u00e4ksi. Hyv\u00e4\u00e4 kielt\u00e4 ja kirkas ajatus. Ei oletettavaa vastausta ja valmiita sitaatteja vaan kysymys, jota sopii punnita. Olkaa hyv\u00e4, t\u00e4ss\u00e4 koko juttu:<\/p>\n<p><strong>Menk\u00e4\u00e4 ja tutkikaa<\/strong><\/p>\n<p>Huomenna on vainojen uhrien muistop\u00e4iv\u00e4. T\u00e4rke\u00e4 p\u00e4iv\u00e4, jokainen p\u00e4iv\u00e4 kun n\u00e4ytt\u00e4\u00e4 olevan vainojen p\u00e4iv\u00e4. Kaukana ja l\u00e4hell\u00e4.<\/p>\n<p>Meid\u00e4n aikamme, ihmiskunnan ajoista kirjaviisain ja vaurain, on synnytt\u00e4nyt miljoonien ihmisten kodittoman joukon. Se vaeltaa n\u00e4l\u00e4n, k\u00f6yhyyden, vainon tai sodan vuoksi kuin outo lauma maasta ja mantereelta toiselle. T\u00e4m\u00e4n joukon eteen nostetaan\u00a0 k\u00e4si, kiv\u00e4\u00e4rin piippu, ymp\u00e4rille muuri, piikkilankaeste. Me sanomme heille: menk\u00e4\u00e4 kotiinne. Ja hyvin tied\u00e4mme, ettei sit\u00e4 kotia ole miss\u00e4\u00e4n.<\/p>\n<p>Yht\u00e4 lailla rauhanomaisimmissa korkean elintason maissa on moni koditon, turvaton, osaton, vieras ja muukalainen.<\/p>\n<p>Muistakaamme, kenen kuva on ihmisess\u00e4. Rahassa on keisarin.<\/p>\n<p>Pelosta teemme niin paljon, ja niin paljon hyv\u00e4\u00e4 j\u00e4t\u00e4mme peloissamme tekem\u00e4tt\u00e4. Luulisi meill\u00e4 kristityill\u00e4 olevan syd\u00e4n n\u00e4hd\u00e4 ja perustavaa syyt\u00e4 puuttua kaikkeen vainoon.<\/p>\n<p>Tied\u00e4mme, ett\u00e4 Vapahtajamme joutui henkens\u00e4 s\u00e4ilytt\u00e4\u00e4kseen viett\u00e4m\u00e4\u00e4n el\u00e4m\u00e4ns\u00e4 ensi vuodet pakolaislapsena vieraalla maalla. Valtansa menett\u00e4misen pelossa silloinen hallitsija v\u00e4rj\u00e4ytti miekat. Nyt sama k\u00e4y siistin\u00e4 sis\u00e4ty\u00f6n\u00e4 budjettipunakyn\u00e4ll\u00e4. Ja aina kolmanteen ja nelj\u00e4nteen polveen, vaikutuksiltaan kertautuneena, ulottuvat n\u00e4m\u00e4 raakuudet. Pelko lienee maailmaa eniten ohjaava tunne ja voima, ja jalostaa omantunnon ongelmaj\u00e4tteeksi.<\/p>\n<p>Ihmispolttoainetta, Jumalan kuvalla k\u00e4y vapaan markkinatalouden kone. Ja se ei k\u00e4y. \u00c4l\u00e4 pelk\u00e4\u00e4.<\/p>\n<p>Mit\u00e4 t\u00e4m\u00e4 tarkoittaa: Armahtavaisuutta min\u00e4 tahdon, on Mestarin sana.<\/p>\n<p>\u2026\u2026\u2026\u2026\u2026\u2026\u2026\u2026\u2026\u2026\u2026\u2026\u2026\u2026\u2026\u2026\u2026\u2026\u2026\u2026\u2026\u2026\u2026\u2026\u2026<\/p>\n<p>Kuva Budapestin Terrorismin museosta.<\/p>\n","protected":false},"excerpt":{"rendered":"<p>Parin jutun takaisessa postauksessani puhuin rutiinien suomasta turvan tunteesta. Lauantai-aamuisin olisi t\u00e4hdellisimpi\u00e4kin toimia, mutta on nautittavaa lojua s\u00e4ngyss\u00e4 p\u00e4iv\u00e4n lehtien kanssa. Tampereen ev.lut. seurakunnan paimenet saavat vuorollaan lauantain Aamulehteen tuhannen taalan paikan. Jutun otsikkona on SANA. Tuhannenviidensadan merkin mahdollisuus tarjota lukijoille lohtua, toivoa, tietoa, armoa ja iloa. Aloitan lukemisen usein, vain lopettaakseni parin kappaleen j\u00e4lkeen. [&hellip;]<\/p>\n","protected":false},"author":2,"featured_media":0,"comment_status":"open","ping_status":"open","sticky":false,"template":"","format":"standard","meta":{"footnotes":""},"categories":[358,7,431,332],"tags":[155,1083,1408,1409],"class_list":["post-2703","post","type-post","status-publish","format-standard","hentry","category-journalismi","category-lehtileikkeet","category-mielipidekirjoitukset","category-usko-ja-uskonnot","tag-aamulehti","tag-jaakko-heinimaki","tag-reijo-ylimys","tag-vainojen-uhrien-muistopaiva"],"_links":{"self":[{"href":"http:\/\/juhasiro.fi\/blogi\/index.php?rest_route=\/wp\/v2\/posts\/2703","targetHints":{"allow":["GET"]}}],"collection":[{"href":"http:\/\/juhasiro.fi\/blogi\/index.php?rest_route=\/wp\/v2\/posts"}],"about":[{"href":"http:\/\/juhasiro.fi\/blogi\/index.php?rest_route=\/wp\/v2\/types\/post"}],"author":[{"embeddable":true,"href":"http:\/\/juhasiro.fi\/blogi\/index.php?rest_route=\/wp\/v2\/users\/2"}],"replies":[{"embeddable":true,"href":"http:\/\/juhasiro.fi\/blogi\/index.php?rest_route=%2Fwp%2Fv2%2Fcomments&post=2703"}],"version-history":[{"count":7,"href":"http:\/\/juhasiro.fi\/blogi\/index.php?rest_route=\/wp\/v2\/posts\/2703\/revisions"}],"predecessor-version":[{"id":3985,"href":"http:\/\/juhasiro.fi\/blogi\/index.php?rest_route=\/wp\/v2\/posts\/2703\/revisions\/3985"}],"wp:attachment":[{"href":"http:\/\/juhasiro.fi\/blogi\/index.php?rest_route=%2Fwp%2Fv2%2Fmedia&parent=2703"}],"wp:term":[{"taxonomy":"category","embeddable":true,"href":"http:\/\/juhasiro.fi\/blogi\/index.php?rest_route=%2Fwp%2Fv2%2Fcategories&post=2703"},{"taxonomy":"post_tag","embeddable":true,"href":"http:\/\/juhasiro.fi\/blogi\/index.php?rest_route=%2Fwp%2Fv2%2Ftags&post=2703"}],"curies":[{"name":"wp","href":"https:\/\/api.w.org\/{rel}","templated":true}]}}