{"id":3136,"date":"2013-10-21T19:22:17","date_gmt":"2013-10-21T16:22:17","guid":{"rendered":"http:\/\/juhasiro.fi\/blogi\/?p=3136"},"modified":"2013-10-21T19:25:57","modified_gmt":"2013-10-21T16:25:57","slug":"mona-lisan-silmat-%e2%80%93-kuvia-toscanasta","status":"publish","type":"post","link":"http:\/\/juhasiro.fi\/blogi\/?p=3136","title":{"rendered":"Mona Lisan silm\u00e4t \u2013 kuvia Toscanasta"},"content":{"rendered":"<p>Tein kolmen viikon takaisen p\u00e4ivityksen Ellen Gallagherin n\u00e4yttelyst\u00e4. Napsiessani kuvia Sara Hild\u00e9nin avajaistilaisuudessa, tuttu mies kommentoi: \u201dOlet sitten alkanut valokuvaamaan.\u201d\u00a0 Kaveri on itse valokuvaaja, joka toimi yht\u00e4 aikaa kanssani Pirkanmaan taidetoimikunnassa.<\/p>\n<p>Ei minulla kommenttiin vastausta ollut, mutta tottahan se on. Aloitin hieman toisella kymmenell\u00e4. Ensimm\u00e4inen kamera oli is\u00e4ni arpajaisvoitto, kaksisilm\u00e4inen peiliheijastuskamera Yashica D.<\/p>\n<p><img loading=\"lazy\" decoding=\"async\" class=\"aligncenter size-full wp-image-3137\" title=\"Toscana, lokakuu 2013\" src=\"http:\/\/juhasiro.fi\/blogi\/wp-content\/uploads\/2013\/10\/t1.jpg\" alt=\"Toscana, lokakuu 2013\" width=\"515\" height=\"433\" srcset=\"http:\/\/juhasiro.fi\/blogi\/wp-content\/uploads\/2013\/10\/t1.jpg 515w, http:\/\/juhasiro.fi\/blogi\/wp-content\/uploads\/2013\/10\/t1-300x252.jpg 300w\" sizes=\"auto, (max-width: 515px) 100vw, 515px\" \/><\/p>\n<p><img loading=\"lazy\" decoding=\"async\" class=\"aligncenter size-full wp-image-3139\" title=\"Toscana, lokakuu 2013\" src=\"http:\/\/juhasiro.fi\/blogi\/wp-content\/uploads\/2013\/10\/t21.jpg\" alt=\"Toscana, lokakuu 2013\" width=\"515\" height=\"420\" srcset=\"http:\/\/juhasiro.fi\/blogi\/wp-content\/uploads\/2013\/10\/t21.jpg 515w, http:\/\/juhasiro.fi\/blogi\/wp-content\/uploads\/2013\/10\/t21-300x244.jpg 300w\" sizes=\"auto, (max-width: 515px) 100vw, 515px\" \/><\/p>\n<p><img loading=\"lazy\" decoding=\"async\" class=\"aligncenter size-full wp-image-3140\" title=\"Toscana, lokakuu 2013\" src=\"http:\/\/juhasiro.fi\/blogi\/wp-content\/uploads\/2013\/10\/t3.jpg\" alt=\"Toscana, lokakuu 2013\" width=\"515\" height=\"380\" srcset=\"http:\/\/juhasiro.fi\/blogi\/wp-content\/uploads\/2013\/10\/t3.jpg 515w, http:\/\/juhasiro.fi\/blogi\/wp-content\/uploads\/2013\/10\/t3-300x221.jpg 300w\" sizes=\"auto, (max-width: 515px) 100vw, 515px\" \/><\/p>\n<p>Seuraava l\u00f6ytyi divarista, Voigtl\u00e4nder Vito, jonka optiikka k\u00e4\u00e4ntyi palkeella kameran sis\u00e4\u00e4n. Sitten Yashica TL Electro X j\u00e4rjestelm\u00e4kamera. Ensimm\u00e4isen digitaalisista Canoneistani hankin, kun kuvien resoluutio ylitti kolme megapikseli\u00e4. Sill\u00e4 ylsikin jo Kamera-lehden kansikuvaan.<\/p>\n<p>Tuoreinta kameraa harkitsin kauan. Mieluusti pokkaria parempi, toisaalta en halua kuljetella j\u00e4rkk\u00e4rin varusteita reissatessa. Valintani oli Panasonic Lumix DMC-FZ200, jossa on Leican kiinte\u00e4 optiikka. Polttov\u00e4lin kinovastaavuus 25-600 mm. Ja mik\u00e4 merkitt\u00e4vint\u00e4, valovoima s\u00e4ilyy heikentym\u00e4tt\u00e4 24 kertaisen zoomin loppuun saakka.<\/p>\n<p><img loading=\"lazy\" decoding=\"async\" class=\"aligncenter size-full wp-image-3141\" title=\"Toscana, Siena, lokakuu 2013\" src=\"http:\/\/juhasiro.fi\/blogi\/wp-content\/uploads\/2013\/10\/t4.jpg\" alt=\"Toscana, Siena, lokakuu 2013\" width=\"515\" height=\"383\" srcset=\"http:\/\/juhasiro.fi\/blogi\/wp-content\/uploads\/2013\/10\/t4.jpg 515w, http:\/\/juhasiro.fi\/blogi\/wp-content\/uploads\/2013\/10\/t4-300x223.jpg 300w\" sizes=\"auto, (max-width: 515px) 100vw, 515px\" \/><\/p>\n<p><img loading=\"lazy\" decoding=\"async\" class=\"aligncenter size-full wp-image-3142\" title=\"Toscana, lokakuu 2013\" src=\"http:\/\/juhasiro.fi\/blogi\/wp-content\/uploads\/2013\/10\/t5.jpg\" alt=\"Toscana, lokakuu 2013\" width=\"515\" height=\"371\" srcset=\"http:\/\/juhasiro.fi\/blogi\/wp-content\/uploads\/2013\/10\/t5.jpg 515w, http:\/\/juhasiro.fi\/blogi\/wp-content\/uploads\/2013\/10\/t5-300x216.jpg 300w\" sizes=\"auto, (max-width: 515px) 100vw, 515px\" \/><\/p>\n<p><img loading=\"lazy\" decoding=\"async\" class=\"aligncenter size-full wp-image-3143\" title=\"Toscana, lokakuu 2013\" src=\"http:\/\/juhasiro.fi\/blogi\/wp-content\/uploads\/2013\/10\/t6.jpg\" alt=\"Toscana, lokakuu 2013\" width=\"515\" height=\"386\" srcset=\"http:\/\/juhasiro.fi\/blogi\/wp-content\/uploads\/2013\/10\/t6.jpg 515w, http:\/\/juhasiro.fi\/blogi\/wp-content\/uploads\/2013\/10\/t6-300x224.jpg 300w\" sizes=\"auto, (max-width: 515px) 100vw, 515px\" \/><\/p>\n<p>Olen ollut hankintaan sek\u00e4 tyytyv\u00e4inen, ett\u00e4 tyytym\u00e4t\u00f6n. Harjoiteltavaakin on viel\u00e4, mutta kameran automaattiasetusten pit\u00e4isi olla niin hyv\u00e4t, etteiv\u00e4t tilanteet katoa s\u00e4\u00e4t\u00f6jen kanssa s\u00e4hl\u00e4tess\u00e4. Lumixissa on my\u00f6s valmiita tehosteasetuksia, mutta niit\u00e4 on syyt\u00e4 karttaa. \u201dLuonnolliset\u201d kuvat kest\u00e4v\u00e4t paremmin aikaa ja katselukertoja.<\/p>\n<p><img loading=\"lazy\" decoding=\"async\" class=\"aligncenter size-full wp-image-3147\" title=\"Toscana, lokakuu 2013\" src=\"http:\/\/juhasiro.fi\/blogi\/wp-content\/uploads\/2013\/10\/t81.jpg\" alt=\"Toscana, lokakuu 2013\" width=\"515\" height=\"379\" srcset=\"http:\/\/juhasiro.fi\/blogi\/wp-content\/uploads\/2013\/10\/t81.jpg 515w, http:\/\/juhasiro.fi\/blogi\/wp-content\/uploads\/2013\/10\/t81-300x220.jpg 300w\" sizes=\"auto, (max-width: 515px) 100vw, 515px\" \/><\/p>\n<p><img loading=\"lazy\" decoding=\"async\" class=\"aligncenter size-full wp-image-3144\" title=\"Toscana, lokakuu 2013\" src=\"http:\/\/juhasiro.fi\/blogi\/wp-content\/uploads\/2013\/10\/t7.jpg\" alt=\"Toscana, lokakuu 2013\" width=\"515\" height=\"386\" srcset=\"http:\/\/juhasiro.fi\/blogi\/wp-content\/uploads\/2013\/10\/t7.jpg 515w, http:\/\/juhasiro.fi\/blogi\/wp-content\/uploads\/2013\/10\/t7-300x224.jpg 300w\" sizes=\"auto, (max-width: 515px) 100vw, 515px\" \/><\/p>\n<p><img loading=\"lazy\" decoding=\"async\" class=\"aligncenter size-full wp-image-3146\" title=\"Toscana, lokakuu 2013\" src=\"http:\/\/juhasiro.fi\/blogi\/wp-content\/uploads\/2013\/10\/t9.jpg\" alt=\"Toscana, lokakuu 2013\" width=\"515\" height=\"388\" srcset=\"http:\/\/juhasiro.fi\/blogi\/wp-content\/uploads\/2013\/10\/t9.jpg 515w, http:\/\/juhasiro.fi\/blogi\/wp-content\/uploads\/2013\/10\/t9-300x226.jpg 300w\" sizes=\"auto, (max-width: 515px) 100vw, 515px\" \/><\/p>\n<p>T\u00e4h\u00e4n juttuun poimin yhdeks\u00e4n kuvaa parin viikon takaiselta Toscanan reissulta. Napsin yli 1500 otosta ja karsin niist\u00e4 kannettavalle 432 kuvan albumin. Viimeisess\u00e4 kuvassa on mielenkiintoinen yksityiskohta, Mona Lisan silmien takaa h\u00e4\u00e4m\u00f6tt\u00e4\u00e4 Medicien, firenzel\u00e4isen mahtisuvun (v. 1200-1700) vaakuna. Toscanassa renessanssi on yh\u00e4 kaikkialla l\u00e4sn\u00e4.<\/p>\n","protected":false},"excerpt":{"rendered":"<p>Tein kolmen viikon takaisen p\u00e4ivityksen Ellen Gallagherin n\u00e4yttelyst\u00e4. Napsiessani kuvia Sara Hild\u00e9nin avajaistilaisuudessa, tuttu mies kommentoi: \u201dOlet sitten alkanut valokuvaamaan.\u201d\u00a0 Kaveri on itse valokuvaaja, joka toimi yht\u00e4 aikaa kanssani Pirkanmaan taidetoimikunnassa. Ei minulla kommenttiin vastausta ollut, mutta tottahan se on. Aloitin hieman toisella kymmenell\u00e4. Ensimm\u00e4inen kamera oli is\u00e4ni arpajaisvoitto, kaksisilm\u00e4inen peiliheijastuskamera Yashica D. Seuraava l\u00f6ytyi [&hellip;]<\/p>\n","protected":false},"author":2,"featured_media":0,"comment_status":"open","ping_status":"open","sticky":false,"template":"","format":"standard","meta":{"footnotes":""},"categories":[4,272,347],"tags":[471,1573,1572],"class_list":["post-3136","post","type-post","status-publish","format-standard","hentry","category-kulttuuri","category-kuulumisia-kauempaa","category-valokuvat","tag-medici-suku","tag-panasonic-lumix-dmc-fz200","tag-toscana"],"_links":{"self":[{"href":"http:\/\/juhasiro.fi\/blogi\/index.php?rest_route=\/wp\/v2\/posts\/3136","targetHints":{"allow":["GET"]}}],"collection":[{"href":"http:\/\/juhasiro.fi\/blogi\/index.php?rest_route=\/wp\/v2\/posts"}],"about":[{"href":"http:\/\/juhasiro.fi\/blogi\/index.php?rest_route=\/wp\/v2\/types\/post"}],"author":[{"embeddable":true,"href":"http:\/\/juhasiro.fi\/blogi\/index.php?rest_route=\/wp\/v2\/users\/2"}],"replies":[{"embeddable":true,"href":"http:\/\/juhasiro.fi\/blogi\/index.php?rest_route=%2Fwp%2Fv2%2Fcomments&post=3136"}],"version-history":[{"count":3,"href":"http:\/\/juhasiro.fi\/blogi\/index.php?rest_route=\/wp\/v2\/posts\/3136\/revisions"}],"predecessor-version":[{"id":3150,"href":"http:\/\/juhasiro.fi\/blogi\/index.php?rest_route=\/wp\/v2\/posts\/3136\/revisions\/3150"}],"wp:attachment":[{"href":"http:\/\/juhasiro.fi\/blogi\/index.php?rest_route=%2Fwp%2Fv2%2Fmedia&parent=3136"}],"wp:term":[{"taxonomy":"category","embeddable":true,"href":"http:\/\/juhasiro.fi\/blogi\/index.php?rest_route=%2Fwp%2Fv2%2Fcategories&post=3136"},{"taxonomy":"post_tag","embeddable":true,"href":"http:\/\/juhasiro.fi\/blogi\/index.php?rest_route=%2Fwp%2Fv2%2Ftags&post=3136"}],"curies":[{"name":"wp","href":"https:\/\/api.w.org\/{rel}","templated":true}]}}