{"id":3269,"date":"2013-12-23T20:09:53","date_gmt":"2013-12-23T17:09:53","guid":{"rendered":"http:\/\/juhasiro.fi\/blogi\/?p=3269"},"modified":"2013-12-23T20:33:20","modified_gmt":"2013-12-23T17:33:20","slug":"%e2%80%9dsirkan-reisi-paarman-jalka%e2%80%9d","status":"publish","type":"post","link":"http:\/\/juhasiro.fi\/blogi\/?p=3269","title":{"rendered":"\u201dSirkan reisi, paarman jalka\u201d"},"content":{"rendered":"<p>En pid\u00e4 joulusta, enk\u00e4 muista juhlista. Kyll\u00e4 on arki ihmisen parasta aikaa. Vaan eip\u00e4 se est\u00e4 osallistumista muiden iloon. Hyv\u00e4n joulun toivottajaksi v\u00e4rv\u00e4sin aidon aputontun, Saima Siron. Ik\u00e4\u00e4 vuosi ja puolikas.<\/p>\n<p><img loading=\"lazy\" decoding=\"async\" class=\"aligncenter size-full wp-image-3270\" title=\"Saima Siro 2013\" src=\"http:\/\/juhasiro.fi\/blogi\/wp-content\/uploads\/2013\/12\/saima-siro.jpg\" alt=\"Saima Siro 2013\" width=\"513\" height=\"491\" srcset=\"http:\/\/juhasiro.fi\/blogi\/wp-content\/uploads\/2013\/12\/saima-siro.jpg 513w, http:\/\/juhasiro.fi\/blogi\/wp-content\/uploads\/2013\/12\/saima-siro-300x287.jpg 300w\" sizes=\"auto, (max-width: 513px) 100vw, 513px\" \/><\/p>\n<p>Joulun tekstist\u00e4 ei l\u00f6ydy tekoreippaita joulukliseit\u00e4 sen paremmin kuin patetiassa piehtarointiakaan. Kymmenen s\u00e4ett\u00e4 tulee kansanperinteest\u00e4, suoraan L\u00f6nnrotin kokoamasta Kantelettaresta. Viesti lienee sellainen, ett\u00e4 v\u00e4hemm\u00e4ll\u00e4kin p\u00e4rj\u00e4\u00e4, kun k\u00e4ytt\u00e4\u00e4 mielikuvitusta ja huumoria.<\/p>\n<p><strong>Rentoooooo ja lapsellista joulua yst\u00e4v\u00e4t!<\/strong><\/p>\n<p>Tule meille Tuomas kulta,<\/p>\n<p>tuopa joulu tullessasi!<\/p>\n<p>Tule kekri, jouvu joulu,<\/p>\n<p>sek\u00e4 p\u00e4\u00e4se p\u00e4\u00e4si\u00e4inen!<\/p>\n<p>Kyll\u00b4on kyst\u00e4 aitassamme,<\/p>\n<p>paljon pantua eloa,<\/p>\n<p>sirkan reisi, paarman jalka,<\/p>\n<p>peipposen per\u00e4pakara,<\/p>\n<p>sammakon sakarivarvas,<\/p>\n<p>sisiliskon silm\u00e4puoli.<\/p>\n<p>&#8230;&#8230;&#8230;&#8230;&#8230;&#8230;&#8230;&#8230;&#8230;&#8230;&#8230;..<\/p>\n","protected":false},"excerpt":{"rendered":"<p>En pid\u00e4 joulusta, enk\u00e4 muista juhlista. Kyll\u00e4 on arki ihmisen parasta aikaa. Vaan eip\u00e4 se est\u00e4 osallistumista muiden iloon. Hyv\u00e4n joulun toivottajaksi v\u00e4rv\u00e4sin aidon aputontun, Saima Siron. Ik\u00e4\u00e4 vuosi ja puolikas. Joulun tekstist\u00e4 ei l\u00f6ydy tekoreippaita joulukliseit\u00e4 sen paremmin kuin patetiassa piehtarointiakaan. Kymmenen s\u00e4ett\u00e4 tulee kansanperinteest\u00e4, suoraan L\u00f6nnrotin kokoamasta Kantelettaresta. Viesti lienee sellainen, ett\u00e4 v\u00e4hemm\u00e4ll\u00e4kin [&hellip;]<\/p>\n","protected":false},"author":2,"featured_media":0,"comment_status":"open","ping_status":"open","sticky":false,"template":"","format":"standard","meta":{"footnotes":""},"categories":[130,432],"tags":[1620,1622,1621],"class_list":["post-3269","post","type-post","status-publish","format-standard","hentry","category-runous","category-suomen-kieli","tag-joulu-2013","tag-kanteletar","tag-saima-siro"],"_links":{"self":[{"href":"http:\/\/juhasiro.fi\/blogi\/index.php?rest_route=\/wp\/v2\/posts\/3269","targetHints":{"allow":["GET"]}}],"collection":[{"href":"http:\/\/juhasiro.fi\/blogi\/index.php?rest_route=\/wp\/v2\/posts"}],"about":[{"href":"http:\/\/juhasiro.fi\/blogi\/index.php?rest_route=\/wp\/v2\/types\/post"}],"author":[{"embeddable":true,"href":"http:\/\/juhasiro.fi\/blogi\/index.php?rest_route=\/wp\/v2\/users\/2"}],"replies":[{"embeddable":true,"href":"http:\/\/juhasiro.fi\/blogi\/index.php?rest_route=%2Fwp%2Fv2%2Fcomments&post=3269"}],"version-history":[{"count":3,"href":"http:\/\/juhasiro.fi\/blogi\/index.php?rest_route=\/wp\/v2\/posts\/3269\/revisions"}],"predecessor-version":[{"id":3273,"href":"http:\/\/juhasiro.fi\/blogi\/index.php?rest_route=\/wp\/v2\/posts\/3269\/revisions\/3273"}],"wp:attachment":[{"href":"http:\/\/juhasiro.fi\/blogi\/index.php?rest_route=%2Fwp%2Fv2%2Fmedia&parent=3269"}],"wp:term":[{"taxonomy":"category","embeddable":true,"href":"http:\/\/juhasiro.fi\/blogi\/index.php?rest_route=%2Fwp%2Fv2%2Fcategories&post=3269"},{"taxonomy":"post_tag","embeddable":true,"href":"http:\/\/juhasiro.fi\/blogi\/index.php?rest_route=%2Fwp%2Fv2%2Ftags&post=3269"}],"curies":[{"name":"wp","href":"https:\/\/api.w.org\/{rel}","templated":true}]}}