{"id":3747,"date":"2014-09-20T23:19:37","date_gmt":"2014-09-20T20:19:37","guid":{"rendered":"http:\/\/juhasiro.fi\/blogi\/?p=3747"},"modified":"2014-09-20T23:19:37","modified_gmt":"2014-09-20T20:19:37","slug":"hiton-hieno-nayttely","status":"publish","type":"post","link":"http:\/\/juhasiro.fi\/blogi\/?p=3747","title":{"rendered":"Hiton hieno n\u00e4yttely!"},"content":{"rendered":"<p>Lauantai-illan pikapostaus nostaa blogiin kahdeksan kuvaa Marika M\u00e4kel\u00e4n n\u00e4yttelyn avajaisista Tampereella, Sara Hild\u00e9nin taidemuseossa. N\u00e4yttely on merkitt\u00e4v\u00e4, M\u00e4kel\u00e4n taidetta on edellisen kerran ollut laajasti esill\u00e4 Helsingin taidehallissa kuusitoista vuotta sitten.<\/p>\n<p><a href=\"http:\/\/juhasiro.fi\/blogi\/wp-content\/uploads\/2014\/09\/1.jpg\"><img loading=\"lazy\" decoding=\"async\" class=\"aligncenter size-full wp-image-3748\" alt=\"\" src=\"http:\/\/juhasiro.fi\/blogi\/wp-content\/uploads\/2014\/09\/1.jpg\" width=\"515\" height=\"386\" srcset=\"http:\/\/juhasiro.fi\/blogi\/wp-content\/uploads\/2014\/09\/1.jpg 515w, http:\/\/juhasiro.fi\/blogi\/wp-content\/uploads\/2014\/09\/1-300x224.jpg 300w\" sizes=\"auto, (max-width: 515px) 100vw, 515px\" \/><\/a><\/p>\n<p>Marika M\u00e4kel\u00e4 (s.1947) on yksi Suomen kansainv\u00e4lisesti tunnetuimmista taiteilijoista. Hesari nosti n\u00e4yttelyn kulttuurisivujensa ykk\u00f6sjutuksi t\u00e4n\u00e4\u00e4n, Aamulehti eilen. Kuvat p\u00e4iv\u00e4lehdiss\u00e4 tai n\u00e4yttelykirjassa eiv\u00e4t anna edes kalpeaa aavistusta M\u00e4kel\u00e4n t\u00f6ist\u00e4, joiden sensitiivisyys ja intensiteetti perustuu taideteosten pinnan struktuuriin ja materian tuntuun.<\/p>\n<p><a href=\"http:\/\/juhasiro.fi\/blogi\/wp-content\/uploads\/2014\/09\/2.jpg\"><img loading=\"lazy\" decoding=\"async\" class=\"aligncenter size-full wp-image-3749\" alt=\"\" src=\"http:\/\/juhasiro.fi\/blogi\/wp-content\/uploads\/2014\/09\/2.jpg\" width=\"515\" height=\"400\" srcset=\"http:\/\/juhasiro.fi\/blogi\/wp-content\/uploads\/2014\/09\/2.jpg 515w, http:\/\/juhasiro.fi\/blogi\/wp-content\/uploads\/2014\/09\/2-300x233.jpg 300w\" sizes=\"auto, (max-width: 515px) 100vw, 515px\" \/><\/a><\/p>\n<p>&nbsp;<\/p>\n<p><a href=\"http:\/\/juhasiro.fi\/blogi\/wp-content\/uploads\/2014\/09\/3.jpg\"><img loading=\"lazy\" decoding=\"async\" class=\"aligncenter size-full wp-image-3750\" alt=\"\" src=\"http:\/\/juhasiro.fi\/blogi\/wp-content\/uploads\/2014\/09\/3.jpg\" width=\"515\" height=\"391\" srcset=\"http:\/\/juhasiro.fi\/blogi\/wp-content\/uploads\/2014\/09\/3.jpg 515w, http:\/\/juhasiro.fi\/blogi\/wp-content\/uploads\/2014\/09\/3-300x227.jpg 300w\" sizes=\"auto, (max-width: 515px) 100vw, 515px\" \/><\/a><\/p>\n<p>&nbsp;<\/p>\n<p><a href=\"http:\/\/juhasiro.fi\/blogi\/wp-content\/uploads\/2014\/09\/4.jpg\"><img loading=\"lazy\" decoding=\"async\" class=\"aligncenter size-full wp-image-3751\" alt=\"\" src=\"http:\/\/juhasiro.fi\/blogi\/wp-content\/uploads\/2014\/09\/4.jpg\" width=\"515\" height=\"386\" srcset=\"http:\/\/juhasiro.fi\/blogi\/wp-content\/uploads\/2014\/09\/4.jpg 515w, http:\/\/juhasiro.fi\/blogi\/wp-content\/uploads\/2014\/09\/4-300x224.jpg 300w\" sizes=\"auto, (max-width: 515px) 100vw, 515px\" \/><\/a><\/p>\n<p>Olen v\u00e4itt\u00e4nyt t\u00e4\u00e4ll\u00e4 ennenkin Sara Hild\u00e9ni\u00e4 Suomen taidemuseoiden ykk\u00f6seksi. Ei s\u00e4v\u00e4ytt\u00e4v\u00e4\u00e4 arkkitehtuuria, mutta upea sijainti ja tilat, jotka nostavat taiteen p\u00e4\u00e4osaan. N\u00e4yttelyvalinnat ovat olleet kansainv\u00e4lisesti merkitt\u00e4vi\u00e4, raikkaita ja rohkeita. Taannoinen Andy Warholkin yll\u00e4tti ja kykeni tarjoamaan kokonaisuudellaan kiinnostavan n\u00e4k\u00f6kulman.<\/p>\n<p><a href=\"http:\/\/juhasiro.fi\/blogi\/wp-content\/uploads\/2014\/09\/5.jpg\"><img loading=\"lazy\" decoding=\"async\" class=\"aligncenter size-full wp-image-3752\" alt=\"\" src=\"http:\/\/juhasiro.fi\/blogi\/wp-content\/uploads\/2014\/09\/5.jpg\" width=\"515\" height=\"386\" srcset=\"http:\/\/juhasiro.fi\/blogi\/wp-content\/uploads\/2014\/09\/5.jpg 515w, http:\/\/juhasiro.fi\/blogi\/wp-content\/uploads\/2014\/09\/5-300x224.jpg 300w\" sizes=\"auto, (max-width: 515px) 100vw, 515px\" \/><\/a><\/p>\n<p>&nbsp;<\/p>\n<p><a href=\"http:\/\/juhasiro.fi\/blogi\/wp-content\/uploads\/2014\/09\/6.jpg\"><img loading=\"lazy\" decoding=\"async\" class=\"aligncenter size-full wp-image-3753\" alt=\"\" src=\"http:\/\/juhasiro.fi\/blogi\/wp-content\/uploads\/2014\/09\/6.jpg\" width=\"515\" height=\"372\" srcset=\"http:\/\/juhasiro.fi\/blogi\/wp-content\/uploads\/2014\/09\/6.jpg 515w, http:\/\/juhasiro.fi\/blogi\/wp-content\/uploads\/2014\/09\/6-300x216.jpg 300w\" sizes=\"auto, (max-width: 515px) 100vw, 515px\" \/><\/a><\/p>\n<p>&nbsp;<\/p>\n<p><a href=\"http:\/\/juhasiro.fi\/blogi\/wp-content\/uploads\/2014\/09\/7.jpg\"><img loading=\"lazy\" decoding=\"async\" class=\"aligncenter size-full wp-image-3754\" alt=\"\" src=\"http:\/\/juhasiro.fi\/blogi\/wp-content\/uploads\/2014\/09\/7.jpg\" width=\"515\" height=\"374\" srcset=\"http:\/\/juhasiro.fi\/blogi\/wp-content\/uploads\/2014\/09\/7.jpg 515w, http:\/\/juhasiro.fi\/blogi\/wp-content\/uploads\/2014\/09\/7-300x217.jpg 300w\" sizes=\"auto, (max-width: 515px) 100vw, 515px\" \/><\/a><\/p>\n<p>M\u00e4kel\u00e4n hienoa n\u00e4yttely\u00e4 ei kannata ohittaa jos siihen on suinkin tilaisuus tutustua. Aikaa on ensi vuoden tammikuun 25. p\u00e4iv\u00e4\u00e4n saakka. Edellisten n\u00e4yttelyiden ekstralinkkein\u00e4 viel\u00e4 postaukset <strong><a href=\"http:\/\/juhasiro.fi\/blogi\/?p=3433\" target=\"_blank\">Andy Warholista<\/a><\/strong> ja <strong><a href=\"http:\/\/juhasiro.fi\/blogi\/?p=3116\" target=\"_blank\">Ellen Gallagherista<\/a><\/strong>.<\/p>\n<p><a href=\"http:\/\/juhasiro.fi\/blogi\/wp-content\/uploads\/2014\/09\/8.jpg\"><img loading=\"lazy\" decoding=\"async\" class=\"aligncenter size-full wp-image-3755\" alt=\"\" src=\"http:\/\/juhasiro.fi\/blogi\/wp-content\/uploads\/2014\/09\/8.jpg\" width=\"515\" height=\"396\" srcset=\"http:\/\/juhasiro.fi\/blogi\/wp-content\/uploads\/2014\/09\/8.jpg 515w, http:\/\/juhasiro.fi\/blogi\/wp-content\/uploads\/2014\/09\/8-300x230.jpg 300w\" sizes=\"auto, (max-width: 515px) 100vw, 515px\" \/><\/a><\/p>\n<p>&nbsp;<\/p>\n","protected":false},"excerpt":{"rendered":"<p>Lauantai-illan pikapostaus nostaa blogiin kahdeksan kuvaa Marika M\u00e4kel\u00e4n n\u00e4yttelyn avajaisista Tampereella, Sara Hild\u00e9nin taidemuseossa. N\u00e4yttely on merkitt\u00e4v\u00e4, M\u00e4kel\u00e4n taidetta on edellisen kerran ollut laajasti esill\u00e4 Helsingin taidehallissa kuusitoista vuotta sitten. Marika M\u00e4kel\u00e4 (s.1947) on yksi Suomen kansainv\u00e4lisesti tunnetuimmista taiteilijoista. Hesari nosti n\u00e4yttelyn kulttuurisivujensa ykk\u00f6sjutuksi t\u00e4n\u00e4\u00e4n, Aamulehti eilen. Kuvat p\u00e4iv\u00e4lehdiss\u00e4 tai n\u00e4yttelykirjassa eiv\u00e4t anna edes kalpeaa [&hellip;]<\/p>\n","protected":false},"author":2,"featured_media":0,"comment_status":"open","ping_status":"open","sticky":false,"template":"","format":"standard","meta":{"footnotes":""},"categories":[4,88,90],"tags":[1671,1566,1772,664],"class_list":["post-3747","post","type-post","status-publish","format-standard","hentry","category-kulttuuri","category-kuvataiteilijat","category-moderni-kuvataide","tag-andy-warhol","tag-ellen-gallagher","tag-marika-makela","tag-sara-hildenin-taidemuseo"],"_links":{"self":[{"href":"http:\/\/juhasiro.fi\/blogi\/index.php?rest_route=\/wp\/v2\/posts\/3747","targetHints":{"allow":["GET"]}}],"collection":[{"href":"http:\/\/juhasiro.fi\/blogi\/index.php?rest_route=\/wp\/v2\/posts"}],"about":[{"href":"http:\/\/juhasiro.fi\/blogi\/index.php?rest_route=\/wp\/v2\/types\/post"}],"author":[{"embeddable":true,"href":"http:\/\/juhasiro.fi\/blogi\/index.php?rest_route=\/wp\/v2\/users\/2"}],"replies":[{"embeddable":true,"href":"http:\/\/juhasiro.fi\/blogi\/index.php?rest_route=%2Fwp%2Fv2%2Fcomments&post=3747"}],"version-history":[{"count":2,"href":"http:\/\/juhasiro.fi\/blogi\/index.php?rest_route=\/wp\/v2\/posts\/3747\/revisions"}],"predecessor-version":[{"id":3757,"href":"http:\/\/juhasiro.fi\/blogi\/index.php?rest_route=\/wp\/v2\/posts\/3747\/revisions\/3757"}],"wp:attachment":[{"href":"http:\/\/juhasiro.fi\/blogi\/index.php?rest_route=%2Fwp%2Fv2%2Fmedia&parent=3747"}],"wp:term":[{"taxonomy":"category","embeddable":true,"href":"http:\/\/juhasiro.fi\/blogi\/index.php?rest_route=%2Fwp%2Fv2%2Fcategories&post=3747"},{"taxonomy":"post_tag","embeddable":true,"href":"http:\/\/juhasiro.fi\/blogi\/index.php?rest_route=%2Fwp%2Fv2%2Ftags&post=3747"}],"curies":[{"name":"wp","href":"https:\/\/api.w.org\/{rel}","templated":true}]}}