{"id":3935,"date":"2014-12-16T18:13:06","date_gmt":"2014-12-16T16:13:06","guid":{"rendered":"http:\/\/juhasiro.fi\/blogi\/?p=3935"},"modified":"2014-12-16T18:22:59","modified_gmt":"2014-12-16T16:22:59","slug":"kirsi-kunnas-on-herra-haitula-ja-paljon-muuta","status":"publish","type":"post","link":"http:\/\/juhasiro.fi\/blogi\/?p=3935","title":{"rendered":"Kirsi Kunnas on Herra Haitula \u2013 ja paljon muuta"},"content":{"rendered":"<p>Akateemikko, kirjailija ja suomentaja Kirsi Kunnas t\u00e4ytti 90 vuotta 14.12.2015. Ikonin asemaan kiteytynytt\u00e4 kirjailijaa on juhlittu yleis\u00f6tilaisuuksissa pitkin syksy\u00e4, viimeksi syntt\u00e4riviikonlopun perjantaina Tampereen Vapriikissa.<\/p>\n<figure id=\"attachment_3936\" aria-describedby=\"caption-attachment-3936\" style=\"width: 515px\" class=\"wp-caption aligncenter\"><a href=\"http:\/\/juhasiro.fi\/blogi\/wp-content\/uploads\/2014\/12\/Kirsi.1.jpg\"><img loading=\"lazy\" decoding=\"async\" class=\"size-full wp-image-3936\" alt=\"Kirsi Kunnas ja Jaakko Syrj\u00e4, Vapriikki 12.12.2014 (Kuva: Emilia V\u00e4lipakka)\" src=\"http:\/\/juhasiro.fi\/blogi\/wp-content\/uploads\/2014\/12\/Kirsi.1.jpg\" width=\"515\" height=\"382\" srcset=\"http:\/\/juhasiro.fi\/blogi\/wp-content\/uploads\/2014\/12\/Kirsi.1.jpg 515w, http:\/\/juhasiro.fi\/blogi\/wp-content\/uploads\/2014\/12\/Kirsi.1-300x222.jpg 300w\" sizes=\"auto, (max-width: 515px) 100vw, 515px\" \/><\/a><figcaption id=\"caption-attachment-3936\" class=\"wp-caption-text\">Kirsi Kunnas ja Jaakko Syrj\u00e4, Vapriikki 12.12.2014 (Kuva: Emilia V\u00e4lipakka)<\/figcaption><\/figure>\n<p>Sankari itse ei esittelyj\u00e4 kaipaa, mainitsen vain kymmenkunta aikuisten- ja lasten runoteosta, aapisen ja raamatunk\u00e4\u00e4nn\u00f6sty\u00f6ryhm\u00e4n, sek\u00e4 merkitt\u00e4vi\u00e4 suomennost\u00f6it\u00e4, joista erityisesti Lorca-k\u00e4\u00e4nn\u00f6kset ovat olleet itselleni t\u00e4rkeit\u00e4. Palkintolistalta l\u00f6ytyy pari tusinaa huomionosoitusta.<\/p>\n<p>Kunnas on vire\u00e4 ja suurta suosiota nauttiva esiintyj\u00e4 edelleen. Niin my\u00f6skin omassa juhlassaan. H\u00e4n luki runoja ja paljasti, ett\u00e4 Ylen kuuntelijoiden suosikkirunojen netti\u00e4\u00e4nestyksen voittanut <em>Tunteellinen siili<\/em> on h\u00e4nen omakuvansa vuosien takaa. \u201dMutta en m\u00e4\u00e4 en\u00e4\u00e4 sellainen ole\u201d, h\u00e4n kuittasi.<\/p>\n<p>K\u00e4vi my\u00f6s selv\u00e4ksi, ett\u00e4 Kunnas on luonut\u00a0<em>Tiiti\u00e4isen satupuun Herra Haitulan<\/em> kest\u00e4v\u00e4mm\u00e4ksi alter egokseen. Kirjallisuudentutkija, professori Leena Kirstin\u00e4 kirjoittaa julkaisemassaan Kirsi Kunnaksen tuoreessa el\u00e4m\u00e4kertateoksessa <em>Sateessa ja tuulessa<\/em>: \u201dKirsi on paljastanut omasta el\u00e4m\u00e4st\u00e4\u00e4n eloisia yksityiskohtia, mutta karttanut niiden auki selitt\u00e4mist\u00e4. N\u00e4in h\u00e4n on halunnut varjella omien lukijoidensa vapautta tulkita teoksia.\u201d<\/p>\n<figure id=\"attachment_3937\" aria-describedby=\"caption-attachment-3937\" style=\"width: 514px\" class=\"wp-caption aligncenter\"><a href=\"http:\/\/juhasiro.fi\/blogi\/wp-content\/uploads\/2014\/12\/Kirsi.2.jpg\"><img loading=\"lazy\" decoding=\"async\" class=\"size-full wp-image-3937\" alt=\"Kirsi Kunnaksen 90-vuotisjuhla, Vapriikin Valssi-ravintola 12.12.2014\" src=\"http:\/\/juhasiro.fi\/blogi\/wp-content\/uploads\/2014\/12\/Kirsi.2.jpg\" width=\"514\" height=\"365\" srcset=\"http:\/\/juhasiro.fi\/blogi\/wp-content\/uploads\/2014\/12\/Kirsi.2.jpg 514w, http:\/\/juhasiro.fi\/blogi\/wp-content\/uploads\/2014\/12\/Kirsi.2-300x213.jpg 300w\" sizes=\"auto, (max-width: 514px) 100vw, 514px\" \/><\/a><figcaption id=\"caption-attachment-3937\" class=\"wp-caption-text\">Kirsi Kunnaksen 90-vuotisjuhla, Vapriikin Valssi-ravintola 12.12.2014<\/figcaption><\/figure>\n<p>\u201dHaitula on Kunnaksen Tiiti\u00e4isen satupuusta alkaneen runouden avainhahmo\u201d, Kirstin\u00e4 jatkaa. \u201dHaitulan nelj\u00e4\u00e4n runoon sis\u00e4ltyy monia teemoja, kuten luovuus, saturunous, mielikuvitus, rationaalisuus, irrationaalisuus, loppumattomuus, ja ne muodostavat koko tiiti\u00e4iskirjallisuuden perustan.\u201d Haitulan persoonan m\u00e4\u00e4reit\u00e4 Kunnas itse kutsuu surrealistiseksi abstraktioksi. Se, ett\u00e4 Maija Karma piirsi Haitulan mieheksi, ei ole Kunnasta haitannut.<\/p>\n<p>Muiden esitysten muassa itsell\u00e4ni oli kunnia lukea p\u00e4iv\u00e4n sankarille runo, jonka olin poiminut h\u00e4nen tuotannostaan. Varsin mielenkiintoisin perustein valitsin tekstin <em>Olen kaatanut sein\u00e4t<\/em>, vuonna 1953 ilmestyneest\u00e4 kokoelmasta Tuuli nousee.<\/p>\n<p>Puheessaan Kunnas kertoi, miten \u00e4\u00e4rett\u00f6m\u00e4n jatkumon idea on kiinnostanut h\u00e4nt\u00e4 aina. Piin lukuarvo, tai toistuva kuva, kuin kahden peilin v\u00e4liss\u00e4 seisova ihminen, jonka kasvot monistuvat loputtomiin. H\u00e4n on kertonut my\u00f6s \u201dmaailmankaikkeuden energiasta\u201d, joka virtaa ihmiseen.<\/p>\n<figure id=\"attachment_3938\" aria-describedby=\"caption-attachment-3938\" style=\"width: 515px\" class=\"wp-caption aligncenter\"><a href=\"http:\/\/juhasiro.fi\/blogi\/wp-content\/uploads\/2014\/12\/Kirsi.3.jpg\"><img loading=\"lazy\" decoding=\"async\" class=\"size-full wp-image-3938\" alt=\"Kirsi Kunnas 90-vuotisjuhlassaan. Vapriikki 12.12.2014. (Kuva: Emilia V\u00e4lipakka)\" src=\"http:\/\/juhasiro.fi\/blogi\/wp-content\/uploads\/2014\/12\/Kirsi.3.jpg\" width=\"515\" height=\"387\" srcset=\"http:\/\/juhasiro.fi\/blogi\/wp-content\/uploads\/2014\/12\/Kirsi.3.jpg 515w, http:\/\/juhasiro.fi\/blogi\/wp-content\/uploads\/2014\/12\/Kirsi.3-300x225.jpg 300w\" sizes=\"auto, (max-width: 515px) 100vw, 515px\" \/><\/a><figcaption id=\"caption-attachment-3938\" class=\"wp-caption-text\">Kirsi Kunnas 90-vuotisjuhlassaan. Vapriikki 12.12.2014. (Kuva: Emilia V\u00e4lipakka)<\/figcaption><\/figure>\n<p>My\u00f6s useat kollegat ovat maininneet miten he ovat kokeneet kirjailijanty\u00f6ns\u00e4 luovuuden v\u00e4likappaleeksi. Joko niin, ett\u00e4 heid\u00e4n kirjoittamansa teksti pist\u00e4\u00e4 kysym\u00e4\u00e4n, olenko min\u00e4 tuon tehnyt. Tai niin, ett\u00e4 tekstin henkil\u00f6t alkavat ohjailla tapahtumia suuntaan, josta tekij\u00e4ll\u00e4 ei ole ollut aloittaessaan harmainta hajua. Raymond Carver on kirjoittanut, miten novelli voi l\u00e4hte\u00e4 syntym\u00e4\u00e4n vain yhdest\u00e4 itsepintaisesta lauseesta, joka ei j\u00e4t\u00e4 rauhaan.<\/p>\n<p>Runossaan Kunnas kirjoittaa otsansa kaaresta, miten h\u00e4n on \u201dkupooli sanan tulla\u201d. Ja huomatkaa viimeisen rivin tiukka veto, subjektin ja objektin paikanvaihto, jolla runoilija ik\u00e4\u00e4n kuin pudottaa runonsa lukijan syliin ja tempaa h\u00e4net osaksi teksti\u00e4.<\/p>\n<p>OLEN KAATANUT SEIN\u00c4T<\/p>\n<p>Olen kaatanut sein\u00e4t<\/p>\n<p>tuulien tulla,<\/p>\n<p>kuin pylv\u00e4s kattoa kohotan<\/p>\n<p>tuulien tulla.<\/p>\n<p>&nbsp;<\/p>\n<p>Ja tuuli nousee<\/p>\n<p>pilarina nostaen katon taivaan holvistoksi<\/p>\n<p>ja otsani kaaren kaareksi sinne<\/p>\n<p>niin ett\u00e4 kupooli olen sanan tulla<\/p>\n<p>ja soida ja huminoida<\/p>\n<p>sen alla<\/p>\n<p>&nbsp;<\/p>\n<p>ja s\u00e4vel nousee<\/p>\n<p>ja laskee ja linnut kantavat sit\u00e4<\/p>\n<p>kuin verkkoa kimmelt\u00e4v\u00e4\u00e4<\/p>\n<p>niin ett\u00e4 puihin puhkeavat kukat<\/p>\n<p>ja kaste ja valo ja tuoksu<\/p>\n<p>silmiss\u00e4s on<\/p>\n<p>&#8230;&#8230;&#8230;&#8230;&#8230;&#8230;&#8230;&#8230;&#8230;&#8230;&#8230;&#8230;&#8230;&#8230;&#8230;&#8230;..<\/p>\n<div><\/div>\n","protected":false},"excerpt":{"rendered":"<p>Akateemikko, kirjailija ja suomentaja Kirsi Kunnas t\u00e4ytti 90 vuotta 14.12.2015. Ikonin asemaan kiteytynytt\u00e4 kirjailijaa on juhlittu yleis\u00f6tilaisuuksissa pitkin syksy\u00e4, viimeksi syntt\u00e4riviikonlopun perjantaina Tampereen Vapriikissa. Sankari itse ei esittelyj\u00e4 kaipaa, mainitsen vain kymmenkunta aikuisten- ja lasten runoteosta, aapisen ja raamatunk\u00e4\u00e4nn\u00f6sty\u00f6ryhm\u00e4n, sek\u00e4 merkitt\u00e4vi\u00e4 suomennost\u00f6it\u00e4, joista erityisesti Lorca-k\u00e4\u00e4nn\u00f6kset ovat olleet itselleni t\u00e4rkeit\u00e4. Palkintolistalta l\u00f6ytyy pari tusinaa huomionosoitusta. Kunnas [&hellip;]<\/p>\n","protected":false},"author":2,"featured_media":0,"comment_status":"open","ping_status":"open","sticky":false,"template":"","format":"standard","meta":{"footnotes":""},"categories":[24,4,648,123,130],"tags":[1811,455,1807,1809,1808,1810],"class_list":["post-3935","post","type-post","status-publish","format-standard","hentry","category-ikonit","category-kulttuuri","category-lastenkirjallisuus","category-lukeminen","category-runous","tag-herra-haitula","tag-kirsi-kunnas","tag-leena-kirstina","tag-olen-kaatanut-seinat","tag-sateessa-ja-tuulessa","tag-tuuli-nousee"],"_links":{"self":[{"href":"http:\/\/juhasiro.fi\/blogi\/index.php?rest_route=\/wp\/v2\/posts\/3935","targetHints":{"allow":["GET"]}}],"collection":[{"href":"http:\/\/juhasiro.fi\/blogi\/index.php?rest_route=\/wp\/v2\/posts"}],"about":[{"href":"http:\/\/juhasiro.fi\/blogi\/index.php?rest_route=\/wp\/v2\/types\/post"}],"author":[{"embeddable":true,"href":"http:\/\/juhasiro.fi\/blogi\/index.php?rest_route=\/wp\/v2\/users\/2"}],"replies":[{"embeddable":true,"href":"http:\/\/juhasiro.fi\/blogi\/index.php?rest_route=%2Fwp%2Fv2%2Fcomments&post=3935"}],"version-history":[{"count":7,"href":"http:\/\/juhasiro.fi\/blogi\/index.php?rest_route=\/wp\/v2\/posts\/3935\/revisions"}],"predecessor-version":[{"id":3945,"href":"http:\/\/juhasiro.fi\/blogi\/index.php?rest_route=\/wp\/v2\/posts\/3935\/revisions\/3945"}],"wp:attachment":[{"href":"http:\/\/juhasiro.fi\/blogi\/index.php?rest_route=%2Fwp%2Fv2%2Fmedia&parent=3935"}],"wp:term":[{"taxonomy":"category","embeddable":true,"href":"http:\/\/juhasiro.fi\/blogi\/index.php?rest_route=%2Fwp%2Fv2%2Fcategories&post=3935"},{"taxonomy":"post_tag","embeddable":true,"href":"http:\/\/juhasiro.fi\/blogi\/index.php?rest_route=%2Fwp%2Fv2%2Ftags&post=3935"}],"curies":[{"name":"wp","href":"https:\/\/api.w.org\/{rel}","templated":true}]}}