{"id":4391,"date":"2015-10-09T16:35:49","date_gmt":"2015-10-09T13:35:49","guid":{"rendered":"http:\/\/juhasiro.fi\/blogi\/?p=4391"},"modified":"2018-10-10T13:03:12","modified_gmt":"2018-10-10T10:03:12","slug":"syntymapaivan-kunniaksi-pyysin-paivityksen-aleksis-kivelta","status":"publish","type":"post","link":"http:\/\/juhasiro.fi\/blogi\/?p=4391","title":{"rendered":"Syntym\u00e4p\u00e4iv\u00e4n kunniaksi pyysin p\u00e4ivityksen Aleksis Kivelt\u00e4"},"content":{"rendered":"<p>Kansalliskirjailijamme Aleksis Kivi t\u00e4ytt\u00e4\u00e4 lauantaina 181 vuotta. Annetaan miehelle mahdollisuus p\u00e4ivitt\u00e4\u00e4 blogi. H\u00e4nen ajatuksensa ja kuvauksensa k\u00e4y hyvin yksiin p\u00e4iv\u00e4nkohtaisen tilanteen kanssa.<\/p>\n<figure id=\"attachment_4392\" aria-describedby=\"caption-attachment-4392\" style=\"width: 515px\" class=\"wp-caption aligncenter\"><a href=\"http:\/\/juhasiro.fi\/blogi\/wp-content\/uploads\/2015\/10\/pommi.jpg\"><img loading=\"lazy\" decoding=\"async\" class=\"size-full wp-image-4392\" src=\"http:\/\/juhasiro.fi\/blogi\/wp-content\/uploads\/2015\/10\/pommi.jpg\" alt=\"Kuva: ibtimes.co.uk \/ Reuters\" width=\"515\" height=\"449\" srcset=\"http:\/\/juhasiro.fi\/blogi\/wp-content\/uploads\/2015\/10\/pommi.jpg 515w, http:\/\/juhasiro.fi\/blogi\/wp-content\/uploads\/2015\/10\/pommi-300x261.jpg 300w\" sizes=\"auto, (max-width: 515px) 100vw, 515px\" \/><\/a><figcaption id=\"caption-attachment-4392\" class=\"wp-caption-text\">Kuva: ibtimes.co.uk \/ Reuters<\/figcaption><\/figure>\n<p>Kivi kirjoittaa ikuisesta aiheesta komeasti. Kuoleman riveille kiertyy jylh\u00e4\u00e4 ja kirpaisevaa kauneutta. Kyse on samasta asiasta, jota Martti Lindqvist puntaroi vuonna 2002 julkaisemassaan kirjassa <i>Hyv\u00e4, paha ja pyh\u00e4<\/i>:<\/p>\n<p>\u201dPaha on realiteetti ja varteenotettava vastustaja. Hankalaksi vastustajaksi pahan tekee erityisesti se, ett\u00e4 se asuu meiss\u00e4 itsess\u00e4mme, meid\u00e4n uskomuksissamme, rakenteissamme ja tarinoissamme. Samalla paha on my\u00f6s \u2019outo yst\u00e4v\u00e4\u2019. Sanon n\u00e4in, vaikka en osaa oikein perustella sit\u00e4.\u201d<\/p>\n<p>Kiven <i>Sota<\/i> on psykologisesti tarkkan\u00e4k\u00f6inen runo. Lukekaa ja kerratkaa kuinka voittaja riemuitsee ja hourailee sekop\u00e4isess\u00e4 ja kuvitellussa kunniassaan. Vallastaan juopuneiden johtajien harhoissa on t\u00e4n\u00e4\u00e4nkin kyse samasta sokeasta asenteesta.<\/p>\n<figure id=\"attachment_4393\" aria-describedby=\"caption-attachment-4393\" style=\"width: 515px\" class=\"wp-caption aligncenter\"><a href=\"http:\/\/juhasiro.fi\/blogi\/wp-content\/uploads\/2015\/10\/Viikate.jpg\"><img loading=\"lazy\" decoding=\"async\" class=\"size-full wp-image-4393\" src=\"http:\/\/juhasiro.fi\/blogi\/wp-content\/uploads\/2015\/10\/Viikate.jpg\" alt=\"Gustave Dor\u00e9, Raamatun kuvitus \/ Ilmestyskirja\" width=\"515\" height=\"616\" srcset=\"http:\/\/juhasiro.fi\/blogi\/wp-content\/uploads\/2015\/10\/Viikate.jpg 515w, http:\/\/juhasiro.fi\/blogi\/wp-content\/uploads\/2015\/10\/Viikate-250x300.jpg 250w\" sizes=\"auto, (max-width: 515px) 100vw, 515px\" \/><\/a><figcaption id=\"caption-attachment-4393\" class=\"wp-caption-text\">Gustave Dor\u00e9, Raamatun kuvitus \/ Ilmestyskirja<\/figcaption><\/figure>\n<p>S O T A<\/p>\n<p>Jo leimuuvat tuliset viirit, \/ Kaks joukkoa tanterell\u2019 seisoo, \/ Kuin ukkosen pilve\u00e4 kaksi, \/ niin uhaten toinen toistans. \/ He rynt\u00e4\u00e4 p\u00e4in \/ Ja yhteen iskee, \/ Kuin aalto ja karinen ranta, \/ Ja alkavi hirve\u00e4 leikki.<\/p>\n<p>K\u00e4y ymp\u00e4ri ankara kaiku \/ Kiv\u00e4\u00e4rein ja tykkien jyskeest\u2019 \/ He, oksentain tulta ja savuu \/ Nyt antavat kuoloo kylm\u00e4\u00e4, \/ Ja torvi soi, \/ Ja trumpu pauhaa, \/ Ja kumisee kultanen kangas, \/ Kosk\u2019 Tuonelan enkeli niitt\u00e4\u00e4.<\/p>\n<p>Kuin tuhanten koskien melske, \/ Niin temmelt\u00e4\u00e4, teiskaa ja rysk\u00e4\u00e4 \/ Se kuolon ja kunnian pelto, \/ Ja pilven\u00e4 savu kiirii. \/ Ja pilvien y\u00f6s\u2019 \/ K\u00e4y sankarlauma \/ Kuin peikkojen synke\u00e4 parvi, \/ Ja vilkkaasti v\u00e4lkkyv\u00e4t miekat.<\/p>\n<p>Ja voitettu pakenee viimein, \/ Kuin murrettu, huokaava laine, \/ H\u00e4nt\u2019 vainoen voittaja seuraa, \/ kuin riehuva myrskyn kierros, \/ Ja riemuitsee \/ Ja houraileepi, \/ Kosk\u2019 kunnia p\u00e4\u00e4llens\u00e4 loistaa, \/ Kuin kirkkaus taivasten taivaast\u2019.<\/p>\n<p>Mut kaatuneen sankarin sielu \/ On astunut korkuuden linnaan, \/ Ja, hymyten autuaas\u2019 rauhas\u2019 \/ H\u00e4n katselee tannert\u2019 allans: \/ Siell\u2019 torvi soi, \/ Ja trumpu pauhaa, \/ Ja kumisee kultanen kangas, \/ Kosk\u2019 Tuonelan enkeli niitt\u00e4\u00e4.\u201d<\/p>\n<p>&#8230;&#8230;&#8230;&#8230;&#8230;&#8230;&#8230;&#8230;&#8230;&#8230;&#8230;&#8230;&#8230;&#8230;&#8230;&#8230;..<\/p>\n<p><strong>\u00a0<\/strong><a href=\"http:\/\/juhasiro.fi\/blogi\/?p=1545\" target=\"_blank\" rel=\"noopener\"><strong>Ekstralinkki<\/strong><\/a>: \u201dNobelisti ja maailmanlopun sota\u201d<\/p>\n<p>&#8230;&#8230;&#8230;&#8230;&#8230;&#8230;&#8230;&#8230;&#8230;&#8230;&#8230;&#8230;&#8230;&#8230;&#8230;&#8230;.<\/p>\n","protected":false},"excerpt":{"rendered":"<p>Kansalliskirjailijamme Aleksis Kivi t\u00e4ytt\u00e4\u00e4 lauantaina 181 vuotta. Annetaan miehelle mahdollisuus p\u00e4ivitt\u00e4\u00e4 blogi. H\u00e4nen ajatuksensa ja kuvauksensa k\u00e4y hyvin yksiin p\u00e4iv\u00e4nkohtaisen tilanteen kanssa. Kivi kirjoittaa ikuisesta aiheesta komeasti. Kuoleman riveille kiertyy jylh\u00e4\u00e4 ja kirpaisevaa kauneutta. Kyse on samasta asiasta, jota Martti Lindqvist puntaroi vuonna 2002 julkaisemassaan kirjassa Hyv\u00e4, paha ja pyh\u00e4: \u201dPaha on realiteetti ja varteenotettava [&hellip;]<\/p>\n","protected":false},"author":2,"featured_media":0,"comment_status":"closed","ping_status":"closed","sticky":false,"template":"","format":"standard","meta":{"footnotes":""},"categories":[343,124,196,254],"tags":[229,1959,1960],"class_list":["post-4391","post","type-post","status-publish","format-standard","hentry","category-kirjallinen-estetiikka","category-psykologinen-realismi","category-totalitarismi","category-unohdettujen-runojen-klinikka","tag-aleksis-kivi","tag-martti-lindqvist","tag-sota"],"_links":{"self":[{"href":"http:\/\/juhasiro.fi\/blogi\/index.php?rest_route=\/wp\/v2\/posts\/4391","targetHints":{"allow":["GET"]}}],"collection":[{"href":"http:\/\/juhasiro.fi\/blogi\/index.php?rest_route=\/wp\/v2\/posts"}],"about":[{"href":"http:\/\/juhasiro.fi\/blogi\/index.php?rest_route=\/wp\/v2\/types\/post"}],"author":[{"embeddable":true,"href":"http:\/\/juhasiro.fi\/blogi\/index.php?rest_route=\/wp\/v2\/users\/2"}],"replies":[{"embeddable":true,"href":"http:\/\/juhasiro.fi\/blogi\/index.php?rest_route=%2Fwp%2Fv2%2Fcomments&post=4391"}],"version-history":[{"count":3,"href":"http:\/\/juhasiro.fi\/blogi\/index.php?rest_route=\/wp\/v2\/posts\/4391\/revisions"}],"predecessor-version":[{"id":5698,"href":"http:\/\/juhasiro.fi\/blogi\/index.php?rest_route=\/wp\/v2\/posts\/4391\/revisions\/5698"}],"wp:attachment":[{"href":"http:\/\/juhasiro.fi\/blogi\/index.php?rest_route=%2Fwp%2Fv2%2Fmedia&parent=4391"}],"wp:term":[{"taxonomy":"category","embeddable":true,"href":"http:\/\/juhasiro.fi\/blogi\/index.php?rest_route=%2Fwp%2Fv2%2Fcategories&post=4391"},{"taxonomy":"post_tag","embeddable":true,"href":"http:\/\/juhasiro.fi\/blogi\/index.php?rest_route=%2Fwp%2Fv2%2Ftags&post=4391"}],"curies":[{"name":"wp","href":"https:\/\/api.w.org\/{rel}","templated":true}]}}