{"id":4616,"date":"2016-03-17T19:34:39","date_gmt":"2016-03-17T17:34:39","guid":{"rendered":"http:\/\/juhasiro.fi\/blogi\/?p=4616"},"modified":"2016-03-17T19:34:39","modified_gmt":"2016-03-17T17:34:39","slug":"massamurhaaja-breivik-innosti-paivitykseen","status":"publish","type":"post","link":"http:\/\/juhasiro.fi\/blogi\/?p=4616","title":{"rendered":"Massamurhaaja Breivik innosti p\u00e4ivitykseen"},"content":{"rendered":"<p>Ajattelin siirt\u00e4\u00e4 totalitarismia ja sotahistoriaa sivuavat p\u00e4ivitykset hamaan tulevaisuuteen. Kun massamurhaaja Anders Behring Breivikin oikeudenk\u00e4ynti Norjan valtiota vastaan alkoi maanantaina ja n\u00e4in miten h\u00e4n oikeussaliin saapuessaan teki natsitervehdyksen, oma p\u00e4\u00e4t\u00f6kseni oli pakko perua.<\/p>\n<figure id=\"attachment_4617\" aria-describedby=\"caption-attachment-4617\" style=\"width: 515px\" class=\"wp-caption aligncenter\"><a href=\"http:\/\/juhasiro.fi\/blogi\/wp-content\/uploads\/2016\/03\/Breivik.jpg\" rel=\"attachment wp-att-4617\"><img loading=\"lazy\" decoding=\"async\" class=\"size-full wp-image-4617\" src=\"http:\/\/juhasiro.fi\/blogi\/wp-content\/uploads\/2016\/03\/Breivik.jpg\" alt=\"Scanpix Norway \/ Lehtikuva \/ Lise \u00c5serud\" width=\"515\" height=\"417\" srcset=\"http:\/\/juhasiro.fi\/blogi\/wp-content\/uploads\/2016\/03\/Breivik.jpg 515w, http:\/\/juhasiro.fi\/blogi\/wp-content\/uploads\/2016\/03\/Breivik-300x243.jpg 300w\" sizes=\"auto, (max-width: 515px) 100vw, 515px\" \/><\/a><figcaption id=\"caption-attachment-4617\" class=\"wp-caption-text\">Scanpix Norway \/ Lehtikuva \/ Lise \u00c5serud<\/figcaption><\/figure>\n<p>Saamani k\u00e4sityksen mukaan Breivik ei voi olla \u00e4lylt\u00e4\u00e4n poikkeuksellisen heikkolahjainen. Ehk\u00e4p\u00e4 p\u00e4invastoin. Olen ymm\u00e4rt\u00e4nyt, ett\u00e4 h\u00e4n on lukenut mies ja haluaa opiskella my\u00f6s vankilassa. Pohdittuani asiaa, tulin siihen johtop\u00e4\u00e4t\u00f6kseen, ett\u00e4 h\u00e4n on altistunut vain yhdensuuntaisen ideologian vaikutuksille.<\/p>\n<p>Tuomas Akvinolainen (1225 \u2013 1274) oli aikansa oppineimpia ja merkitt\u00e4vimpi\u00e4 miehi\u00e4. Viisikymment\u00e4 vuotta kuolemansa j\u00e4lkeen h\u00e4net julistettiin pyhimykseksi. Vaikka h\u00e4n oli katolinen filosofi ja teologi, h\u00e4n lausui: \u201dPelk\u00e4\u00e4n yhden kirjan lukijaa.\u201d<\/p>\n<p>Akvinolainen ei tarkoittanut t\u00e4ll\u00e4 sananmukaisesti v\u00e4h\u00e4ist\u00e4 lukeneisuutta, vaan yht\u00e4 ja ainoaa ideologiaa. \u201dAudiatur et altera pars\u201d \u2013 kuunneltakoon my\u00f6s toista oaspuolta, sanottiin jo antiikin aikoina. Oikeudenmukaisuutta etsitt\u00e4ess\u00e4 on tunnettava vastakkaisten mielipiteiden perustelut.<\/p>\n<p>Propaganda ja yksioikoinen ideologia ei koske ainoastaan massamurhaajia, vaan meit\u00e4 kaikkia. Ihmiset ovat avoimempia tiedolle, joka vahvistaa heid\u00e4n ennakko-odotuksiaan. Harvassa ovat \u201dtakink\u00e4\u00e4nt\u00e4j\u00e4t\u201d, jotka hyv\u00e4t perustelut kuultuaan ovat valmiit muuttamaan k\u00e4sityksi\u00e4\u00e4n ja katsomaan maailmaa aivan uudesta kulmasta. Viel\u00e4p\u00e4 toimimaan sen mukaan.<\/p>\n<figure id=\"attachment_4618\" aria-describedby=\"caption-attachment-4618\" style=\"width: 515px\" class=\"wp-caption aligncenter\"><a href=\"http:\/\/juhasiro.fi\/blogi\/wp-content\/uploads\/2016\/03\/Dachau.jpg\" rel=\"attachment wp-att-4618\"><img loading=\"lazy\" decoding=\"async\" class=\"size-full wp-image-4618\" src=\"http:\/\/juhasiro.fi\/blogi\/wp-content\/uploads\/2016\/03\/Dachau.jpg\" alt=\"Dachau, huhtikuu 1945. AFP PHOTO \/ Eric Schwab\" width=\"515\" height=\"408\" srcset=\"http:\/\/juhasiro.fi\/blogi\/wp-content\/uploads\/2016\/03\/Dachau.jpg 515w, http:\/\/juhasiro.fi\/blogi\/wp-content\/uploads\/2016\/03\/Dachau-300x238.jpg 300w\" sizes=\"auto, (max-width: 515px) 100vw, 515px\" \/><\/a><figcaption id=\"caption-attachment-4618\" class=\"wp-caption-text\">Dachau, huhtikuu 1945. AFP PHOTO \/ Eric Schwab<\/figcaption><\/figure>\n<p>Natsi-ideologian lopputulos oli j\u00e4rkytt\u00e4v\u00e4: toisen maailmansodan yhteiseen teurasluetteloon voidaan laskea viisikymment\u00e4miljoonaa ihmishenke\u00e4. Sen lis\u00e4ksi koituneita seurauksia on mahdoton laskea tai arvioida. Eik\u00e4 kuolema vauhtiin p\u00e4\u00e4sty\u00e4\u00e4n erittele uhrejaan, kaikki rodut ja uskonnot kelpaavat.<\/p>\n<p>Asiaan liittyen suosittelen eri n\u00e4k\u00f6kulmista kiinnostuneille toissailtana loppuun luettua Alex Kershawin kirjaa Dachaun vapauttaja. Historiantutkija Kershaw kertoo tarinansa yhdysvaltalaisupseeri Felix Sparksia seuraten. H\u00e4nen jalkav\u00e4kiyksikk\u00f6ns\u00e4 500 p\u00e4iv\u00e4n sotaretki alkoi Sisilian maihinnoususta hein\u00e4kuussa 1943.<\/p>\n<p><a href=\"http:\/\/juhasiro.fi\/blogi\/wp-content\/uploads\/2016\/03\/Kershaw.jpg\" rel=\"attachment wp-att-4619\"><img loading=\"lazy\" decoding=\"async\" class=\"aligncenter size-full wp-image-4619\" src=\"http:\/\/juhasiro.fi\/blogi\/wp-content\/uploads\/2016\/03\/Kershaw.jpg\" alt=\"\" width=\"515\" height=\"531\" srcset=\"http:\/\/juhasiro.fi\/blogi\/wp-content\/uploads\/2016\/03\/Kershaw.jpg 515w, http:\/\/juhasiro.fi\/blogi\/wp-content\/uploads\/2016\/03\/Kershaw-291x300.jpg 291w\" sizes=\"auto, (max-width: 515px) 100vw, 515px\" \/><\/a><\/p>\n<p>Gummerus julkaisi tietokirjan 2013 Simo Liikasen suomennoksena. J\u00e4t\u00e4n itse kirjan esittelyn lyhyeen: Sparks osallistui nelj\u00e4\u00e4n maihinnousuun ja johti miehens\u00e4 Sisilian, Italian ja Ranskan vuoriston kautta Dachaun keskitysleirin porteille. H\u00e4n yleni kapteenista everstiksi ja kykeni vain ihmeiden kautta s\u00e4ilym\u00e4\u00e4n hengiss\u00e4 Euroopan kovimpien taisteluiden keskell\u00e4. Kirja kehii tarinaansa hipun pateettista gloriaa, mutta yht\u00e4kaikki, se on valtaisan tutkimusty\u00f6n ja haastatteluiden pohjalta tarkasti kirjoitettu teos.<\/p>\n<p>Lopuksi muutan mielipidett\u00e4ni. Kirjoitin blogiin 13.11.2015 tekstilainausten merkitsemisest\u00e4 fiktiiviseen tekstiin. Olipa tyylilaji mik\u00e4 tahansa, l\u00e4hteiden merkitsemisen voi tehd\u00e4 tarkasti. Alex Kershaw k\u00e4ytt\u00e4\u00e4 siihen 33 sivua, joilla on 1268 viitett\u00e4 ja l\u00e4hdetietoa, jotkin niist\u00e4 itse teksti\u00e4 mielenkiintoisesti t\u00e4ydent\u00e4en.<\/p>\n<p>\u2026\u2026\u2026\u2026\u2026\u2026\u2026\u2026\u2026\u2026\u2026\u2026\u2026.<\/p>\n<p>Blogihistorian ekstralinkki parin vuoden takaa. Sodan loputtua sorto jatkui:<\/p>\n<p><b><a href=\"http:\/\/juhasiro.fi\/blogi\/?p=3623\" target=\"_blank\">Iloiset p\u00e4iv\u00e4ni helvetiss\u00e4<\/a><\/b><\/p>\n<p>\u2026\u2026\u2026\u2026\u2026\u2026\u2026\u2026\u2026\u2026\u2026\u2026\u2026.<\/p>\n","protected":false},"excerpt":{"rendered":"<p>Ajattelin siirt\u00e4\u00e4 totalitarismia ja sotahistoriaa sivuavat p\u00e4ivitykset hamaan tulevaisuuteen. Kun massamurhaaja Anders Behring Breivikin oikeudenk\u00e4ynti Norjan valtiota vastaan alkoi maanantaina ja n\u00e4in miten h\u00e4n oikeussaliin saapuessaan teki natsitervehdyksen, oma p\u00e4\u00e4t\u00f6kseni oli pakko perua. Saamani k\u00e4sityksen mukaan Breivik ei voi olla \u00e4lylt\u00e4\u00e4n poikkeuksellisen heikkolahjainen. Ehk\u00e4p\u00e4 p\u00e4invastoin. Olen ymm\u00e4rt\u00e4nyt, ett\u00e4 h\u00e4n on lukenut mies ja haluaa opiskella [&hellip;]<\/p>\n","protected":false},"author":2,"featured_media":0,"comment_status":"closed","ping_status":"closed","sticky":false,"template":"","format":"standard","meta":{"footnotes":""},"categories":[136,197,1718,683,196],"tags":[2047,1394,2048,784],"class_list":["post-4616","post","type-post","status-publish","format-standard","hentry","category-kansallissosialismi","category-keskitysleirit","category-sotahistoria","category-tietokirjat","category-totalitarismi","tag-alex-kershaw","tag-anders-breivik","tag-dachaun-vapauttaja","tag-tuomas-akvinolainen"],"_links":{"self":[{"href":"http:\/\/juhasiro.fi\/blogi\/index.php?rest_route=\/wp\/v2\/posts\/4616","targetHints":{"allow":["GET"]}}],"collection":[{"href":"http:\/\/juhasiro.fi\/blogi\/index.php?rest_route=\/wp\/v2\/posts"}],"about":[{"href":"http:\/\/juhasiro.fi\/blogi\/index.php?rest_route=\/wp\/v2\/types\/post"}],"author":[{"embeddable":true,"href":"http:\/\/juhasiro.fi\/blogi\/index.php?rest_route=\/wp\/v2\/users\/2"}],"replies":[{"embeddable":true,"href":"http:\/\/juhasiro.fi\/blogi\/index.php?rest_route=%2Fwp%2Fv2%2Fcomments&post=4616"}],"version-history":[{"count":1,"href":"http:\/\/juhasiro.fi\/blogi\/index.php?rest_route=\/wp\/v2\/posts\/4616\/revisions"}],"predecessor-version":[{"id":4620,"href":"http:\/\/juhasiro.fi\/blogi\/index.php?rest_route=\/wp\/v2\/posts\/4616\/revisions\/4620"}],"wp:attachment":[{"href":"http:\/\/juhasiro.fi\/blogi\/index.php?rest_route=%2Fwp%2Fv2%2Fmedia&parent=4616"}],"wp:term":[{"taxonomy":"category","embeddable":true,"href":"http:\/\/juhasiro.fi\/blogi\/index.php?rest_route=%2Fwp%2Fv2%2Fcategories&post=4616"},{"taxonomy":"post_tag","embeddable":true,"href":"http:\/\/juhasiro.fi\/blogi\/index.php?rest_route=%2Fwp%2Fv2%2Ftags&post=4616"}],"curies":[{"name":"wp","href":"https:\/\/api.w.org\/{rel}","templated":true}]}}