{"id":4871,"date":"2016-10-28T13:28:15","date_gmt":"2016-10-28T10:28:15","guid":{"rendered":"http:\/\/juhasiro.fi\/blogi\/?p=4871"},"modified":"2016-10-28T13:40:59","modified_gmt":"2016-10-28T10:40:59","slug":"unkarin-demokratia-sensuuri-voimassa-abortti-ja-homoavioliitot-kielletty","status":"publish","type":"post","link":"http:\/\/juhasiro.fi\/blogi\/?p=4871","title":{"rendered":"Unkarin demokratia: sensuuri voimassa, abortti ja homoavioliitot kielletty"},"content":{"rendered":"<p>Edellinen p\u00e4ivitys muisti Unkarin kansannousua kuusikymment\u00e4 vuotta sitten. Perjantairuno jatkaa teemaa ja nostaa p\u00e4ivitykseen budapestil\u00e4isen runoilijan, esseistin ja k\u00e4\u00e4nt\u00e4j\u00e4n Ott\u00f3 Orb\u00e1nin (1936-2002) tekstin.<\/p>\n<p>Runo\u00a0hakee vauhtia antiikin ajoista ja on juuri nyt polttavan ajankohtainen. Unkarin p\u00e4\u00e4ministerin pesti\u00e4 hoiti 1998-2002 kirjailijan sukunimikaima Viktor Orb\u00e1n. H\u00e4n nousi uudelleen samaan asemaan 2010. Jo seuraavana vuonna parlamentti allekirjoitti uuden perustuslain, joka korostaa maan kristillisi\u00e4 juuria, kielt\u00e4\u00e4 abortit ja homoavioliitot.<\/p>\n<figure id=\"attachment_4872\" aria-describedby=\"caption-attachment-4872\" style=\"width: 515px\" class=\"wp-caption aligncenter\"><a href=\"http:\/\/juhasiro.fi\/blogi\/wp-content\/uploads\/2016\/10\/Unkari.png\"><img loading=\"lazy\" decoding=\"async\" class=\"size-full wp-image-4872\" src=\"http:\/\/juhasiro.fi\/blogi\/wp-content\/uploads\/2016\/10\/Unkari.png\" alt=\"Vihreiden mielenosoitus Viktor Orb\u00e1nin politiikalle Euroopan parlamentissa. Kuva: www.spiegel.de\" width=\"515\" height=\"395\" srcset=\"http:\/\/juhasiro.fi\/blogi\/wp-content\/uploads\/2016\/10\/Unkari.png 515w, http:\/\/juhasiro.fi\/blogi\/wp-content\/uploads\/2016\/10\/Unkari-300x230.png 300w\" sizes=\"auto, (max-width: 515px) 100vw, 515px\" \/><\/a><figcaption id=\"caption-attachment-4872\" class=\"wp-caption-text\">Vihreiden mielenosoitus Viktor Orb\u00e1nin politiikalle Euroopan parlamentissa. Kuva: www.spiegel.de<\/figcaption><\/figure>\n<p>Unkarissa on voimassa my\u00f6s tiukka medialaki, joka antaa viestint\u00e4virastolle ja medianeuvostolle oikeuden valvoa rangaistuksen uhalla lehdist\u00f6\u00e4 sek\u00e4 s\u00e4hk\u00f6ist\u00e4 mediaa. Oikeuslaitosta valvoo instituutio, jonka johtajan nimitt\u00e4\u00e4 parlamentti.\u00a0Vastustajien mukaan valtaa k\u00e4ytt\u00e4v\u00e4 Viktor Orb\u00e1n on populisti, nationalisti ja uusfasisti.<\/p>\n<p>Vapaudestaan taistelleen \u201dveljeskansamme\u201d demokratia rapistuu hyv\u00e4\u00e4 vauhtia. Runoilijalla on pitk\u00e4\u00e4 perspektiivi\u00e4 ja kyky\u00e4 aavistaa tulevaisuutta. Olkaa hyv\u00e4, t\u00e4ss\u00e4 yhdeks\u00e4ntoista rivi\u00e4 Ott\u00f3 Orb\u00e1nin runosta <b>157. sonetti\u00a0<\/b>(suom. Hannu Launonen ja B\u00e9la J\u00e1vorsky)<\/p>\n<p>\u2026\u2026\u2026\u2026\u2026\u2026\u2026\u2026\u2026\u2026<\/p>\n<p>Runouden rajamailla, jos vaivoin olemme p\u00e4\u00e4sseet sinne asti<\/p>\n<p>hatarassa puutalossa, jossa anniskellaan katkerien uutisten<\/p>\n<p>pisaroita sotilaiden, vakoojien, huorien<\/p>\n<p>ja muiden kunnon vieraiden laseihin,<\/p>\n<p>siell\u00e4 meid\u00e4n raskas p\u00e4\u00e4mme t\u00f6in tuskin tajuaa, ett\u00e4<\/p>\n<p>t\u00e4m\u00e4 kaikki on turhuuksien turhuus,<\/p>\n<p>turhuutta seikkailu ja uhkarohkeus, kuolemanhyppy<\/p>\n<p>ilman verkkoa, p\u00e4ivitt\u00e4in,<\/p>\n<p>toisin sanoen el\u00e4m\u00e4mme \u2013 timanteille ei l\u00f6ydy ostajaa.<\/p>\n<p><i>Kukapa tiet\u00e4\u00e4, mit\u00e4 on tulossa<\/i>, maailma ajattelee kierosti,<\/p>\n<p><i>t\u00e4m\u00e4h\u00e4n on siirtym\u00e4vaihe\u2026<\/i><\/p>\n<p>Sopii kysy\u00e4, kenen aika ei olisi ollut siirtym\u00e4vaihe.<\/p>\n<p>Sullan? Caligulan? Hitlerin?<\/p>\n<p>Vain Calibanin ty\u00f6paikka on varma t\u00e4ss\u00e4 maailmassa,<\/p>\n<p>jokainen j\u00e4rjestelm\u00e4 tarvitsee kirjarovioiden sytytt\u00e4ji\u00e4,<\/p>\n<p>lopullisena ratkaisuna \u2013<\/p>\n<p>kenet se nostaisi esiin, jos vaikkapa Pyh\u00e4 Perhe<\/p>\n<p>tahtoisi luopua p\u00e4\u00e4kirjasta,<\/p>\n<p>kun taikatemput on k\u00e4ytetty loppuun arvopaperimarkkinoilla?<\/p>\n<p>\u2026\u2026\u2026\u2026\u2026\u2026\u2026\u2026\u2026\u2026\u2026\u2026\u2026\u2026\u2026\u2026\u2026..<\/p>\n<p>Sulla ja Caligula, antiikin Rooman keisareita, jotka ottivat demokratian omiin k\u00e4siins\u00e4 ja hallitsivat diktaattoreina. Caliban oli orjan asemaan sy\u00f6sty hallitsija Shakespearen n\u00e4ytelm\u00e4ss\u00e4 Myrsky.<\/p>\n<p>\u2026\u2026\u2026\u2026\u2026\u2026\u2026\u2026\u2026\u2026\u2026\u2026\u2026\u2026\u2026\u2026\u2026..<\/p>\n<p>Hesariin ja sos-mediaan on kaivettu kirjailijoiden ja kriitikoiden mieleisi\u00e4 kirjan aloituksia. Blogin ekstralinkki ly\u00f6 laudalta ne kaikki.\u00a0<a href=\"http:\/\/juhasiro.fi\/blogi\/?p=4599\"><b>Aivan ylitt\u00e4m\u00e4t\u00f6n kirjan aloitus (25.2.2016)<\/b><\/a><\/p>\n<p>\u2026\u2026\u2026\u2026\u2026\u2026\u2026\u2026\u2026\u2026\u2026\u2026\u2026\u2026\u2026\u2026\u2026..<\/p>\n","protected":false},"excerpt":{"rendered":"<p>Edellinen p\u00e4ivitys muisti Unkarin kansannousua kuusikymment\u00e4 vuotta sitten. Perjantairuno jatkaa teemaa ja nostaa p\u00e4ivitykseen budapestil\u00e4isen runoilijan, esseistin ja k\u00e4\u00e4nt\u00e4j\u00e4n Ott\u00f3 Orb\u00e1nin (1936-2002) tekstin. Runo\u00a0hakee vauhtia antiikin ajoista ja on juuri nyt polttavan ajankohtainen. Unkarin p\u00e4\u00e4ministerin pesti\u00e4 hoiti 1998-2002 kirjailijan sukunimikaima Viktor Orb\u00e1n. H\u00e4n nousi uudelleen samaan asemaan 2010. Jo seuraavana vuonna parlamentti allekirjoitti uuden perustuslain, [&hellip;]<\/p>\n","protected":false},"author":2,"featured_media":0,"comment_status":"open","ping_status":"closed","sticky":false,"template":"","format":"standard","meta":{"footnotes":""},"categories":[102,358,1096,576,130,529,196],"tags":[674,2129,2128],"class_list":["post-4871","post","type-post","status-publish","format-standard","hentry","category-demokratia","category-journalismi","category-perjantairuno","category-populismi","category-runous","category-sivistys","category-totalitarismi","tag-otto-orban","tag-unkarin-tasavalta","tag-viktor-orban"],"_links":{"self":[{"href":"http:\/\/juhasiro.fi\/blogi\/index.php?rest_route=\/wp\/v2\/posts\/4871","targetHints":{"allow":["GET"]}}],"collection":[{"href":"http:\/\/juhasiro.fi\/blogi\/index.php?rest_route=\/wp\/v2\/posts"}],"about":[{"href":"http:\/\/juhasiro.fi\/blogi\/index.php?rest_route=\/wp\/v2\/types\/post"}],"author":[{"embeddable":true,"href":"http:\/\/juhasiro.fi\/blogi\/index.php?rest_route=\/wp\/v2\/users\/2"}],"replies":[{"embeddable":true,"href":"http:\/\/juhasiro.fi\/blogi\/index.php?rest_route=%2Fwp%2Fv2%2Fcomments&post=4871"}],"version-history":[{"count":4,"href":"http:\/\/juhasiro.fi\/blogi\/index.php?rest_route=\/wp\/v2\/posts\/4871\/revisions"}],"predecessor-version":[{"id":4876,"href":"http:\/\/juhasiro.fi\/blogi\/index.php?rest_route=\/wp\/v2\/posts\/4871\/revisions\/4876"}],"wp:attachment":[{"href":"http:\/\/juhasiro.fi\/blogi\/index.php?rest_route=%2Fwp%2Fv2%2Fmedia&parent=4871"}],"wp:term":[{"taxonomy":"category","embeddable":true,"href":"http:\/\/juhasiro.fi\/blogi\/index.php?rest_route=%2Fwp%2Fv2%2Fcategories&post=4871"},{"taxonomy":"post_tag","embeddable":true,"href":"http:\/\/juhasiro.fi\/blogi\/index.php?rest_route=%2Fwp%2Fv2%2Ftags&post=4871"}],"curies":[{"name":"wp","href":"https:\/\/api.w.org\/{rel}","templated":true}]}}