{"id":4966,"date":"2017-01-27T13:24:51","date_gmt":"2017-01-27T11:24:51","guid":{"rendered":"http:\/\/juhasiro.fi\/blogi\/?p=4966"},"modified":"2017-01-27T13:24:51","modified_gmt":"2017-01-27T11:24:51","slug":"pirun-patsi-ja-barokin-tyttaret","status":"publish","type":"post","link":"http:\/\/juhasiro.fi\/blogi\/?p=4966","title":{"rendered":"Pirun p\u00e4tsi ja barokin tytt\u00e4ret"},"content":{"rendered":"<p>P\u00e4ivityslistalla odottaa muiden aiheiden ohella mielenkiintoista proosaa. Kirjat ovat kuitenkin luvun alla, joten blogi p\u00e4ivitt\u00e4\u00e4 ytimekk\u00e4\u00e4sti Perjantairunolla.<\/p>\n<figure id=\"attachment_4968\" aria-describedby=\"caption-attachment-4968\" style=\"width: 515px\" class=\"wp-caption aligncenter\"><img loading=\"lazy\" decoding=\"async\" class=\"size-full wp-image-4968\" src=\"http:\/\/juhasiro.fi\/blogi\/wp-content\/uploads\/Peter_Paul_Rubens_-_The_toilet_of_Venus.jpg\" alt=\"\" width=\"515\" height=\"627\" srcset=\"http:\/\/juhasiro.fi\/blogi\/wp-content\/uploads\/Peter_Paul_Rubens_-_The_toilet_of_Venus.jpg 515w, http:\/\/juhasiro.fi\/blogi\/wp-content\/uploads\/Peter_Paul_Rubens_-_The_toilet_of_Venus-123x150.jpg 123w, http:\/\/juhasiro.fi\/blogi\/wp-content\/uploads\/Peter_Paul_Rubens_-_The_toilet_of_Venus-246x300.jpg 246w\" sizes=\"auto, (max-width: 515px) 100vw, 515px\" \/><figcaption id=\"caption-attachment-4968\" class=\"wp-caption-text\">Peter Paul Rubens: Venus at the Mirror (1612-1615)<\/figcaption><\/figure>\n<p>Antti Majander kirjoitti Hesarin lauantaiesseess\u00e4\u00e4n 21.1. miten \u201dRunous p\u00e4\u00e4see keulille kirjallisuuden tappolistalla.\u201d <a href=\"http:\/\/www.hs.fi\/kulttuuri\/art-2000005054279.html\">(klik)<\/a> T\u00e4m\u00e4naamuisesta lehdest\u00e4 l\u00f6ytyv\u00e4t Anna-Riikka Carlsonin &amp; Hannu Harjun ja Tommi Parkon vastineet artikkeliin. Ne laajentavat ja selkiytt\u00e4v\u00e4t runouden t\u00e4m\u00e4nhetkist\u00e4 tilannekuvaa.<\/p>\n<p>Yh\u00e4 useammalla kirjailijalla saattaa olla eri kustantajia. Monet sek\u00e4 proosaa ett\u00e4 lyriikkaa kirjoittavat tekij\u00e4t julkaisevat proosansa perinteisten kustantajien kautta, mutta l\u00f6yt\u00e4v\u00e4t runoilleen pienemm\u00e4n ja joustavamman julkaisukanavan. Toki kyse on my\u00f6s pienten toimijoiden kevyemm\u00e4st\u00e4 kulurakenteesta, joka mahdollistaa kirjallisella kent\u00e4ll\u00e4 toimimisen.<\/p>\n<p>Mutta asiaan. Parin viikon takaisessa p\u00e4ivityksess\u00e4 mainitsin miten kokoelmani Babel (Palladium 2013) p\u00e4ivitt\u00e4\u00e4 maailmantilanteen ja p\u00e4\u00e4tyy vieraalle planeetalle viidensadan vuoden p\u00e4\u00e4h\u00e4n. T\u00e4ss\u00e4 runo nro 323 \u2013 ajatelkaa, voitte lukea t\u00e4n\u00e4\u00e4n tekstin, jota pohditaan tulevaisuuden universumissa.<\/p>\n<figure id=\"attachment_4969\" aria-describedby=\"caption-attachment-4969\" style=\"width: 515px\" class=\"wp-caption aligncenter\"><img loading=\"lazy\" decoding=\"async\" class=\"size-full wp-image-4969\" src=\"http:\/\/juhasiro.fi\/blogi\/wp-content\/uploads\/b-22.jpg\" alt=\"\" width=\"515\" height=\"329\" srcset=\"http:\/\/juhasiro.fi\/blogi\/wp-content\/uploads\/b-22.jpg 515w, http:\/\/juhasiro.fi\/blogi\/wp-content\/uploads\/b-22-150x96.jpg 150w, http:\/\/juhasiro.fi\/blogi\/wp-content\/uploads\/b-22-300x192.jpg 300w\" sizes=\"auto, (max-width: 515px) 100vw, 515px\" \/><figcaption id=\"caption-attachment-4969\" class=\"wp-caption-text\">Kuva: www.unrealengine.com<\/figcaption><\/figure>\n<p>Joutsenen t\u00e4hdist\u00f6st\u00e4 on l\u00f6ytynyt maan kaltainen planeetta<\/p>\n<p>jossa vallitsevat el\u00e4m\u00e4n edellytykset: <i>vett\u00e4 leip\u00e4\u00e4 ja laulua.<\/i><\/p>\n<p>Tutkijat haluavat selvitt\u00e4\u00e4 onko Kepler -22 b kaasua vai<\/p>\n<p>kiinte\u00e4\u00e4 ainetta: <i>l\u00f6ytyyk\u00f6 enkeleit\u00e4 ja pirun is\u00e4nn\u00f6im\u00e4 p\u00e4tsi?<\/i><\/p>\n<p>Planeetta sijaitsee 15% l\u00e4hemp\u00e4n\u00e4 kuin Maa omaa<\/p>\n<p>aurinkoaan: <i>ent\u00e4 barokin tytt\u00e4ret, valkoinen ja runsas liha?<\/i><\/p>\n<p>Jos planeetan pinta ja ilmakeh\u00e4 ovat suotuisat, l\u00e4mp\u00f6tila on<\/p>\n<p>noin 22 astetta: <em>kev\u00e4\u00e4n ensimm\u00e4inen l\u00e4mmin p\u00e4iv\u00e4. P\u00e4\u00e4skynen.<\/em><\/p>\n<p>Kun viisisataa vuotta on kulunut Kepler-22b<\/p>\n<p>tarkkailee meit\u00e4 600 miljoonan valovuoden p\u00e4\u00e4st\u00e4.<\/p>\n<p>Siell\u00e4 pohditaan, onko t\u00e4\u00e4ll\u00e4 alkeellisen el\u00e4m\u00e4n edellytyksi\u00e4?<\/p>\n<p>&#8230;&#8230;&#8230;&#8230;&#8230;&#8230;&#8230;&#8230;&#8230;&#8230;&#8230;&#8230;&#8230;&#8230;&#8230;&#8230;&#8230;&#8230;&#8230;&#8230;&#8230;&#8230;&#8230;.<\/p>\n<p><a href=\"http:\/\/juhasiro.fi\/blogi\/?p=2673\">1. Ekstralinkki nelj\u00e4n vuoden takaa:\u00a0Julkaistaanko meill\u00e4 jo liikaa kirjoja?<\/a><\/p>\n<p><a href=\"http:\/\/juhasiro.fi\/blogi\/?p=3285\">2. Terveiset marginaalista:\u00a0\u201dNe verenimij\u00e4t ovat my\u00f6s kielellisi\u00e4 punkkeja\u201d<\/a><\/p>\n<p>&#8230;&#8230;&#8230;&#8230;&#8230;&#8230;&#8230;&#8230;&#8230;&#8230;&#8230;&#8230;&#8230;&#8230;&#8230;&#8230;&#8230;&#8230;&#8230;&#8230;&#8230;&#8230;&#8230;.<\/p>\n","protected":false},"excerpt":{"rendered":"<p>P\u00e4ivityslistalla odottaa muiden aiheiden ohella mielenkiintoista proosaa. Kirjat ovat kuitenkin luvun alla, joten blogi p\u00e4ivitt\u00e4\u00e4 ytimekk\u00e4\u00e4sti Perjantairunolla. Antti Majander kirjoitti Hesarin lauantaiesseess\u00e4\u00e4n 21.1. miten \u201dRunous p\u00e4\u00e4see keulille kirjallisuuden tappolistalla.\u201d (klik) T\u00e4m\u00e4naamuisesta lehdest\u00e4 l\u00f6ytyv\u00e4t Anna-Riikka Carlsonin &amp; Hannu Harjun ja Tommi Parkon vastineet artikkeliin. Ne laajentavat ja selkiytt\u00e4v\u00e4t runouden t\u00e4m\u00e4nhetkist\u00e4 tilannekuvaa. Yh\u00e4 useammalla kirjailijalla saattaa olla [&hellip;]<\/p>\n","protected":false},"author":2,"featured_media":0,"comment_status":"open","ping_status":"closed","sticky":false,"template":"","format":"standard","meta":{"footnotes":""},"categories":[358,4,619,7,188],"tags":[2033,81,1102],"class_list":["post-4966","post","type-post","status-publish","format-standard","hentry","category-journalismi","category-kulttuuri","category-kustantajat","category-lehtileikkeet","category-pienkustantajat","tag-babel","tag-helsingin-sanomat","tag-palladium-kirjat"],"_links":{"self":[{"href":"http:\/\/juhasiro.fi\/blogi\/index.php?rest_route=\/wp\/v2\/posts\/4966","targetHints":{"allow":["GET"]}}],"collection":[{"href":"http:\/\/juhasiro.fi\/blogi\/index.php?rest_route=\/wp\/v2\/posts"}],"about":[{"href":"http:\/\/juhasiro.fi\/blogi\/index.php?rest_route=\/wp\/v2\/types\/post"}],"author":[{"embeddable":true,"href":"http:\/\/juhasiro.fi\/blogi\/index.php?rest_route=\/wp\/v2\/users\/2"}],"replies":[{"embeddable":true,"href":"http:\/\/juhasiro.fi\/blogi\/index.php?rest_route=%2Fwp%2Fv2%2Fcomments&post=4966"}],"version-history":[{"count":5,"href":"http:\/\/juhasiro.fi\/blogi\/index.php?rest_route=\/wp\/v2\/posts\/4966\/revisions"}],"predecessor-version":[{"id":4973,"href":"http:\/\/juhasiro.fi\/blogi\/index.php?rest_route=\/wp\/v2\/posts\/4966\/revisions\/4973"}],"wp:attachment":[{"href":"http:\/\/juhasiro.fi\/blogi\/index.php?rest_route=%2Fwp%2Fv2%2Fmedia&parent=4966"}],"wp:term":[{"taxonomy":"category","embeddable":true,"href":"http:\/\/juhasiro.fi\/blogi\/index.php?rest_route=%2Fwp%2Fv2%2Fcategories&post=4966"},{"taxonomy":"post_tag","embeddable":true,"href":"http:\/\/juhasiro.fi\/blogi\/index.php?rest_route=%2Fwp%2Fv2%2Ftags&post=4966"}],"curies":[{"name":"wp","href":"https:\/\/api.w.org\/{rel}","templated":true}]}}