{"id":5074,"date":"2017-04-20T11:33:58","date_gmt":"2017-04-20T08:33:58","guid":{"rendered":"http:\/\/juhasiro.fi\/blogi\/?p=5074"},"modified":"2017-04-20T11:37:24","modified_gmt":"2017-04-20T08:37:24","slug":"tanaan-on-hitlerin-syntymapaiva","status":"publish","type":"post","link":"http:\/\/juhasiro.fi\/blogi\/?p=5074","title":{"rendered":"T\u00e4n\u00e4\u00e4n on Hitlerin syntym\u00e4p\u00e4iv\u00e4"},"content":{"rendered":"<p>K\u00e4yt\u00e4n kierr\u00e4tysmateriaalia toistamiseen \u2013 p\u00e4ivit\u00e4n tiukan aiheen ja sille haetun vastapainon ja lukusuosituksen. T\u00e4n\u00e4\u00e4n on Johtajan syntym\u00e4p\u00e4iv\u00e4. Adolf Hitler syntyi Branau am Innin kaupungissa It\u00e4vallassa 20.4.1889. Kuolinhetki Berliinin bunkkerissa oli vain kymmen p\u00e4iv\u00e4\u00e4 my\u00f6hemmin 30.4.1945.<\/p>\n<p><img loading=\"lazy\" decoding=\"async\" class=\"aligncenter size-full wp-image-5075\" src=\"http:\/\/juhasiro.fi\/blogi\/wp-content\/uploads\/perikato.jpg\" alt=\"\" width=\"515\" height=\"701\" srcset=\"http:\/\/juhasiro.fi\/blogi\/wp-content\/uploads\/perikato.jpg 515w, http:\/\/juhasiro.fi\/blogi\/wp-content\/uploads\/perikato-110x150.jpg 110w, http:\/\/juhasiro.fi\/blogi\/wp-content\/uploads\/perikato-220x300.jpg 220w\" sizes=\"auto, (max-width: 515px) 100vw, 515px\" \/><\/p>\n<p>Aihe on ajankohtainen. Olen vakuuttunut, ett\u00e4 t\u00e4m\u00e4n p\u00e4iv\u00e4n uusnatseilla ja kiihkonationalisteilla on historian tuntemuksessa syvi\u00e4 puutteita. Antiikin runoilija Horatiuksen sanoin: <em>\u201dVestigia terrent \u2013 J\u00e4ljet pelottavat.\u201d<\/em><\/p>\n<p>Oliver Hirschbiegelin elokuvassa <i>Perikato<\/i>, Bruno Gantz tekee Hitlerin\u00e4 k\u00e4sitt\u00e4m\u00e4tt\u00f6m\u00e4n hienon n\u00e4yttelij\u00e4suorituksen. H\u00e4n kykenee kaivamaan sis\u00e4lt\u00e4\u00e4n toisen persoonan. Uusilla katselukerroilla nyansseja l\u00f6ytyy aina lis\u00e4\u00e4. Koko elokuva on millintarkkaa historiallista ja psykologista draamaa.<\/p>\n<p>Katsottuani elokuvan aikanaan, luin sille vastapainoksi Etty Hillesumin dokumenttiromaanin <i>P\u00e4iv\u00e4kirja 1941- 1943<\/i>. Sattumalta syntynyt ajoitus ei olisi voinut olla parempi. Elokuva peilaa kirjaa \u2013 ja p\u00e4invastoin.<\/p>\n<p>Kliseisesti tiivistettyn\u00e4 j\u00e4lkeenj\u00e4\u00e4nyt P\u00e4iv\u00e4kirja on kuvaus hyv\u00e4n ja pahan taistelusta. Sek\u00e4 ihmisen sis\u00e4ll\u00e4, ett\u00e4 ulkopuolella. Hillesum k\u00e4ytt\u00e4\u00e4 sellaisia sanoja kuin Jumala ja sielu. Silti h\u00e4n ei kaunistele, vaan tuo esiin my\u00f6s omat heikkoutensa.<\/p>\n<p><img loading=\"lazy\" decoding=\"async\" class=\"aligncenter size-full wp-image-5077\" src=\"http:\/\/juhasiro.fi\/blogi\/wp-content\/uploads\/etty-1.jpg\" alt=\"\" width=\"515\" height=\"585\" srcset=\"http:\/\/juhasiro.fi\/blogi\/wp-content\/uploads\/etty-1.jpg 515w, http:\/\/juhasiro.fi\/blogi\/wp-content\/uploads\/etty-1-132x150.jpg 132w, http:\/\/juhasiro.fi\/blogi\/wp-content\/uploads\/etty-1-264x300.jpg 264w\" sizes=\"auto, (max-width: 515px) 100vw, 515px\" \/><\/p>\n<p>\u201dVoimakas viha saksalaisia kohtaa myrkytt\u00e4\u00e4 mielen. \/\u2026\/ Kunnes yht\u00e4kki\u00e4 muutamia viikkoja sitten tuli mieleeni vapauttava ajatus, joka pisti esiin rikkaruohoer\u00e4maasta kuin ep\u00e4r\u00f6iv\u00e4 pieni ruohonkorsi: jos olisi edes yksi kunnollinen saksalainen, h\u00e4n olisi sen arvoinen, ett\u00e4 h\u00e4nt\u00e4 suojeltaisiin kokonaista barbaarijoukkiota vastaan, ja sen yhden kunnollisen ansiosta ei pit\u00e4isi vihaa kohdistaa koko kansaan.\u201d<\/p>\n<p>Hillesumin k\u00e4rjistys kumpuaa vihasta ja kauhistuksesta, mutta johtop\u00e4\u00e4t\u00f6s sopii mit\u00e4 ter\u00e4vimmin my\u00f6s t\u00e4h\u00e4n p\u00e4iv\u00e4\u00e4n: \u201dErittelem\u00e4t\u00f6n viha on pahinta. Se on oman sielun sairautta.\u201d<\/p>\n<p>P\u00e4iv\u00e4kirjan sivuilta l\u00f6ytyy outoa voimaa, jota minun on vaikea selitt\u00e4\u00e4. Hillesum kasvoi Amsterdamissa, josta juutalaiset koottiin Westerborkin leirille, viimeiselle pys\u00e4kille ennen Aushwitzia. Etty Hillesum ei yritt\u00e4nyt piiloutua vaan meni leirille vapaaehtoisesti. Sit\u00e4k\u00e4\u00e4n en saata ymm\u00e4rt\u00e4\u00e4.<\/p>\n<p>\u201dK\u00e4rsimys ja ilo\u2026 lukemattomat julmuudet, kaikki t\u00e4m\u00e4 sulautuu minussa voimakkaaksi kokonaisuudeksi. Hyv\u00e4ksyn tuon yhteyden ja alan yh\u00e4 paremmin ymm\u00e4rt\u00e4\u00e4 kaikkea, vaikka en osaisi selitt\u00e4\u00e4 sit\u00e4 viel\u00e4 kenellek\u00e4\u00e4n. \/\u2026\/ Siksi minun t\u00e4ytyy el\u00e4\u00e4 niin hyvin ja vakaumuksellisesti kuin mahdollista viimeiseen henk\u00e4ykseeni saakka, niin ettei sen, joka tulee minun j\u00e4lkeeni, tarvitse aloittaa aivan alusta ja ettei h\u00e4nell\u00e4 ole en\u00e4\u00e4 yht\u00e4 vaikeata kuin minulla.\u201d<\/p>\n<p>\u2026\u2026\u2026\u2026\u2026\u2026\u2026\u2026\u2026\u2026\u2026\u2026\u2026\u2026\u2026\u2026\u2026&#8230;&#8230;&#8230;&#8230;&#8230;.<\/p>\n<p>Blogin ekstralinkki:<\/p>\n<p><a href=\"http:\/\/juhasiro.fi\/blogi\/?p=4817\">Nobelin rauhanpalkinto Adolf Hitlerille?<\/a><\/p>\n<p>\u2026\u2026\u2026\u2026\u2026\u2026\u2026\u2026\u2026\u2026\u2026\u2026\u2026\u2026\u2026\u2026\u2026&#8230;&#8230;&#8230;&#8230;&#8230;.<\/p>\n","protected":false},"excerpt":{"rendered":"<p>K\u00e4yt\u00e4n kierr\u00e4tysmateriaalia toistamiseen \u2013 p\u00e4ivit\u00e4n tiukan aiheen ja sille haetun vastapainon ja lukusuosituksen. T\u00e4n\u00e4\u00e4n on Johtajan syntym\u00e4p\u00e4iv\u00e4. Adolf Hitler syntyi Branau am Innin kaupungissa It\u00e4vallassa 20.4.1889. Kuolinhetki Berliinin bunkkerissa oli vain kymmen p\u00e4iv\u00e4\u00e4 my\u00f6hemmin 30.4.1945. Aihe on ajankohtainen. Olen vakuuttunut, ett\u00e4 t\u00e4m\u00e4n p\u00e4iv\u00e4n uusnatseilla ja kiihkonationalisteilla on historian tuntemuksessa syvi\u00e4 puutteita. Antiikin runoilija Horatiuksen sanoin: [&hellip;]<\/p>\n","protected":false},"author":2,"featured_media":0,"comment_status":"open","ping_status":"closed","sticky":false,"template":"","format":"standard","meta":{"footnotes":""},"categories":[146,136,197,70,529,1718],"tags":[1172,1236,1239,1234,2183],"class_list":["post-5074","post","type-post","status-publish","format-standard","hentry","category-elokuvat","category-kansallissosialismi","category-keskitysleirit","category-kirjat","category-sivistys","category-sotahistoria","tag-adolf-hitler","tag-etty-hillesum","tag-paivakirja-1941-1943","tag-perikato","tag-vestigia-terrent"],"_links":{"self":[{"href":"http:\/\/juhasiro.fi\/blogi\/index.php?rest_route=\/wp\/v2\/posts\/5074","targetHints":{"allow":["GET"]}}],"collection":[{"href":"http:\/\/juhasiro.fi\/blogi\/index.php?rest_route=\/wp\/v2\/posts"}],"about":[{"href":"http:\/\/juhasiro.fi\/blogi\/index.php?rest_route=\/wp\/v2\/types\/post"}],"author":[{"embeddable":true,"href":"http:\/\/juhasiro.fi\/blogi\/index.php?rest_route=\/wp\/v2\/users\/2"}],"replies":[{"embeddable":true,"href":"http:\/\/juhasiro.fi\/blogi\/index.php?rest_route=%2Fwp%2Fv2%2Fcomments&post=5074"}],"version-history":[{"count":2,"href":"http:\/\/juhasiro.fi\/blogi\/index.php?rest_route=\/wp\/v2\/posts\/5074\/revisions"}],"predecessor-version":[{"id":5079,"href":"http:\/\/juhasiro.fi\/blogi\/index.php?rest_route=\/wp\/v2\/posts\/5074\/revisions\/5079"}],"wp:attachment":[{"href":"http:\/\/juhasiro.fi\/blogi\/index.php?rest_route=%2Fwp%2Fv2%2Fmedia&parent=5074"}],"wp:term":[{"taxonomy":"category","embeddable":true,"href":"http:\/\/juhasiro.fi\/blogi\/index.php?rest_route=%2Fwp%2Fv2%2Fcategories&post=5074"},{"taxonomy":"post_tag","embeddable":true,"href":"http:\/\/juhasiro.fi\/blogi\/index.php?rest_route=%2Fwp%2Fv2%2Ftags&post=5074"}],"curies":[{"name":"wp","href":"https:\/\/api.w.org\/{rel}","templated":true}]}}