{"id":5477,"date":"2018-04-04T15:51:14","date_gmt":"2018-04-04T12:51:14","guid":{"rendered":"http:\/\/juhasiro.fi\/blogi\/?p=5477"},"modified":"2018-04-04T19:40:24","modified_gmt":"2018-04-04T16:40:24","slug":"aamulehden-toimittaja-matti-kuusela-kysyy-runoilija-viljo-kajava-vastaa","status":"publish","type":"post","link":"http:\/\/juhasiro.fi\/blogi\/?p=5477","title":{"rendered":"Aamulehden toimittaja Matti Kuusela kysyy \u2013 runoilija Viljo Kajava vastaa"},"content":{"rendered":"<p>Aamulehti seuraa p\u00e4iv\u00e4 p\u00e4iv\u00e4lt\u00e4 sadan vuoden takaisen sis\u00e4llissodan etenemist\u00e4 Tampereella. L\u00e4htein\u00e4 mm. Kaarlo Tiilil\u00e4n autenttiset p\u00e4iv\u00e4kirjat ja Timo Malmin ja Ari J\u00e4rvel\u00e4n teos <i>Tampere tulessa 1918. <\/i>Tiilil\u00e4 kirjoittaa taistelujen keskelt\u00e4: \u201dTeknillinen opisto ammuttiin iltap\u00e4iv\u00e4ll\u00e4 palamaan \u2013 ja kirkkaina sen liekit paloivat, kun katselin ikkunastani ja kuuntelin kranaattien vonkunaa.\u201d<\/p>\n<figure id=\"attachment_5478\" aria-describedby=\"caption-attachment-5478\" style=\"width: 710px\" class=\"wp-caption alignnone\"><img loading=\"lazy\" decoding=\"async\" class=\"size-full wp-image-5478\" src=\"http:\/\/juhasiro.fi\/blogi\/wp-content\/uploads\/2.jpg\" alt=\"\" width=\"710\" height=\"468\" srcset=\"http:\/\/juhasiro.fi\/blogi\/wp-content\/uploads\/2.jpg 710w, http:\/\/juhasiro.fi\/blogi\/wp-content\/uploads\/2-150x99.jpg 150w, http:\/\/juhasiro.fi\/blogi\/wp-content\/uploads\/2-300x198.jpg 300w\" sizes=\"auto, (max-width: 710px) 100vw, 710px\" \/><figcaption id=\"caption-attachment-5478\" class=\"wp-caption-text\">Kuva: Museokeskus Vapriikki.<\/figcaption><\/figure>\n<p>Toimittaja Matti Kuusela nostaa kipe\u00e4n aiheen kolumniinsa: \u201dPuhunko viel\u00e4kin lahtareista ja luokkasodasta?\u201d H\u00e4n hakee jutussaan vastausta tuntemaansa katkeruuteen ja inhimillist\u00e4 n\u00e4k\u00f6kulmaa tapahtumiin: \u201dKun t\u00e4m\u00e4n ymm\u00e4rr\u00e4n, saan vihdoin sielulleni rauhan eik\u00e4 minun tarvitse en\u00e4\u00e4 koskaan puristaa k\u00e4tt\u00e4 nyrkkiin, kun kuulen <i>J\u00e4\u00e4k\u00e4rimarssin<\/i>. Eik\u00e4 itke\u00e4 salaa, kun kuulen <i>Punaorvon valan<\/i>.\u201d<\/p>\n<p>Kolumninsa lopuksi Kuusela puntaroi luokkavihaa, eri osapuolten totuuksia ja kysyy: \u201dMit\u00e4 t\u00e4m\u00e4 t\u00e4llainen sovinnon kev\u00e4t oikein on?\u201d H\u00e4n p\u00e4\u00e4tt\u00e4\u00e4 tekstins\u00e4 katharsiksen kaipuuseen. Jo antiikin tragedioista tuttuun valaistumisen tunteen tavoitteluun, joka johtaa el\u00e4m\u00e4nhalun uudistumiseen ja voimistumiseen: \u201dVoisiko joku, esimerkiksi ihminen, kertoa minulle edes yhden tarinan, joka auttaisi eteenp\u00e4in, kohti sovintoa.\u201d Kuusela kysyy.<\/p>\n<figure id=\"attachment_5479\" aria-describedby=\"caption-attachment-5479\" style=\"width: 710px\" class=\"wp-caption alignnone\"><img loading=\"lazy\" decoding=\"async\" class=\"size-full wp-image-5479\" src=\"http:\/\/juhasiro.fi\/blogi\/wp-content\/uploads\/1.jpg\" alt=\"\" width=\"710\" height=\"426\" srcset=\"http:\/\/juhasiro.fi\/blogi\/wp-content\/uploads\/1.jpg 710w, http:\/\/juhasiro.fi\/blogi\/wp-content\/uploads\/1-150x90.jpg 150w, http:\/\/juhasiro.fi\/blogi\/wp-content\/uploads\/1-300x180.jpg 300w\" sizes=\"auto, (max-width: 710px) 100vw, 710px\" \/><figcaption id=\"caption-attachment-5479\" class=\"wp-caption-text\">Kuva: Museokeskus Vapriikki.<\/figcaption><\/figure>\n<p>Annetaan siis puheenvuoro aikalaistodistajalle, joka kirjoitti ulos vihansa, mutta lopulta my\u00f6s sovinnon ja kirkkaamman tulevaisuuden. \u201dJa min\u00e4 lapsi \/ seisoin t\u00e4ynn\u00e4 mustaa vihaa \/ mutta vaiti\u201d, kirjoittaa Viljo Kajava kokoelmassaan Tampereen runot. (Otava 1966).<\/p>\n<p>Ennen sit\u00e4 henkil\u00f6kohtainen muisto. Vaarini oli minulle l\u00e4heisempi ihminen kuin oma is\u00e4ni: miehen malli, ravustuskaveri, opettaja ja auktoriteetti monessa asiassa. H\u00e4n puhui sodista harvoin, jos lainkaan. Muistan vain yhden virkkeen: \u201dKolme sotaa (sis\u00e4llissota, talvisota, jatkosota) oli k\u00e4yt\u00e4v\u00e4\u2026 siihen viimeiseenkin piti l\u00e4hte\u00e4, muuten oltaisiin t\u00e4n\u00e4\u00e4n kaikki toppatakkien renkej\u00e4.\u201d<\/p>\n<p>Toppatakit olivat tietty neuvostosotilaita. Eik\u00e4 t\u00e4ss\u00e4 yhteydess\u00e4 ole merkityst\u00e4 kummalla puolella vaarini taisteli sis\u00e4llissodassa. En koskaan kuullut h\u00e4nen sanovan mit\u00e4\u00e4n negatiivista tai vihaan viittaavaa sotien vastapuolesta. En tied\u00e4 oliko tarkoituksellista katkaista sukupolvelta toiselle siirtyv\u00e4 katkeruus vai tavoitteliko vaarini menneiden muistojen unohtamista. Min\u00e4 j\u00e4in ik\u00e4\u00e4n kuin asian ulkopuolelle. Vasta aikuisi\u00e4ll\u00e4 olen lukenut kymmenet kirjat siit\u00e4, millaiset j\u00e4ljet sodista on historiaan j\u00e4\u00e4nyt.<\/p>\n<p>Viljo Kajavan (1909 \u2013 1998) tuotanto k\u00e4sitt\u00e4\u00e4 liki viisikymment\u00e4 teosta, enimm\u00e4kseen runoja, mutta my\u00f6s novelleja. Kajava uudisti aikansa modernia runok\u00e4sityst\u00e4. Itse pid\u00e4n Tampereen runoja h\u00e4nen keskeisimp\u00e4n\u00e4 teoksenaan. Jo mitta, 137 sivua oli lyhyiden kokoelmien aikana poikkeuksellinen. Teos on tihe\u00e4\u00e4, proosamaista teksti\u00e4, joka kokonaisuutena muodostaa tiukan kronologisen draaman kaaren.<\/p>\n<p>Kajava kirjoittaa historiasta muistojensa ja mielikuvien n\u00e4k\u00f6kulmasta, sis\u00e4llissodasta lapsen itse kokemana ja tulevaisuudesta aikuisen n\u00e4k\u00f6kulmasta. Kokoelma on otsikoitu kahdeksaan lukuun ja rakenne jakautuu imperfektiin, preesensiin ja futuuriin.<\/p>\n<p>Kajava aloittaa Tampereen runot \u201dsukupolvien takaa ajalta kauan ennen syntym\u00e4\u00e4ni.\u201d Ja jatkaa miten \u201dPitk\u00e4 pumpulilanka \/ yhdisti t\u00e4m\u00e4n kaupungin 1820-luvulla \/ Liverpooliin \/ ja sit\u00e4 pitkin t\u00e4nne tuli \/ englantilaista ja skotlantilaista \/ teollista taitoa ja \u00e4ly\u00e4; \/ monta miest\u00e4 tuli, \/ t\u00f6it\u00e4 riitti heille.\u201d<\/p>\n<p>Sis\u00e4llissodan kokemukset k\u00e4sitt\u00e4v\u00e4t valtaosan kokoelman runoista. Liikuttavia, raakoja ja lukijaa liki tulevia tekstej\u00e4. Mutta my\u00f6s nousua tragedian yl\u00e4puolelle ja oleellisen kiteytyst\u00e4:<\/p>\n<p>Tulipalon maku suussani k\u00e4velen H\u00e4meenkatua,<\/p>\n<p>palaneitten talojen luurangot<\/p>\n<p>eiv\u00e4t minua pelota,<\/p>\n<p>Pyynikin vahankeltaiset vainajat<\/p>\n<p>eiv\u00e4t minua pelota,<\/p>\n<p>Pispalantien tappio<\/p>\n<p>ei minua pelota,<\/p>\n<p>minua pelottaa ter\u00e4s<\/p>\n<p>jota oma aikani hioo l\u00e4himm\u00e4isens\u00e4 kurkkua vasten.<\/p>\n<figure id=\"attachment_5480\" aria-describedby=\"caption-attachment-5480\" style=\"width: 710px\" class=\"wp-caption alignnone\"><img loading=\"lazy\" decoding=\"async\" class=\"size-full wp-image-5480\" src=\"http:\/\/juhasiro.fi\/blogi\/wp-content\/uploads\/3.jpg\" alt=\"\" width=\"710\" height=\"470\" srcset=\"http:\/\/juhasiro.fi\/blogi\/wp-content\/uploads\/3.jpg 710w, http:\/\/juhasiro.fi\/blogi\/wp-content\/uploads\/3-150x99.jpg 150w, http:\/\/juhasiro.fi\/blogi\/wp-content\/uploads\/3-300x199.jpg 300w\" sizes=\"auto, (max-width: 710px) 100vw, 710px\" \/><figcaption id=\"caption-attachment-5480\" class=\"wp-caption-text\">Sorsapuiston lasten liikennepuisto, kuva: Tamperelainen.<\/figcaption><\/figure>\n<p>Kolumninsa lopuksi Matti Kuusela kysyy apua eteenp\u00e4in, kohti sovintoa. Ja n\u00e4in Viljo Kajava vastaa kokoelman viimeisess\u00e4 osiossa, joka on otsikoitu: <i>Eteenp\u00e4in.<\/i><\/p>\n<p>Unessani kierr\u00e4n piikkilankaa ker\u00e4lle<\/p>\n<p>revin sen lihastani irti<\/p>\n<p>irrotan sen aivojeni kudoksesta.<\/p>\n<p>Kierr\u00e4n piikkilankaa ker\u00e4lle<\/p>\n<p>ja kun se vihdoin on ker\u00e4ll\u00e4<\/p>\n<p>heit\u00e4n sen ulkoisimpaan pimeyteen<\/p>\n<p>ja v\u00e4hitellen<\/p>\n<p>niin kuin varhainen kukka maasta<\/p>\n<p>puhkeaa huulteni v\u00e4list\u00e4 riemulaulu.<\/p>\n<p>&#8230;&#8230;.<\/p>\n<p>Istuudun penkille.<\/p>\n<p>Vihre\u00e4 t\u00e4hti putoaa N\u00e4sij\u00e4rveen.<\/p>\n<p>On kylm\u00e4. P\u00e4\u00e4llystakkini hajoaa.<\/p>\n<p>Minusta hajoaa turha pois.<\/p>\n<p>\u2026\u2026\u2026\u2026\u2026\u2026\u2026\u2026\u2026\u2026&#8230;&#8230;<\/p>\n<p>Blogin aiemmat ekstralinkit<\/p>\n<p><a href=\"http:\/\/juhasiro.fi\/blogi\/?p=5036\">1. Anneli Kanto ja Lahtarit \u2013 kun sota karkaa k\u00e4sist\u00e4<\/a><\/p>\n<p><a href=\"http:\/\/juhasiro.fi\/blogi\/?p=2402\">2. Mik\u00e4 oli miehi\u00e4\u00e4n Tampereen perustaja, Kustaa III<\/a><\/p>\n<p>\u2026\u2026\u2026\u2026\u2026\u2026\u2026\u2026\u2026&#8230;&#8230;.<\/p>\n","protected":false},"excerpt":{"rendered":"<p>Aamulehti seuraa p\u00e4iv\u00e4 p\u00e4iv\u00e4lt\u00e4 sadan vuoden takaisen sis\u00e4llissodan etenemist\u00e4 Tampereella. L\u00e4htein\u00e4 mm. Kaarlo Tiilil\u00e4n autenttiset p\u00e4iv\u00e4kirjat ja Timo Malmin ja Ari J\u00e4rvel\u00e4n teos Tampere tulessa 1918. Tiilil\u00e4 kirjoittaa taistelujen keskelt\u00e4: \u201dTeknillinen opisto ammuttiin iltap\u00e4iv\u00e4ll\u00e4 palamaan \u2013 ja kirkkaina sen liekit paloivat, kun katselin ikkunastani ja kuuntelin kranaattien vonkunaa.\u201d Toimittaja Matti Kuusela nostaa kipe\u00e4n aiheen kolumniinsa: [&hellip;]<\/p>\n","protected":false},"author":2,"featured_media":0,"comment_status":"open","ping_status":"closed","sticky":false,"template":"","format":"standard","meta":{"footnotes":""},"categories":[358,64,7,130,529,1718],"tags":[155,2266,2265,2267,980,133],"class_list":["post-5477","post","type-post","status-publish","format-standard","hentry","category-journalismi","category-kirjalliset-nayttamot","category-lehtileikkeet","category-runous","category-sivistys","category-sotahistoria","tag-aamulehti","tag-kaarlo-tiilila","tag-matti-kuusela","tag-tampere-tulessa-1918","tag-tampereen-runot","tag-viljo-kajava"],"_links":{"self":[{"href":"http:\/\/juhasiro.fi\/blogi\/index.php?rest_route=\/wp\/v2\/posts\/5477","targetHints":{"allow":["GET"]}}],"collection":[{"href":"http:\/\/juhasiro.fi\/blogi\/index.php?rest_route=\/wp\/v2\/posts"}],"about":[{"href":"http:\/\/juhasiro.fi\/blogi\/index.php?rest_route=\/wp\/v2\/types\/post"}],"author":[{"embeddable":true,"href":"http:\/\/juhasiro.fi\/blogi\/index.php?rest_route=\/wp\/v2\/users\/2"}],"replies":[{"embeddable":true,"href":"http:\/\/juhasiro.fi\/blogi\/index.php?rest_route=%2Fwp%2Fv2%2Fcomments&post=5477"}],"version-history":[{"count":6,"href":"http:\/\/juhasiro.fi\/blogi\/index.php?rest_route=\/wp\/v2\/posts\/5477\/revisions"}],"predecessor-version":[{"id":5486,"href":"http:\/\/juhasiro.fi\/blogi\/index.php?rest_route=\/wp\/v2\/posts\/5477\/revisions\/5486"}],"wp:attachment":[{"href":"http:\/\/juhasiro.fi\/blogi\/index.php?rest_route=%2Fwp%2Fv2%2Fmedia&parent=5477"}],"wp:term":[{"taxonomy":"category","embeddable":true,"href":"http:\/\/juhasiro.fi\/blogi\/index.php?rest_route=%2Fwp%2Fv2%2Fcategories&post=5477"},{"taxonomy":"post_tag","embeddable":true,"href":"http:\/\/juhasiro.fi\/blogi\/index.php?rest_route=%2Fwp%2Fv2%2Ftags&post=5477"}],"curies":[{"name":"wp","href":"https:\/\/api.w.org\/{rel}","templated":true}]}}