{"id":5579,"date":"2018-07-13T13:24:43","date_gmt":"2018-07-13T10:24:43","guid":{"rendered":"http:\/\/juhasiro.fi\/blogi\/?p=5579"},"modified":"2018-07-13T13:24:43","modified_gmt":"2018-07-13T10:24:43","slug":"schjerfbeckin-varastettu-maalaus-heraa-henkiin","status":"publish","type":"post","link":"http:\/\/juhasiro.fi\/blogi\/?p=5579","title":{"rendered":"Schjerfbeckin varastettu maalaus her\u00e4\u00e4 henkiin"},"content":{"rendered":"<p>P\u00e4ivitys on muutaman p\u00e4iv\u00e4n my\u00f6h\u00e4ss\u00e4, mutta t\u00e4ss\u00e4 tulee. Kymmenes hein\u00e4kuuta vietettiin Suomen kuvataiteen p\u00e4iv\u00e4\u00e4. Sis\u00e4ministeri\u00f6 suositti liputusta. Samana p\u00e4iv\u00e4n\u00e4 ainoa maailmanluokan kuvataiteilijamme t\u00e4ytti 156 vuotta.<\/p>\n<p>Vuonna 2012 Ateneumin taidemuseo j\u00e4rjesti t\u00e4h\u00e4n menness\u00e4 laajimman Helene Schjerfbeckin (1862-1946) n\u00e4yttelyn. Esill\u00e4 oli 300 ty\u00f6t\u00e4 ja n\u00e4yttelyluetteloon kuvattuna 750 teosta. Yksi merkitt\u00e4v\u00e4 omakuvasarjan teos on kadoksissa edelleen: maalaus vuodelta 1921. Teos oli esill\u00e4 Eskilstunan taidemuseossa 1975. Ty\u00f6 varastettiin ja on sill\u00e4 tiell\u00e4\u00e4n.<\/p>\n<p><img loading=\"lazy\" decoding=\"async\" class=\"aligncenter size-full wp-image-5580\" src=\"http:\/\/juhasiro.fi\/blogi\/wp-content\/uploads\/helene.jpg\" alt=\"\" width=\"715\" height=\"587\" srcset=\"http:\/\/juhasiro.fi\/blogi\/wp-content\/uploads\/helene.jpg 715w, http:\/\/juhasiro.fi\/blogi\/wp-content\/uploads\/helene-150x123.jpg 150w, http:\/\/juhasiro.fi\/blogi\/wp-content\/uploads\/helene-300x246.jpg 300w\" sizes=\"auto, (max-width: 715px) 100vw, 715px\" \/><\/p>\n<p>Ruotsalainen taidehistorioitsija Lena Holger on ottanut maalauksesta ainoan tallella olevan v\u00e4rikuvan. Holger on tutkinut Schjerfbecki\u00e4 yli nelj\u00e4kymment\u00e4 vuotta. Viimeksi h\u00e4n urakoi seitsem\u00e4n vuotta taiteilijan kirjeenvaihdon parissa. Tutkimuksen tuloksena on julkaistu runsaasti kuvitettu kirja suomeksi ja ruotsiksi.<\/p>\n<p>\u00c5bo Akademin kirjastoon on tallennettu pari tuhatta Schjerfbeckin kirjett\u00e4. Liki kaikki taiteilijan l\u00e4hett\u00e4mi\u00e4. Itse saamansa kirjeet h\u00e4n tapasi polttaa ja suositteli sit\u00e4 my\u00f6s kirjeidens\u00e4 vastaanottajille.<\/p>\n<p>Schjerfbeck hallitsi ruotsin kielen lis\u00e4ksi ranskaa ja englantia, mutta ei suomea. Kirjeenvaihto oli h\u00e4nelle elint\u00e4rke\u00e4 dialogin ja yhteyden vuoksi, luetut kirjeet eiv\u00e4t sen j\u00e4lkeen merkinneet muuta kuin h\u00e4iritsev\u00e4\u00e4 materiaalia, jonka saattoi h\u00e4vitt\u00e4\u00e4.<\/p>\n<p>Kuvan ja sanan liitto on askarruttanut useita taiteilijoita. Da Vinci kirjoitti aiheesta esseen, jossa h\u00e4n todisteli kuvataiteilijan p\u00e4\u00e4m\u00e4\u00e4ri\u00e4 aidommiksi kuin runoilijan. Lauri Viidan sitaatin lainaan ulkomuistista, joten pahoittelen mahdollista ep\u00e4tarkkuutta. Ajatus pit\u00e4\u00e4 kutinsa: \u201dMill\u00e4\u00e4n muulla taiteen keinolla kuin kirjallisuudella ei ole mahdollista ilmaista, ett\u00e4 t\u00e4ss\u00e4 huoneessa ei ollut eilen kahta kaksivuotiasta vinttikoiraa.\u201d<\/p>\n<p>Kun palaan varastetun maalauksen kuvaan, joka julkaistiin Hesarissa 11.11.11. haluan pelastaa Schjerfbeckin maalauksen. Ep\u00e4todenn\u00e4k\u00f6ist\u00e4 kyll\u00e4, mutta se saattaa olla tuhoutunut. Runossa se voi el\u00e4\u00e4 ikuisesti. Ehk\u00e4 teksti kertoo my\u00f6s jotain kuvan ja sanan suhteesta. Moni t\u00e4\u00e4ll\u00e4 julkaistu runo l\u00f6ytyy kokoelmastani BABEL (Palladium Kirjat 2013). Niin t\u00e4m\u00e4kin, teksti numero 262.<\/p>\n<p>&#8230;&#8230;&#8230;&#8230;&#8230;&#8230;&#8230;&#8230;&#8230;&#8230;&#8230;&#8230;&#8230;&#8230;&#8230;&#8230;&#8230;&#8230;&#8230;&#8230;&#8230;&#8230;..<\/p>\n<p>T\u00e4m\u00e4 tila (122 x 90mm) ikuistaa kadonneen maalauksen:<\/p>\n<p>neli\u00f6n mittasuhteet, taustan v\u00e4ri oliivin, reunoiltaan<\/p>\n<p>se taittuu tummempaan sammaleen vihre\u00e4\u00e4n,<\/p>\n<p>saa l\u00e4hemp\u00e4n\u00e4 kasvoja l\u00e4mpim\u00e4n hiekan s\u00e4vyj\u00e4,<\/p>\n<p>kasvojen ovaali liki t\u00e4ydellinen, oikean posken kavennus<\/p>\n<p>ja leuan vasen k\u00e4rki antavat liikkeen rytmin,<\/p>\n<p>lyhyiden hiusten suurpiirteinen pinta ja liioitellun<\/p>\n<p>suuriksi kuvatut korvat korostavat kasvojen muotoa,<\/p>\n<p>oikean kulmakarvan kaari voimakkaan musta,<\/p>\n<p>vasen h\u00e4iv\u00e4hdys vain \u2013 raskaat silm\u00e4luomet samaa kaarta<\/p>\n<p>v\u00e4ri saksanp\u00e4hkin\u00e4n kovan kuoren ruskeaa,<\/p>\n<p>silmiin sivelty yht\u00e4 ja samaa pintaa \u2013 melkein mustaa,<\/p>\n<p>katseen ter\u00e4vyytt\u00e4 tukeva suun muoto,<\/p>\n<p>yl\u00e4huulen amorinkaari vailla keskustan kuoppaa ja<\/p>\n<p>symmetrisen alahuulen oikeassa sivussa ihons\u00e4vyinen kiilto,<\/p>\n<p>nen\u00e4n voimakas varjo korostaa kasvojen oikeaa puolta,<\/p>\n<p>niukan paletin tummat laikut nostavat poskip\u00e4it\u00e4 ja<\/p>\n<p>alaviistosta kuvatut kasvot on korotettu mustana v\u00e4reilev\u00e4n<\/p>\n<p>kauluksen luonnottoman korkealle jalustalle<\/p>\n<p>joka raottuu antaakseen tilaa puuterins\u00e4vyss\u00e4 hehkuvalle korulle.<\/p>\n<p>Hartioiden harmaa linja on olemattomaksi kavennettu, jotta kuva<\/p>\n<p>olisi koko ajan kohoamassa katsojan yl\u00e4puolelle.<\/p>\n<p>\u2026\u2026\u2026\u2026\u2026\u2026\u2026\u2026\u2026\u2026..<\/p>\n<p>Blogin aiemmat ekstralinkit<\/p>\n<p><a href=\"http:\/\/juhasiro.fi\/blogi\/?p=4307\">1. \u201dMuistutan kaikkia paitsi itse\u00e4ni\u201d<\/a><\/p>\n<p><a href=\"http:\/\/juhasiro.fi\/blogi\/?p=4621\">2. Outoa lohtua: \u201dMaailma, \u00e4l\u00e4 kysy\u201d<\/a><\/p>\n<p>\u2026\u2026\u2026\u2026\u2026\u2026\u2026\u2026\u2026\u2026..<\/p>\n","protected":false},"excerpt":{"rendered":"<p>P\u00e4ivitys on muutaman p\u00e4iv\u00e4n my\u00f6h\u00e4ss\u00e4, mutta t\u00e4ss\u00e4 tulee. Kymmenes hein\u00e4kuuta vietettiin Suomen kuvataiteen p\u00e4iv\u00e4\u00e4. Sis\u00e4ministeri\u00f6 suositti liputusta. Samana p\u00e4iv\u00e4n\u00e4 ainoa maailmanluokan kuvataiteilijamme t\u00e4ytti 156 vuotta. Vuonna 2012 Ateneumin taidemuseo j\u00e4rjesti t\u00e4h\u00e4n menness\u00e4 laajimman Helene Schjerfbeckin (1862-1946) n\u00e4yttelyn. Esill\u00e4 oli 300 ty\u00f6t\u00e4 ja n\u00e4yttelyluetteloon kuvattuna 750 teosta. Yksi merkitt\u00e4v\u00e4 omakuvasarjan teos on kadoksissa edelleen: maalaus vuodelta [&hellip;]<\/p>\n","protected":false},"author":2,"featured_media":0,"comment_status":"open","ping_status":"closed","sticky":false,"template":"","format":"standard","meta":{"footnotes":""},"categories":[358,4,87,88,90],"tags":[2033,1182,1184,2293],"class_list":["post-5579","post","type-post","status-publish","format-standard","hentry","category-journalismi","category-kulttuuri","category-kuvataide","category-kuvataiteilijat","category-moderni-kuvataide","tag-babel","tag-helene-schjerfbeck","tag-lena-holger","tag-suomen-kuvataiteen-paiva"],"_links":{"self":[{"href":"http:\/\/juhasiro.fi\/blogi\/index.php?rest_route=\/wp\/v2\/posts\/5579","targetHints":{"allow":["GET"]}}],"collection":[{"href":"http:\/\/juhasiro.fi\/blogi\/index.php?rest_route=\/wp\/v2\/posts"}],"about":[{"href":"http:\/\/juhasiro.fi\/blogi\/index.php?rest_route=\/wp\/v2\/types\/post"}],"author":[{"embeddable":true,"href":"http:\/\/juhasiro.fi\/blogi\/index.php?rest_route=\/wp\/v2\/users\/2"}],"replies":[{"embeddable":true,"href":"http:\/\/juhasiro.fi\/blogi\/index.php?rest_route=%2Fwp%2Fv2%2Fcomments&post=5579"}],"version-history":[{"count":2,"href":"http:\/\/juhasiro.fi\/blogi\/index.php?rest_route=\/wp\/v2\/posts\/5579\/revisions"}],"predecessor-version":[{"id":5582,"href":"http:\/\/juhasiro.fi\/blogi\/index.php?rest_route=\/wp\/v2\/posts\/5579\/revisions\/5582"}],"wp:attachment":[{"href":"http:\/\/juhasiro.fi\/blogi\/index.php?rest_route=%2Fwp%2Fv2%2Fmedia&parent=5579"}],"wp:term":[{"taxonomy":"category","embeddable":true,"href":"http:\/\/juhasiro.fi\/blogi\/index.php?rest_route=%2Fwp%2Fv2%2Fcategories&post=5579"},{"taxonomy":"post_tag","embeddable":true,"href":"http:\/\/juhasiro.fi\/blogi\/index.php?rest_route=%2Fwp%2Fv2%2Ftags&post=5579"}],"curies":[{"name":"wp","href":"https:\/\/api.w.org\/{rel}","templated":true}]}}