{"id":5634,"date":"2018-08-21T17:46:25","date_gmt":"2018-08-21T14:46:25","guid":{"rendered":"http:\/\/juhasiro.fi\/blogi\/?p=5634"},"modified":"2018-09-03T18:21:13","modified_gmt":"2018-09-03T15:21:13","slug":"rengin-pojanpoikana-pysyn-vaikka-minulla-olisi-rahaa-niskassa-paksulti-kuin-haahkalla-hoyhenta","status":"publish","type":"post","link":"http:\/\/juhasiro.fi\/blogi\/?p=5634","title":{"rendered":"\u201dRengin pojanpoikana pysyn, vaikka minulla olisi rahaa niskassa paksulti kuin haahkalla h\u00f6yhent\u00e4\u201d"},"content":{"rendered":"<p>Piti kirjoittamani t\u00e4nne viel\u00e4 <em>Alastalon salin<\/em>, Volter Kilven romaanin suuresta kaaresta. Yhteiskunnan ja yksil\u00f6iden kuvauksesta, joka jakaa koko kansan kehityst\u00e4. Mutta viel\u00e4 ennen sit\u00e4 pit\u00e4\u00e4 ottaa lyhyesti fokukseen yhden el\u00e4m\u00e4n tarina.<\/p>\n<p><img loading=\"lazy\" decoding=\"async\" class=\"aligncenter size-full wp-image-5635\" src=\"http:\/\/juhasiro.fi\/blogi\/wp-content\/uploads\/No.jpg\" alt=\"\" width=\"715\" height=\"640\" srcset=\"http:\/\/juhasiro.fi\/blogi\/wp-content\/uploads\/No.jpg 715w, http:\/\/juhasiro.fi\/blogi\/wp-content\/uploads\/No-150x134.jpg 150w, http:\/\/juhasiro.fi\/blogi\/wp-content\/uploads\/No-300x269.jpg 300w\" sizes=\"auto, (max-width: 715px) 100vw, 715px\" \/><\/p>\n<p>Mainitsin jo aiemmin, miten romaanin henkil\u00f6ist\u00e4 yksi nousee muita t\u00e4rke\u00e4mm\u00e4ksi kertomuksen kannalta. Vastarannan kiiski Pukkila on mukana koko kerronnan mitalta ja asettuu vastapariksi kaikkien muiden avainhenkil\u00f6iden kanssa. Monesti mainitaan h\u00e4nen vikkel\u00e4 j\u00e4rjenjuoksunsa, mutta sosiaalisten taitojen \u00e4rh\u00e4kkyys.<\/p>\n<p>Minulla on tapana k\u00e4\u00e4nnell\u00e4 koirankorvia kirjan sivuille ja viist\u00e4\u00e4 peukalon kynnell\u00e4 merkkej\u00e4 mariginaaliin. Alastaloa lukiessa tein merkint\u00f6j\u00e4 my\u00f6s muistikirjaan. Kaikesta huolimatta yksi t\u00e4rkeimmist\u00e4 asioista oli menn\u00e4 sivu silmien. No, sellainenkin muisti minulla on, ett\u00e4 tarina hahmottuu kuvina ja tied\u00e4n mist\u00e4 hakea kyseist\u00e4 kohtaa, jopa niin, ett\u00e4 onko teksti ollut oikealla vai vasemmalla sivulla, yl\u00e4- vai alaosassa.<\/p>\n<p><img loading=\"lazy\" decoding=\"async\" class=\"aligncenter size-full wp-image-5636\" src=\"http:\/\/juhasiro.fi\/blogi\/wp-content\/uploads\/Pukkila1.jpg\" alt=\"\" width=\"715\" height=\"529\" srcset=\"http:\/\/juhasiro.fi\/blogi\/wp-content\/uploads\/Pukkila1.jpg 715w, http:\/\/juhasiro.fi\/blogi\/wp-content\/uploads\/Pukkila1-150x111.jpg 150w, http:\/\/juhasiro.fi\/blogi\/wp-content\/uploads\/Pukkila1-300x222.jpg 300w\" sizes=\"auto, (max-width: 715px) 100vw, 715px\" \/><\/p>\n<p>L\u00f6ysin siis melko nopsaan mielt\u00e4ni kaivertaneen kohdan. Kaikki suuret stoorit antiikin tragedioista l\u00e4htien tarvitsevat vastavoiman ja kertomuksen kiteytyksen. Simppeli ja kliseinen k\u00e4rjistykseni on pyhimykset ja paholaiset. Volter Kilven romaanissa j\u00e4rk\u00e4ht\u00e4m\u00e4tt\u00f6mien ihmissuhteiden m\u00e4\u00e4ritelm\u00e4 alkaa n\u00e4in:<\/p>\n<p>\u201dSe on pirua, mutta se on totta: Langholman silmiss\u00e4 ei p\u00e4\u00e4se mies miehen veroiseksi, ei rahalla, ei ostamallakaan, eik\u00e4 ole, ei hemmetiss\u00e4, omasta mielest\u00e4\u00e4nk\u00e4\u00e4n h\u00e4nen rinnallaan miehen veroinen, ellei ole sukua, suvun juurta, suvun perhanan piparjuurta, en paremmin sano: jos on isois\u00e4 ollut renki, niin kuin pahus minulla, ja nainut tytt\u00e4ren ja tullut talolliseksi, nainut tytt\u00e4ren, liukas mies, Pukkilan tytt\u00e4ren, saakeli ja tullut is\u00e4nn\u00e4ksi, Pukkilan is\u00e4nn\u00e4ksi, peijakas; jumaliste, rengin pojanpoika min\u00e4 olen Langholman silmiss\u00e4 ja viel\u00e4 Langholman pojankin silmiss\u00e4 el\u00e4m\u00e4ni p\u00e4iv\u00e4t ja rengin pojanpoikana pysyn, vaikka minulla olisi rahaa niskassa paksulti kuin haahkalla h\u00f6yhent\u00e4!\u201d<\/p>\n<p>Ja jos nyt t\u00e4h\u00e4n syvint\u00e4 s\u00e4rm\u00e4\u00e4 hakisi, romaanin lopussa nousee pintaan Pukkilan pohdinta omista pojistaan: Janne on Jata-Fiina -piian kanssa tehty erehdys, mutta harmillisen p\u00e4tev\u00e4 ja komea nuorimies, jota Alastalon Sivi\u00e4 katsoo avioehdokkaana. Virallinen poika \u201dmeid\u00e4n Evald\u201d on saamaton lapanen, jota is\u00e4 yritt\u00e4\u00e4 koota miehen mittoihin.<\/p>\n<p>Jos romaanin lukuvauhti on kiihtynyt, viimeisill\u00e4 sadalla sivulla kannattaa hidastaa. Raha ja valta syvenev\u00e4t tarinassa, samoin p\u00e4\u00e4henkil\u00f6n persoona ja k\u00e4yt\u00f6ksen syyt. Kuten jo sanoin, Petter Filemon Pihlman Pukkilan persoona kannattelee tarinaa loppuun saakka.<\/p>\n<p>\u2026\u2026\u2026\u2026\u2026\u2026\u2026\u2026\u2026\u2026\u2026<\/p>\n<p>Blogin ekstralinkit:<\/p>\n<ol>\n<li><a href=\"http:\/\/juhasiro.fi\/blogi\/?p=5140\">SOS-mediassa joku kuvitteli satojen vuosien l\u00e4vitse kulkemisesta ihan muuta. Mutta matkaa ei tehd\u00e4 k\u00e4velem\u00e4ll\u00e4, vaan ajattelemalla!<\/a><\/li>\n<li><a href=\"http:\/\/juhasiro.fi\/blogi\/?p=4599\">Oletko jo t\u00e4m\u00e4n lukenut: Aivan ylitt\u00e4m\u00e4t\u00f6n kirja aloitus.<\/a><\/li>\n<\/ol>\n<p>\u2026\u2026\u2026\u2026\u2026\u2026\u2026\u2026\u2026\u2026\u2026<\/p>\n","protected":false},"excerpt":{"rendered":"<p>Piti kirjoittamani t\u00e4nne viel\u00e4 Alastalon salin, Volter Kilven romaanin suuresta kaaresta. Yhteiskunnan ja yksil\u00f6iden kuvauksesta, joka jakaa koko kansan kehityst\u00e4. Mutta viel\u00e4 ennen sit\u00e4 pit\u00e4\u00e4 ottaa lyhyesti fokukseen yhden el\u00e4m\u00e4n tarina. Mainitsin jo aiemmin, miten romaanin henkil\u00f6ist\u00e4 yksi nousee muita t\u00e4rke\u00e4mm\u00e4ksi kertomuksen kannalta. Vastarannan kiiski Pukkila on mukana koko kerronnan mitalta ja asettuu vastapariksi kaikkien [&hellip;]<\/p>\n","protected":false},"author":2,"featured_media":0,"comment_status":"open","ping_status":"closed","sticky":false,"template":"","format":"standard","meta":{"footnotes":""},"categories":[123,118,30],"tags":[2295,2294],"class_list":["post-5634","post","type-post","status-publish","format-standard","hentry","category-lukeminen","category-romaanin-kieli","category-suosikkikirjat","tag-alastalon-salissa","tag-volter-kilpi"],"_links":{"self":[{"href":"http:\/\/juhasiro.fi\/blogi\/index.php?rest_route=\/wp\/v2\/posts\/5634","targetHints":{"allow":["GET"]}}],"collection":[{"href":"http:\/\/juhasiro.fi\/blogi\/index.php?rest_route=\/wp\/v2\/posts"}],"about":[{"href":"http:\/\/juhasiro.fi\/blogi\/index.php?rest_route=\/wp\/v2\/types\/post"}],"author":[{"embeddable":true,"href":"http:\/\/juhasiro.fi\/blogi\/index.php?rest_route=\/wp\/v2\/users\/2"}],"replies":[{"embeddable":true,"href":"http:\/\/juhasiro.fi\/blogi\/index.php?rest_route=%2Fwp%2Fv2%2Fcomments&post=5634"}],"version-history":[{"count":6,"href":"http:\/\/juhasiro.fi\/blogi\/index.php?rest_route=\/wp\/v2\/posts\/5634\/revisions"}],"predecessor-version":[{"id":5643,"href":"http:\/\/juhasiro.fi\/blogi\/index.php?rest_route=\/wp\/v2\/posts\/5634\/revisions\/5643"}],"wp:attachment":[{"href":"http:\/\/juhasiro.fi\/blogi\/index.php?rest_route=%2Fwp%2Fv2%2Fmedia&parent=5634"}],"wp:term":[{"taxonomy":"category","embeddable":true,"href":"http:\/\/juhasiro.fi\/blogi\/index.php?rest_route=%2Fwp%2Fv2%2Fcategories&post=5634"},{"taxonomy":"post_tag","embeddable":true,"href":"http:\/\/juhasiro.fi\/blogi\/index.php?rest_route=%2Fwp%2Fv2%2Ftags&post=5634"}],"curies":[{"name":"wp","href":"https:\/\/api.w.org\/{rel}","templated":true}]}}