{"id":5761,"date":"2018-11-30T17:20:25","date_gmt":"2018-11-30T15:20:25","guid":{"rendered":"http:\/\/juhasiro.fi\/blogi\/?p=5761"},"modified":"2018-11-30T17:20:25","modified_gmt":"2018-11-30T15:20:25","slug":"jo-maanantaina-ollaan-ateenassa-mennessa-jutellaan-kuolleiden-kanssa","status":"publish","type":"post","link":"http:\/\/juhasiro.fi\/blogi\/?p=5761","title":{"rendered":"Jo maanantaina ollaan Ateenassa \u2013 menness\u00e4 jutellaan kuolleiden kanssa"},"content":{"rendered":"<p>Piti kirjoittamani blogiin t\u00e4n\u00e4\u00e4n Krista Launosen moniulotteisesta kirjasta <i>Ofelian suru<\/i>. ( Avain 2018) Se on luettuna, mutta kiteytt\u00e4v\u00e4\u00e4n analyysiin ei ole nyt aikaa. Jo maanantaina olen kirjaililijaliiton residenssiss\u00e4 Ateenassa. Aamup\u00e4iv\u00e4t kuluvat kirjoittaessa, iltap\u00e4ivisin on aika l\u00e4hte\u00e4 liikkeelle. Ty\u00f6p\u00f6yd\u00e4n taakse Pyynikinharjun kupeeseen palaan joulun j\u00e4lkeen. P\u00e4ivityksen kuvat ovat edellisilt\u00e4 matkoilta.<\/p>\n<p><img loading=\"lazy\" decoding=\"async\" class=\"aligncenter size-full wp-image-5762\" src=\"http:\/\/juhasiro.fi\/blogi\/wp-content\/uploads\/1-1.jpg\" alt=\"\" width=\"715\" height=\"536\" srcset=\"http:\/\/juhasiro.fi\/blogi\/wp-content\/uploads\/1-1.jpg 715w, http:\/\/juhasiro.fi\/blogi\/wp-content\/uploads\/1-1-150x112.jpg 150w, http:\/\/juhasiro.fi\/blogi\/wp-content\/uploads\/1-1-300x225.jpg 300w\" sizes=\"auto, (max-width: 715px) 100vw, 715px\" \/><\/p>\n<p>En t\u00e4h\u00e4n h\u00e4t\u00e4\u00e4n muista monesko kerta t\u00e4m\u00e4 on Ateenassa, viides \u2013 tai kuudes. Kirjoittamisenkin kannalta residenssireissut ovat sujuneet hyvin. Nyt l\u00e4htee mukaan kaksi k\u00e4sist\u00e4, mutta vain toiseen on tarkoitus keskitty\u00e4. Toinen saattaa vaatia vain muistiinpanojen kirjaamista.<\/p>\n<p><img loading=\"lazy\" decoding=\"async\" class=\"aligncenter size-full wp-image-5763\" src=\"http:\/\/juhasiro.fi\/blogi\/wp-content\/uploads\/2-1.jpg\" alt=\"\" width=\"715\" height=\"568\" srcset=\"http:\/\/juhasiro.fi\/blogi\/wp-content\/uploads\/2-1.jpg 715w, http:\/\/juhasiro.fi\/blogi\/wp-content\/uploads\/2-1-150x119.jpg 150w, http:\/\/juhasiro.fi\/blogi\/wp-content\/uploads\/2-1-300x238.jpg 300w\" sizes=\"auto, (max-width: 715px) 100vw, 715px\" \/><\/p>\n<p><img loading=\"lazy\" decoding=\"async\" class=\"aligncenter size-full wp-image-5764\" src=\"http:\/\/juhasiro.fi\/blogi\/wp-content\/uploads\/3-1.jpg\" alt=\"\" width=\"715\" height=\"555\" srcset=\"http:\/\/juhasiro.fi\/blogi\/wp-content\/uploads\/3-1.jpg 715w, http:\/\/juhasiro.fi\/blogi\/wp-content\/uploads\/3-1-150x116.jpg 150w, http:\/\/juhasiro.fi\/blogi\/wp-content\/uploads\/3-1-300x233.jpg 300w\" sizes=\"auto, (max-width: 715px) 100vw, 715px\" \/><\/p>\n<p>Blogi p\u00e4ivitt\u00e4\u00e4 siis lyhyesti Perjantairunolla. Ja t\u00e4mm\u00f6isenkin huomasin: esikoisteokseni julkaisusta on kaksikymment\u00e4 vuotta. Jos mainostaisin, voisin toki muistuttaa romaanistani <i>Yll\u00e4mme kaartuva taivas<\/i>, joka julkaistaan tammi-helmikuussa. (<a href=\"https:\/\/issuu.com\/likepublishing\/docs\/katalogi_valmis_pressqual\">linkki<\/a>) Ei kliseit\u00e4 t\u00e4h\u00e4n ajan nopeasta kulumisesta, mutta runo kokoelmastani <i>Vapaa pudotus<\/i>. (Like 1998)<\/p>\n<p><img loading=\"lazy\" decoding=\"async\" class=\"aligncenter size-full wp-image-5765\" src=\"http:\/\/juhasiro.fi\/blogi\/wp-content\/uploads\/1.a.jpg\" alt=\"\" width=\"715\" height=\"531\" srcset=\"http:\/\/juhasiro.fi\/blogi\/wp-content\/uploads\/1.a.jpg 715w, http:\/\/juhasiro.fi\/blogi\/wp-content\/uploads\/1.a-150x111.jpg 150w, http:\/\/juhasiro.fi\/blogi\/wp-content\/uploads\/1.a-300x223.jpg 300w\" sizes=\"auto, (max-width: 715px) 100vw, 715px\" \/><\/p>\n<p>Vauhti tekee ilmasta niin vahvaa,<\/p>\n<p>ett\u00e4 sata tonnia rautaa ja ihmisen lihaa pysyy<\/p>\n<p>pilvien p\u00e4\u00e4ll\u00e4.<\/p>\n<p>Leonardo ajatteli siipien liikkeit\u00e4,<\/p>\n<p>mietti miten olla ilmaa kevyempi ja vett\u00e4 raskaampi.<\/p>\n<p>Linnuilla on ontot luut, minulla<span class=\"Apple-converted-space\">\u00a0<\/span><\/p>\n<p>metallisiivet, mieleen valahtanut sulaa lyijy\u00e4.<\/p>\n<p>Alla tuhat j\u00e4rve\u00e4 j\u00e4\u00e4tym\u00e4ss\u00e4, aurinkoon y\u00f6n matka.<\/p>\n<p>Olen varannut viereeni tyhj\u00e4n tuolin kuolleille,<\/p>\n<p>heill\u00e4 on aikaa puhua kanssani.<\/p>\n<p>Monitori n\u00e4ytt\u00e4\u00e4 miten kaikki j\u00e4\u00e4 taakse<\/p>\n<p>kahdeksansadan kilometrin tuntivauhtia.<\/p>\n<p>K\u00e4ym\u00e4l\u00e4n automaatti imaisee virtsan<\/p>\n<p>ja jokaisen tipan k\u00e4sienpesuvett\u00e4.<\/p>\n<p>Aineen ja ajatusten h\u00e4vi\u00e4m\u00e4tt\u00f6myyden laki t\u00e4yttyy:<\/p>\n<p>yhdest\u00e4k\u00e4\u00e4n pisarasta on mahdoton<\/p>\n<p>p\u00e4\u00e4st\u00e4 lopullisesti eroon.<\/p>\n<p>\u2026\u2026\u2026\u2026\u2026\u2026\u2026\u2026\u2026\u2026\u2026\u2026\u2026.<\/p>\n<p>Blogin ekstralinkit:<\/p>\n<p><a href=\"http:\/\/juhasiro.fi\/blogi\/?p=1072\">1. Leonardo \u2013 ja sivun novellini Finnairin Blue Wingsiss\u00e4<\/a><\/p>\n<p><a href=\"http:\/\/juhasiro.fi\/blogi\/?p=2539\">2. Kreikan kriisit ja kalakauppias Vasilis<\/a><\/p>\n<p>\u2026\u2026\u2026\u2026\u2026\u2026\u2026\u2026\u2026\u2026\u2026\u2026\u2026.<\/p>\n","protected":false},"excerpt":{"rendered":"<p>Piti kirjoittamani blogiin t\u00e4n\u00e4\u00e4n Krista Launosen moniulotteisesta kirjasta Ofelian suru. ( Avain 2018) Se on luettuna, mutta kiteytt\u00e4v\u00e4\u00e4n analyysiin ei ole nyt aikaa. Jo maanantaina olen kirjaililijaliiton residenssiss\u00e4 Ateenassa. Aamup\u00e4iv\u00e4t kuluvat kirjoittaessa, iltap\u00e4ivisin on aika l\u00e4hte\u00e4 liikkeelle. Ty\u00f6p\u00f6yd\u00e4n taakse Pyynikinharjun kupeeseen palaan joulun j\u00e4lkeen. P\u00e4ivityksen kuvat ovat edellisilt\u00e4 matkoilta. En t\u00e4h\u00e4n h\u00e4t\u00e4\u00e4n muista monesko kerta [&hellip;]<\/p>\n","protected":false},"author":2,"featured_media":0,"comment_status":"open","ping_status":"closed","sticky":false,"template":"","format":"standard","meta":{"footnotes":""},"categories":[273,4,272,130],"tags":[2028,1994,699,78,1214],"class_list":["post-5761","post","type-post","status-publish","format-standard","hentry","category-ateena","category-kulttuuri","category-kuulumisia-kauempaa","category-runous","tag-ateena","tag-ateenan-suomen-instituutti","tag-blue-wings","tag-juha-siro","tag-vapaa-pudotus"],"_links":{"self":[{"href":"http:\/\/juhasiro.fi\/blogi\/index.php?rest_route=\/wp\/v2\/posts\/5761","targetHints":{"allow":["GET"]}}],"collection":[{"href":"http:\/\/juhasiro.fi\/blogi\/index.php?rest_route=\/wp\/v2\/posts"}],"about":[{"href":"http:\/\/juhasiro.fi\/blogi\/index.php?rest_route=\/wp\/v2\/types\/post"}],"author":[{"embeddable":true,"href":"http:\/\/juhasiro.fi\/blogi\/index.php?rest_route=\/wp\/v2\/users\/2"}],"replies":[{"embeddable":true,"href":"http:\/\/juhasiro.fi\/blogi\/index.php?rest_route=%2Fwp%2Fv2%2Fcomments&post=5761"}],"version-history":[{"count":2,"href":"http:\/\/juhasiro.fi\/blogi\/index.php?rest_route=\/wp\/v2\/posts\/5761\/revisions"}],"predecessor-version":[{"id":5767,"href":"http:\/\/juhasiro.fi\/blogi\/index.php?rest_route=\/wp\/v2\/posts\/5761\/revisions\/5767"}],"wp:attachment":[{"href":"http:\/\/juhasiro.fi\/blogi\/index.php?rest_route=%2Fwp%2Fv2%2Fmedia&parent=5761"}],"wp:term":[{"taxonomy":"category","embeddable":true,"href":"http:\/\/juhasiro.fi\/blogi\/index.php?rest_route=%2Fwp%2Fv2%2Fcategories&post=5761"},{"taxonomy":"post_tag","embeddable":true,"href":"http:\/\/juhasiro.fi\/blogi\/index.php?rest_route=%2Fwp%2Fv2%2Ftags&post=5761"}],"curies":[{"name":"wp","href":"https:\/\/api.w.org\/{rel}","templated":true}]}}