{"id":582,"date":"2009-12-12T18:06:27","date_gmt":"2009-12-12T15:06:27","guid":{"rendered":"http:\/\/juhasiro.fi\/blogi\/?p=582"},"modified":"2009-12-13T13:34:02","modified_gmt":"2009-12-13T10:34:02","slug":"marilyn-runeberg-ehdokkaat","status":"publish","type":"post","link":"http:\/\/juhasiro.fi\/blogi\/?p=582","title":{"rendered":"Marilyn &#038; Runeberg-ehdokkaat"},"content":{"rendered":"<p>Alkusyksyst\u00e4 julkaistu romaanini Marilynin hiuspinni on ehdolla Runeberg-palkinnolle. Olen ilahtunut. <strong><a href=\"http:\/\/yle.fi\/uutiset\/kulttuuri\/2009\/12\/esiraadin_kommentit_runeberg-ehdokkaista_1259189.html\" target=\"_blank\">YLE:n sivuille<\/a><\/strong> on koottu kompaktiin pakettiin esiraadin arviot valitusta kirjoista. Itse en ole viel\u00e4 ehtinyt tutustua kuin Carlsonin kirjaan ja Suomeen palattua uuden k\u00e4siksenkin jatko j\u00e4\u00e4 hetkeksi j\u00e4ihin, hoidettavia asioita on kertynyt. Onneksi hyv\u00e4t kirjat eiv\u00e4t happane vaikka aina kypsyy uusi sato.<\/p>\n<p><img loading=\"lazy\" decoding=\"async\" class=\"aligncenter size-full wp-image-583\" title=\"Carlson, Fagerholm, Hotakainen, Karlstr\u00f6m, Verronen, Ilvesheimo, Siro\" src=\"http:\/\/juhasiro.fi\/blogi\/wp-content\/uploads\/2009\/12\/ehdokkaat.jpg\" alt=\"Carlson, Fagerholm, Hotakainen, Karlstr\u00f6m, Verronen, Ilvesheimo, Siro\" width=\"515\" height=\"326\" srcset=\"http:\/\/juhasiro.fi\/blogi\/wp-content\/uploads\/2009\/12\/ehdokkaat.jpg 515w, http:\/\/juhasiro.fi\/blogi\/wp-content\/uploads\/2009\/12\/ehdokkaat-300x189.jpg 300w\" sizes=\"auto, (max-width: 515px) 100vw, 515px\" \/><\/p>\n","protected":false},"excerpt":{"rendered":"<p>Alkusyksyst\u00e4 julkaistu romaanini Marilynin hiuspinni on ehdolla Runeberg-palkinnolle. Olen ilahtunut. YLE:n sivuille on koottu kompaktiin pakettiin esiraadin arviot valitusta kirjoista. Itse en ole viel\u00e4 ehtinyt tutustua kuin Carlsonin kirjaan ja Suomeen palattua uuden k\u00e4siksenkin jatko j\u00e4\u00e4 hetkeksi j\u00e4ihin, hoidettavia asioita on kertynyt. Onneksi hyv\u00e4t kirjat eiv\u00e4t happane vaikka aina kypsyy uusi sato.<\/p>\n","protected":false},"author":2,"featured_media":0,"comment_status":"open","ping_status":"open","sticky":false,"template":"","format":"standard","meta":{"footnotes":""},"categories":[3,161,123,44],"tags":[341,78,125,119,340,339,342],"class_list":["post-582","post","type-post","status-publish","format-standard","hentry","category-kirjallisuus","category-kirjallisuuspalkinnot","category-lukeminen","category-uutiset","tag-gerry-birgit-ilvesheimo","tag-juha-siro","tag-kari-hotakainen","tag-kristina-carlson","tag-maarit-verronen","tag-monika-fagerholm","tag-sanna-karlstrom"],"_links":{"self":[{"href":"http:\/\/juhasiro.fi\/blogi\/index.php?rest_route=\/wp\/v2\/posts\/582","targetHints":{"allow":["GET"]}}],"collection":[{"href":"http:\/\/juhasiro.fi\/blogi\/index.php?rest_route=\/wp\/v2\/posts"}],"about":[{"href":"http:\/\/juhasiro.fi\/blogi\/index.php?rest_route=\/wp\/v2\/types\/post"}],"author":[{"embeddable":true,"href":"http:\/\/juhasiro.fi\/blogi\/index.php?rest_route=\/wp\/v2\/users\/2"}],"replies":[{"embeddable":true,"href":"http:\/\/juhasiro.fi\/blogi\/index.php?rest_route=%2Fwp%2Fv2%2Fcomments&post=582"}],"version-history":[{"count":8,"href":"http:\/\/juhasiro.fi\/blogi\/index.php?rest_route=\/wp\/v2\/posts\/582\/revisions"}],"predecessor-version":[{"id":591,"href":"http:\/\/juhasiro.fi\/blogi\/index.php?rest_route=\/wp\/v2\/posts\/582\/revisions\/591"}],"wp:attachment":[{"href":"http:\/\/juhasiro.fi\/blogi\/index.php?rest_route=%2Fwp%2Fv2%2Fmedia&parent=582"}],"wp:term":[{"taxonomy":"category","embeddable":true,"href":"http:\/\/juhasiro.fi\/blogi\/index.php?rest_route=%2Fwp%2Fv2%2Fcategories&post=582"},{"taxonomy":"post_tag","embeddable":true,"href":"http:\/\/juhasiro.fi\/blogi\/index.php?rest_route=%2Fwp%2Fv2%2Ftags&post=582"}],"curies":[{"name":"wp","href":"https:\/\/api.w.org\/{rel}","templated":true}]}}