{"id":5851,"date":"2019-02-28T14:00:50","date_gmt":"2019-02-28T12:00:50","guid":{"rendered":"http:\/\/juhasiro.fi\/blogi\/?p=5851"},"modified":"2019-03-04T12:25:10","modified_gmt":"2019-03-04T10:25:10","slug":"sana-voi-kuvan-korvata-ja-painvastoin","status":"publish","type":"post","link":"http:\/\/juhasiro.fi\/blogi\/?p=5851","title":{"rendered":"Sana voi korvata kuvan \u2013 ja p\u00e4invastoin?"},"content":{"rendered":"<p style=\"padding-left: 30px;\">Parin viikon takainen Hesarin juttu kertoi belgialaisen surrealistitaiteilija Ren\u00e9 Magritten (1898\u20131967) n\u00e4yttelyst\u00e4 Amos Rexiss\u00e4. En ole ollut t\u00e4ysin varaukseton Magritte-fani, mutta h\u00e4nen vuosina 1927\u20131928 toteuttamansa \u201dLes amants\u201d-maalaussarja edustaa modernin kuvataiteen ehdotonta huippua. Taustatarinan mukaan nuori Ren\u00e9 n\u00e4ki, miten h\u00e4nen hukuttautunut \u00e4itins\u00e4 nostettiin Sambre-joesta ja vaatetus oli kiertynyt h\u00e4nen kasvojensa ymp\u00e4rille.<\/p>\n<p><img loading=\"lazy\" decoding=\"async\" class=\"aligncenter size-full wp-image-5852\" src=\"http:\/\/juhasiro.fi\/blogi\/wp-content\/uploads\/Rene.jpg\" alt=\"\" width=\"715\" height=\"534\" srcset=\"http:\/\/juhasiro.fi\/blogi\/wp-content\/uploads\/Rene.jpg 715w, http:\/\/juhasiro.fi\/blogi\/wp-content\/uploads\/Rene-150x112.jpg 150w, http:\/\/juhasiro.fi\/blogi\/wp-content\/uploads\/Rene-300x224.jpg 300w\" sizes=\"auto, (max-width: 715px) 100vw, 715px\" \/><\/p>\n<p>Saksin n\u00e4yttelyjutusta leikkeen, jossa on itselleni merkityksellinen huomio. Olen korostuskyn\u00e4ll\u00e4 huomioimastani tekstist\u00e4 yht\u00e4 mielt\u00e4. Kun laitoin kuvan FB-sivulleni, sain lukuisia mielenkiintoisia kommentteja. Toiset ehdottomasti eri mielt\u00e4 \u2013 toiset saattoi tulkita jotakuinkin yhtenev\u00e4iseksi. Plus ne, jotka halusivat lis\u00e4t\u00e4 tiukkaan n\u00e4kemykseen lis\u00e4tulkintoja.<\/p>\n<p><img loading=\"lazy\" decoding=\"async\" class=\"aligncenter size-full wp-image-5853\" src=\"http:\/\/juhasiro.fi\/blogi\/wp-content\/uploads\/Leike.jpg\" alt=\"\" width=\"704\" height=\"377\" srcset=\"http:\/\/juhasiro.fi\/blogi\/wp-content\/uploads\/Leike.jpg 704w, http:\/\/juhasiro.fi\/blogi\/wp-content\/uploads\/Leike-150x80.jpg 150w, http:\/\/juhasiro.fi\/blogi\/wp-content\/uploads\/Leike-300x161.jpg 300w\" sizes=\"auto, (max-width: 704px) 100vw, 704px\" \/><\/p>\n<p>Sanan ja kuvan vastaavuus aistillisena kokemuksena on kiinnostanut minua nelivuotiaasta saakka. En osannut viel\u00e4 lukea, mutta kuolemaa tekev\u00e4n isoiso\u00e4itini vuoteen vierell\u00e4 selasin Dor\u00e9n kuvaraamattua. Samanlainen, vuoden 1886 painos kuuluu ty\u00f6huoneeni vakivarustukseen.<\/p>\n<p>Olen ker\u00e4nnyt vuosien varrella kuvan ja sanan kokemuksesta ja yhtenev\u00e4isyydest\u00e4 sek\u00e4 tutkimuksiin perustuvaa ett\u00e4 \u201dn\u00e4kemyksellist\u00e4\u201d tietoa. Pengoin muistiinpanoja ja tsekkailin l\u00e4hdekirjojen alleviivauksia. Nostan t\u00e4h\u00e4n vain seitsem\u00e4n kiteytetty\u00e4 pointtia. Ehk\u00e4 ne k\u00e4yv\u00e4t esimerkiksi siit\u00e4, ettei ensimm\u00e4iseen ajatukseen tai oivallukseen kannata koskaan pys\u00e4hty\u00e4. P\u00e4tee kaikkeen mit\u00e4 ihmisen p\u00e4\u00e4ss\u00e4 liikkuu.<\/p>\n<p>1. Leena Krohn kirjoittaa esseekokoelmassaan Rapina (wsoy 1989) otsikolla <i>Kieli on kolmas silm\u00e4<\/i>: \u201dKatson peiliin ja n\u00e4en, ett\u00e4 minulla on kaksi silm\u00e4\u00e4. Mutta kolmatta silm\u00e4\u00e4ni en voi n\u00e4hd\u00e4, koska se on n\u00e4kym\u00e4t\u00f6n. Silti se on todellinen, ja samanlainen silm\u00e4 on kaikilla t\u00e4ss\u00e4 kaupungissa. Ihmisen n\u00e4k\u00f6 on triokul\u00e4\u00e4rinen, ei binokul\u00e4\u00e4rinen.\u201d<\/p>\n<p>2. Berliinil\u00e4isen Humboldtin yliopiston tutkimuksen mukaan kieli ohjaa sit\u00e4, miten havainnoimme maailmaa. \u201dKieli vaikuttaa my\u00f6s varhaiseen, automaattiseen <i>visuaaliseen<\/i> prosessointiin.\u201d Yorkin yliopiston tutkijat ovat tehneet samat johtop\u00e4\u00e4t\u00f6kset: \u201dKieli vaikuttaa ihmisen kykyyn eritell\u00e4 aistikokemuksia.\u201d<\/p>\n<figure id=\"attachment_5854\" aria-describedby=\"caption-attachment-5854\" style=\"width: 715px\" class=\"wp-caption aligncenter\"><img loading=\"lazy\" decoding=\"async\" class=\"size-full wp-image-5854\" src=\"http:\/\/juhasiro.fi\/blogi\/wp-content\/uploads\/Paul-Delvaux-The-Tunnel-.jpg\" alt=\"\" width=\"715\" height=\"460\" srcset=\"http:\/\/juhasiro.fi\/blogi\/wp-content\/uploads\/Paul-Delvaux-The-Tunnel-.jpg 715w, http:\/\/juhasiro.fi\/blogi\/wp-content\/uploads\/Paul-Delvaux-The-Tunnel--150x97.jpg 150w, http:\/\/juhasiro.fi\/blogi\/wp-content\/uploads\/Paul-Delvaux-The-Tunnel--300x193.jpg 300w\" sizes=\"auto, (max-width: 715px) 100vw, 715px\" \/><figcaption id=\"caption-attachment-5854\" class=\"wp-caption-text\">Paul Delvaux: The Tunnel 1978.<\/figcaption><\/figure>\n<p>3. Wittgenstein on kirjoittanut \u201dkielen kuvateoriasta\u201d, jossa kieli ihannetilanteessa muodostaa todellisuuden peilikuvan. H\u00e4nen mukaansa teoriat eiv\u00e4t voi sanoa mit\u00e4\u00e4n havaintokokemuksen ulkopuolelle j\u00e4\u00e4vist\u00e4, k\u00e4sityskyvyn ylitt\u00e4vist\u00e4 havainnoista mit\u00e4\u00e4n.<\/p>\n<p>4. Merkitt\u00e4v\u00e4 kielellisen \u201dsuhteellisuusteorian\u201d edustaja, amerikkalainen Benjamin Whorf esitt\u00e4\u00e4 miten lukutaidottomat ja primitiiviset yhteis\u00f6t saattavat ilment\u00e4\u00e4 ihmisen \u00e4lyn toimintaa korkeammalla ja monimutkaisemmalla tasolla kuin \u201dsivistyneet\u201d kulttuurit. \u201dOlemme kielen avulla tehneet v\u00e4liaikaisen analyysin todellisuudesta ik\u00e4\u00e4n kuin se olisi lopullinen. Ajattelun ja sen kielellisen taustan uudelleen arviointi veisi tiet\u00e4myst\u00e4mme suuren askelen eteenp\u00e4in.\u201d<\/p>\n<p>5. T\u00e4m\u00e4n Einsteinin pohdinnan olen jakanut aiemminkin: \u201dSanoilla tai kielell\u00e4 sellaisena kuin ne puhutaan tai kirjoitetaan ei n\u00e4yt\u00e4 olevan mit\u00e4\u00e4n osuutta ajattelumekanismissani. Sanat ja muut merkit on etsitt\u00e4v\u00e4 vaivalloisesti vasta toisessa vaiheessa, kun mainittu assosioiva peli on riitt\u00e4v\u00e4sti vakiinnutettu.\u201d<span class=\"Apple-converted-space\">\u00a0<\/span><\/p>\n<p>6. Yksil\u00f6n kokema synestesia voi sekoittaa aisteja. Ihminen saattaa n\u00e4hd\u00e4 numerot, kirjaimet ja sanat v\u00e4rillisin\u00e4. Kirjailijana en itse voi sanallistaa todellisia tai kuviteltuja tapahtumia, ellen n\u00e4e niit\u00e4 ensin mieless\u00e4ni kuvina ja kolmiulotteisina tilakokemuksina.<\/p>\n<p>7. Julkaisussaan Language, Mind and Reality, Benjamin Whorf sanoo: \u201dKieless\u00e4 tapahtuva muutos voi muuttaa k\u00e4sityksemme maailmankaikkeudesta.\u201d<\/p>\n<p>\u2026\u2026\u2026\u2026\u2026\u2026\u2026\u2026\u2026\u2026\u2026&#8230;..<\/p>\n<p>Ekstralinkit<\/p>\n<p><a href=\"http:\/\/juhasiro.fi\/blogi\/?p=5557\">1. \u201dVaikene runoilija, joka et ymm\u00e4rr\u00e4 mit\u00e4 puhut\u201d<\/a><\/p>\n<p><a href=\"http:\/\/juhasiro.fi\/blogi\/?p=4790\">2. Milt\u00e4 meid\u00e4n pit\u00e4isi n\u00e4ytt\u00e4\u00e4?<\/a><\/p>\n<p>\u2026\u2026\u2026\u2026\u2026\u2026\u2026\u2026\u2026\u2026\u2026&#8230;..<\/p>\n","protected":false},"excerpt":{"rendered":"<p>Parin viikon takainen Hesarin juttu kertoi belgialaisen surrealistitaiteilija Ren\u00e9 Magritten (1898\u20131967) n\u00e4yttelyst\u00e4 Amos Rexiss\u00e4. En ole ollut t\u00e4ysin varaukseton Magritte-fani, mutta h\u00e4nen vuosina 1927\u20131928 toteuttamansa \u201dLes amants\u201d-maalaussarja edustaa modernin kuvataiteen ehdotonta huippua. Taustatarinan mukaan nuori Ren\u00e9 n\u00e4ki, miten h\u00e4nen hukuttautunut \u00e4itins\u00e4 nostettiin Sambre-joesta ja vaatetus oli kiertynyt h\u00e4nen kasvojensa ymp\u00e4rille. Saksin n\u00e4yttelyjutusta leikkeen, jossa on [&hellip;]<\/p>\n","protected":false},"author":2,"featured_media":0,"comment_status":"open","ping_status":"closed","sticky":false,"template":"","format":"standard","meta":{"footnotes":""},"categories":[87,88,7,123],"tags":[2347,2348,665,1410],"class_list":["post-5851","post","type-post","status-publish","format-standard","hentry","category-kuvataide","category-kuvataiteilijat","category-lehtileikkeet","category-lukeminen","tag-amos-rex","tag-benjamin-whorf","tag-leena-krohn","tag-rene-magritte"],"_links":{"self":[{"href":"http:\/\/juhasiro.fi\/blogi\/index.php?rest_route=\/wp\/v2\/posts\/5851","targetHints":{"allow":["GET"]}}],"collection":[{"href":"http:\/\/juhasiro.fi\/blogi\/index.php?rest_route=\/wp\/v2\/posts"}],"about":[{"href":"http:\/\/juhasiro.fi\/blogi\/index.php?rest_route=\/wp\/v2\/types\/post"}],"author":[{"embeddable":true,"href":"http:\/\/juhasiro.fi\/blogi\/index.php?rest_route=\/wp\/v2\/users\/2"}],"replies":[{"embeddable":true,"href":"http:\/\/juhasiro.fi\/blogi\/index.php?rest_route=%2Fwp%2Fv2%2Fcomments&post=5851"}],"version-history":[{"count":5,"href":"http:\/\/juhasiro.fi\/blogi\/index.php?rest_route=\/wp\/v2\/posts\/5851\/revisions"}],"predecessor-version":[{"id":5859,"href":"http:\/\/juhasiro.fi\/blogi\/index.php?rest_route=\/wp\/v2\/posts\/5851\/revisions\/5859"}],"wp:attachment":[{"href":"http:\/\/juhasiro.fi\/blogi\/index.php?rest_route=%2Fwp%2Fv2%2Fmedia&parent=5851"}],"wp:term":[{"taxonomy":"category","embeddable":true,"href":"http:\/\/juhasiro.fi\/blogi\/index.php?rest_route=%2Fwp%2Fv2%2Fcategories&post=5851"},{"taxonomy":"post_tag","embeddable":true,"href":"http:\/\/juhasiro.fi\/blogi\/index.php?rest_route=%2Fwp%2Fv2%2Ftags&post=5851"}],"curies":[{"name":"wp","href":"https:\/\/api.w.org\/{rel}","templated":true}]}}