{"id":592,"date":"2009-12-17T19:38:36","date_gmt":"2009-12-17T16:38:36","guid":{"rendered":"http:\/\/juhasiro.fi\/blogi\/?p=592"},"modified":"2009-12-17T19:43:05","modified_gmt":"2009-12-17T16:43:05","slug":"julmuuden-ja-vakivallan-estetiikkaa","status":"publish","type":"post","link":"http:\/\/juhasiro.fi\/blogi\/?p=592","title":{"rendered":"Julmuuden ja v\u00e4kivallan estetiikkaa"},"content":{"rendered":"<p>Kerroin alkuviikosta aamutelkassa lukevani enimm\u00e4kseen k\u00e4\u00e4nn\u00f6skirjallisuutta. Korjaan kurssia v\u00e4lill\u00e4 ja otan kuurin kotimaista proosaa. Tommi Melenderin Finlandia-ehdokas, <em>Ranskalainen yst\u00e4v\u00e4<\/em> on luettu juuri. Nyt kirja l\u00e4htee kiertoon suomalaisille yst\u00e4villeni.<\/p>\n<p>Olen pit\u00e4nyt kiinni lukemisen ja kirjoittamisen &#8221;pyh\u00e4st\u00e4 kolminaisuudesta&#8221;: KIELI, RAKENNE ja TARINA. Jos edell\u00e4mainituista yksikin horjahtaa, tulos ei toimi laatuluokan romaanina. Tosin, kun kaksi ensinmainittua on timmiss\u00e4 kunnossa, kevyemm\u00e4nkin tarinan painoarvo voi olla maailmankirjallisuuden luokkaa.<\/p>\n<p><img loading=\"lazy\" decoding=\"async\" class=\"aligncenter size-full wp-image-593\" title=\"Tommi Melender: Ranskalainen yst\u00e4v\u00e4, 2009\" src=\"http:\/\/juhasiro.fi\/blogi\/wp-content\/uploads\/2009\/12\/melender.jpg\" alt=\"Tommi Melender: Ranskalainen yst\u00e4v\u00e4, 2009\" width=\"515\" height=\"399\" srcset=\"http:\/\/juhasiro.fi\/blogi\/wp-content\/uploads\/2009\/12\/melender.jpg 515w, http:\/\/juhasiro.fi\/blogi\/wp-content\/uploads\/2009\/12\/melender-300x232.jpg 300w\" sizes=\"auto, (max-width: 515px) 100vw, 515px\" \/><\/p>\n<p>Melenderin romaani on teksti\u00e4ns\u00e4 suurempi allegoria. Yhteiskunnan pahoinvoinnin kuvauksissa ovat k\u00e4yt\u00f6ss\u00e4 kovat keinot: v\u00e4kivalta, petos, pahuus ja rikollisuus. Melender osaa asiansa kirjailijana, mainitsemani kolminaisuus toimii. Ennen kaikkea Ranskalaisen yst\u00e4v\u00e4n kieli on briljeeraavan t\u00e4sm\u00e4llist\u00e4. Romaani on hyv\u00e4. Nostan silti t\u00e4h\u00e4n viel\u00e4 yhden n\u00e4k\u00f6kulman: lukukokemuksen estetiikan. Eik\u00e4 sill\u00e4 ole mit\u00e4\u00e4n tekemist\u00e4 moraalin tai siihen verrattavien arvojen kanssa.<\/p>\n<p>V\u00e4kivalta (Raamatusta ja saduista l\u00e4htien) on aina ollut oleellinen osa kirjallisuutta. Olen aiemmissa postauksissani maininnut <em>J.M.Coetzeen<\/em> yksil\u00f6n alistamisen n\u00e4k\u00f6kulman ja kirjannut <em>Albert<\/em> <em>Camus<\/em>\u00b4n romaanin <em>Sivullinen &#8211;<\/em>avainkatkelman, jossa kertoja ampuu syytt\u00f6m\u00e4n arabin eleett\u00f6m\u00e4sti ja vailla mink\u00e4\u00e4nlaista tunnelatausta.<\/p>\n<p>Melenderin romaanin suhteen j\u00e4\u00e4n &#8221;outsideriksi&#8221;. Nahkani l\u00e4pi p\u00e4\u00e4sisi pehme\u00e4mm\u00e4ll\u00e4 estetiikalla, k\u00e4tketty on usein tehokkaammin l\u00e4sn\u00e4 kuin raaka ja paljas. Oman aavistuksen muistij\u00e4lki painuu syvemm\u00e4lle ja pysyv\u00e4mm\u00e4ksi. Silti Ranskalainen yst\u00e4v\u00e4 on ehdottomasti lukemisen arvoinen romaani. Sen tematiikka ja minuun vetoava viesti kiteytyy jo sivulla 145:<\/p>\n<p>Flaubert kirjotti er\u00e4\u00e4ss\u00e4 kirjeess\u00e4\u00e4n: <em>Ei, en min\u00e4 usko &#8221;onnea mahdolliseksi&#8221;, mutta mielenrauhan kyll\u00e4kin. Siksi pysyttelen et\u00e4\u00e4ll\u00e4 siit\u00e4 mik\u00e4 minua \u00e4rsytt\u00e4\u00e4. Olen ep\u00e4seurallinen. Siisp\u00e4 pakenen yhteiskuntaa. Ja voin hyv<\/em>in.<\/p>\n<p>Lopuksi lienee kohtuullista, ett\u00e4 kerron mik\u00e4 &#8221;paheen&#8221; ja rikollisuuden kuvaus on kyennyt tekem\u00e4\u00e4n minuun kirjallisesti syvimm\u00e4n vaikutuksen. Luettuani <em>Varkaan p\u00e4iv\u00e4kirjan<\/em> yli kymmenen vuotta sitten, kuvani <em>Jean Genetist\u00e4<\/em> kirjallisena nerona ei ole hiipunut. Romaanin pahuuden, petoksen ja n\u00f6yrtymisen n\u00e4k\u00f6kulma on ainutlaatuinen.<\/p>\n","protected":false},"excerpt":{"rendered":"<p>Kerroin alkuviikosta aamutelkassa lukevani enimm\u00e4kseen k\u00e4\u00e4nn\u00f6skirjallisuutta. Korjaan kurssia v\u00e4lill\u00e4 ja otan kuurin kotimaista proosaa. Tommi Melenderin Finlandia-ehdokas, Ranskalainen yst\u00e4v\u00e4 on luettu juuri. Nyt kirja l\u00e4htee kiertoon suomalaisille yst\u00e4villeni. Olen pit\u00e4nyt kiinni lukemisen ja kirjoittamisen &#8221;pyh\u00e4st\u00e4 kolminaisuudesta&#8221;: KIELI, RAKENNE ja TARINA. Jos edell\u00e4mainituista yksikin horjahtaa, tulos ei toimi laatuluokan romaanina. Tosin, kun kaksi ensinmainittua on timmiss\u00e4 [&hellip;]<\/p>\n","protected":false},"author":2,"featured_media":0,"comment_status":"open","ping_status":"open","sticky":false,"template":"","format":"standard","meta":{"footnotes":""},"categories":[343,96,118,30],"tags":[346,345,264,263,344],"class_list":["post-592","post","type-post","status-publish","format-standard","hentry","category-kirjallinen-estetiikka","category-maailmankirjallisuus","category-romaanin-kieli","category-suosikkikirjat","tag-flaubert","tag-jean-gennet","tag-ranskalainen-ystava","tag-tommi-melender","tag-varkaan-paivakirja"],"_links":{"self":[{"href":"http:\/\/juhasiro.fi\/blogi\/index.php?rest_route=\/wp\/v2\/posts\/592","targetHints":{"allow":["GET"]}}],"collection":[{"href":"http:\/\/juhasiro.fi\/blogi\/index.php?rest_route=\/wp\/v2\/posts"}],"about":[{"href":"http:\/\/juhasiro.fi\/blogi\/index.php?rest_route=\/wp\/v2\/types\/post"}],"author":[{"embeddable":true,"href":"http:\/\/juhasiro.fi\/blogi\/index.php?rest_route=\/wp\/v2\/users\/2"}],"replies":[{"embeddable":true,"href":"http:\/\/juhasiro.fi\/blogi\/index.php?rest_route=%2Fwp%2Fv2%2Fcomments&post=592"}],"version-history":[{"count":7,"href":"http:\/\/juhasiro.fi\/blogi\/index.php?rest_route=\/wp\/v2\/posts\/592\/revisions"}],"predecessor-version":[{"id":600,"href":"http:\/\/juhasiro.fi\/blogi\/index.php?rest_route=\/wp\/v2\/posts\/592\/revisions\/600"}],"wp:attachment":[{"href":"http:\/\/juhasiro.fi\/blogi\/index.php?rest_route=%2Fwp%2Fv2%2Fmedia&parent=592"}],"wp:term":[{"taxonomy":"category","embeddable":true,"href":"http:\/\/juhasiro.fi\/blogi\/index.php?rest_route=%2Fwp%2Fv2%2Fcategories&post=592"},{"taxonomy":"post_tag","embeddable":true,"href":"http:\/\/juhasiro.fi\/blogi\/index.php?rest_route=%2Fwp%2Fv2%2Ftags&post=592"}],"curies":[{"name":"wp","href":"https:\/\/api.w.org\/{rel}","templated":true}]}}