{"id":601,"date":"2009-12-22T15:57:21","date_gmt":"2009-12-22T12:57:21","guid":{"rendered":"http:\/\/juhasiro.fi\/blogi\/?p=601"},"modified":"2009-12-22T15:57:21","modified_gmt":"2009-12-22T12:57:21","slug":"elaman-tarkoitus-%e2%80%93-850-grammaa","status":"publish","type":"post","link":"http:\/\/juhasiro.fi\/blogi\/?p=601","title":{"rendered":"El\u00e4m\u00e4n tarkoitus \u2013 850 grammaa"},"content":{"rendered":"<p>Joku on kuvan tarinan jo kuullut. Sopii se silti toistaa n\u00e4in joulun aikaan. Syntymisen ihmeest\u00e4 kun on kysymys. Tasan kahdeksan vuotta sitten avasin Hesarin, ja siin\u00e4 se oli, nimi\u00f6sivulla aivan luonnollisen kokoisena. Vastasyntynyt tytt\u00f6, 28-viikkoinen ja 850 gramman painoinen.<\/p>\n<p><img loading=\"lazy\" decoding=\"async\" class=\"aligncenter size-full wp-image-602\" title=\"Kuva: Liisa Takala\/Helsingin Sanomat\" src=\"http:\/\/juhasiro.fi\/blogi\/wp-content\/uploads\/2009\/12\/tiiti.jpg\" alt=\"Kuva: Liisa Takala\/Helsingin Sanomat\" width=\"515\" height=\"350\" srcset=\"http:\/\/juhasiro.fi\/blogi\/wp-content\/uploads\/2009\/12\/tiiti.jpg 515w, http:\/\/juhasiro.fi\/blogi\/wp-content\/uploads\/2009\/12\/tiiti-300x203.jpg 300w\" sizes=\"auto, (max-width: 515px) 100vw, 515px\" \/><\/p>\n<p>Kuva s\u00e4v\u00e4ytti. Olin juuri l\u00e4hett\u00e4nyt kustantajalle uuden runokirjan k\u00e4siksen. Kokoelmalla oli kliseisen haastava nimi: <em>El\u00e4m\u00e4n tarkoitus<\/em>. Runon tekemisen ty\u00f6ss\u00e4 kannattaa yritt\u00e4\u00e4 vain mahdotonta. Arkinen ajattelu on meille kaikille jo tuttua.<\/p>\n<p>Soitin kuvan ottaneelle Liisa Takalalle ja kysyin josko saisin k\u00e4ytt\u00e4\u00e4 otosta. Kun pieni keskonen kotiutui ja vanhemmatkin suostuivat, terhakka taistelija p\u00e4\u00e4tyi kansikuvaksi. El\u00e4m\u00e4n ihme kytee joskus pienell\u00e4 liekill\u00e4 ja on normaaliakin riippuvaisempi toisten ihmisten huolehtivista k\u00e4sist\u00e4.<\/p>\n<p>Runon valitsen t\u00e4n\u00e4\u00e4n\u00a0<em>Mustasta runokirjasta<\/em>. Se sopii kuvaan ja jouluun. Pyhin\u00e4 sopii mietti\u00e4 my\u00f6s perimm\u00e4isi\u00e4 kysymyksi\u00e4. Olen vierastanut tunnustuksellista uskoa, koska sellaiseen liittyy usein oikeassa olemisen tarve, ihmisen itsens\u00e4 muovaama ja tulkitsema k\u00e4sitys Jumalan tarkoituksesta ja tahdosta. Silti runon nimi on Credo, joka merkitsee <em>min\u00e4 uskon<\/em>. Ehk\u00e4p\u00e4 itse el\u00e4m\u00e4n ihmeeseen uskominen on kylliksi.<\/p>\n<p>C R E D O<\/p>\n<p>Tunnustus on vastahakoisesti aukeava \/ haava, jota sidon yh\u00e4 uudelleen. \/ Kynttil\u00e4n liekki huoneen nurkassa, tuli joka kytee \/ seitsem\u00e4n sadep\u00e4iv\u00e4n j\u00e4lkeen.<\/p>\n<p>En tule valmiiksi. Olen kateellinen \/ sinulle, joka et el\u00e4 t\u00e4\u00e4ll\u00e4 uskon varassa \/ vaan oman varmuutesi. \/ Min\u00e4 uskon jumaliin, yhdess\u00e4 ja erikseen, \/ Jeesukseen ja muihin vapahtajiin. Juudakseen, \/ jolle annettiin raskain taakka.<\/p>\n<p>Uskon lapseen ennen kuin se on syntynyt. \/ Nelj\u00e4ntoista viikon ik\u00e4iseen siki\u00f6\u00f6n, \/ yhdeks\u00e4n sentin mittaiseen. \/ Sill\u00e4 on samanlaiset k\u00e4det kuin minulla, \/ sormenj\u00e4lkineen ja kynsineen. Se leijuu \/ lapsivedess\u00e4 kuin avaruuslent\u00e4j\u00e4, \/ jonka napanuora kiinnitt\u00e4\u00e4 el\u00e4m\u00e4st\u00e4 el\u00e4m\u00e4\u00e4n. \/ Syd\u00e4n sykkii, kierr\u00e4tt\u00e4\u00e4 verta ja happea. \/ H\u00e4m\u00e4r\u00e4ss\u00e4 hohtavat aivot \/ pergamenttia ohuemman ihon l\u00e4vitse.<\/p>\n","protected":false},"excerpt":{"rendered":"<p>Joku on kuvan tarinan jo kuullut. Sopii se silti toistaa n\u00e4in joulun aikaan. Syntymisen ihmeest\u00e4 kun on kysymys. Tasan kahdeksan vuotta sitten avasin Hesarin, ja siin\u00e4 se oli, nimi\u00f6sivulla aivan luonnollisen kokoisena. Vastasyntynyt tytt\u00f6, 28-viikkoinen ja 850 gramman painoinen. Kuva s\u00e4v\u00e4ytti. Olin juuri l\u00e4hett\u00e4nyt kustantajalle uuden runokirjan k\u00e4siksen. Kokoelmalla oli kliseisen haastava nimi: El\u00e4m\u00e4n tarkoitus. [&hellip;]<\/p>\n","protected":false},"author":2,"featured_media":0,"comment_status":"open","ping_status":"open","sticky":false,"template":"","format":"standard","meta":{"footnotes":""},"categories":[63,130,254,347],"tags":[348,269,350,349],"class_list":["post-601","post","type-post","status-publish","format-standard","hentry","category-kirjoittamisen-ideat","category-runous","category-unohdettujen-runojen-klinikka","category-valokuvat","tag-credo","tag-joulu","tag-musta-runokirja","tag-uskontunnustus"],"_links":{"self":[{"href":"http:\/\/juhasiro.fi\/blogi\/index.php?rest_route=\/wp\/v2\/posts\/601","targetHints":{"allow":["GET"]}}],"collection":[{"href":"http:\/\/juhasiro.fi\/blogi\/index.php?rest_route=\/wp\/v2\/posts"}],"about":[{"href":"http:\/\/juhasiro.fi\/blogi\/index.php?rest_route=\/wp\/v2\/types\/post"}],"author":[{"embeddable":true,"href":"http:\/\/juhasiro.fi\/blogi\/index.php?rest_route=\/wp\/v2\/users\/2"}],"replies":[{"embeddable":true,"href":"http:\/\/juhasiro.fi\/blogi\/index.php?rest_route=%2Fwp%2Fv2%2Fcomments&post=601"}],"version-history":[{"count":6,"href":"http:\/\/juhasiro.fi\/blogi\/index.php?rest_route=\/wp\/v2\/posts\/601\/revisions"}],"predecessor-version":[{"id":608,"href":"http:\/\/juhasiro.fi\/blogi\/index.php?rest_route=\/wp\/v2\/posts\/601\/revisions\/608"}],"wp:attachment":[{"href":"http:\/\/juhasiro.fi\/blogi\/index.php?rest_route=%2Fwp%2Fv2%2Fmedia&parent=601"}],"wp:term":[{"taxonomy":"category","embeddable":true,"href":"http:\/\/juhasiro.fi\/blogi\/index.php?rest_route=%2Fwp%2Fv2%2Fcategories&post=601"},{"taxonomy":"post_tag","embeddable":true,"href":"http:\/\/juhasiro.fi\/blogi\/index.php?rest_route=%2Fwp%2Fv2%2Ftags&post=601"}],"curies":[{"name":"wp","href":"https:\/\/api.w.org\/{rel}","templated":true}]}}