{"id":6337,"date":"2021-03-18T18:51:47","date_gmt":"2021-03-18T16:51:47","guid":{"rendered":"http:\/\/juhasiro.fi\/blogi\/?p=6337"},"modified":"2021-03-18T18:51:47","modified_gmt":"2021-03-18T16:51:47","slug":"perjantairuno-vaihtaa-koko-maailman-kuvan","status":"publish","type":"post","link":"http:\/\/juhasiro.fi\/blogi\/?p=6337","title":{"rendered":"Perjantairuno vaihtaa koko maailman kuvan!"},"content":{"rendered":"<p>En tied\u00e4, olenko t\u00e4h\u00e4n ik\u00e4\u00e4n oppinut mit\u00e4\u00e4n oleellista ja perusteellisen t\u00e4rke\u00e4\u00e4. Mietin yh\u00e4, miten t\u00e4\u00e4ll\u00e4 tulisi el\u00e4\u00e4? Joku v\u00e4itt\u00e4\u00e4, ett\u00e4 jumala on luonut ihmiselle vapaan tahdon. Ei pid\u00e4 paikkaansa. Tiivist\u00e4n t\u00e4h\u00e4n v\u00e4itteen Tiede -lehden artikkelista kes\u00e4kuulta 2019. Tulos perustuu yhdysvaltalaisen neurotieteilij\u00e4 Benjamin Libetin kokeisiin. Uskokoon, ken tahtoo: \u201dEmme n\u00e4yt\u00e4 p\u00e4\u00e4sev\u00e4n mihink\u00e4\u00e4n siit\u00e4, ett\u00e4 aivot p\u00e4\u00e4tt\u00e4v\u00e4t ja tietoinen mieli seuraa per\u00e4ss\u00e4.\u201d<span class=\"Apple-converted-space\">\u00a0<\/span><\/p>\n<p><img loading=\"lazy\" decoding=\"async\" class=\"aligncenter size-full wp-image-6341\" src=\"http:\/\/juhasiro.fi\/blogi\/wp-content\/uploads\/B.png\" alt=\"\" width=\"715\" height=\"629\" srcset=\"http:\/\/juhasiro.fi\/blogi\/wp-content\/uploads\/B.png 715w, http:\/\/juhasiro.fi\/blogi\/wp-content\/uploads\/B-300x264.png 300w, http:\/\/juhasiro.fi\/blogi\/wp-content\/uploads\/B-150x132.png 150w\" sizes=\"auto, (max-width: 715px) 100vw, 715px\" \/><\/p>\n<p>Toisaalta voisi kysy\u00e4 miten m\u00e4\u00e4ritell\u00e4 \u201dvapaa tahto\u201d. Ent\u00e4 sen vastakohta? En n\u00e4yt\u00e4 p\u00e4\u00e4sev\u00e4n neuroottisuudestani, vaikka miten koettaisin \u201darmahtaa\u201d itse\u00e4ni. Ehk\u00e4 t\u00e4\u00e4ll\u00e4 p\u00e4rj\u00e4isi monin tavoin paremmin v\u00e4hemm\u00e4ll\u00e4kin funtsimisella. Tai sitten ei \u2013 voiko sellaista valita? Vapaan tahdon merkitys ei tarkoita sit\u00e4, ett\u00e4 ihminen ajelehtisi t\u00e4\u00e4ll\u00e4 joka puhurin armoilla. Meill\u00e4 on omaan el\u00e4m\u00e4\u00e4mme veto-oikeus ja mahdollisuudet muuttumiseen. En min\u00e4k\u00e4\u00e4n tahdo olla sama ihminen huomenna kuin t\u00e4n\u00e4\u00e4n.<\/p>\n<p>Teoksessaan Kuoleman ja unohtamisen aikakirjat, kosmologian professori Kari Enqvist kertoo tutkimuksista, joissa erilaiset kokemukset aktivoivat tiettyj\u00e4 aivoalueita eri ihmisill\u00e4. Tuntuu loogiselta, kun ajattelee vaikkapa ihmisille kehittyvi\u00e4 riippuvuuksia. T\u00e4m\u00e4 on oman juttunsa arvoinen ja nostan Enqvistin kirjan t\u00e4nne tuonnempana.<\/p>\n<p>K\u00e4\u00e4nsin sattumanvaraisen aukeaman ja valitsin perjantaiksi proosarunon kahdenkymmenkolmen vuoden takaisesta kokoelmastani <i>Vapaa pudotus<\/i>. Se taitaa yh\u00e4 kertoa jostain selvitt\u00e4m\u00e4tt\u00f6m\u00e4st\u00e4 ihmetyksest\u00e4 el\u00e4m\u00e4n ja oman itsens\u00e4 edess\u00e4.<span class=\"Apple-converted-space\">\u00a0<\/span><\/p>\n<p>Jutun kuviksi funtsin jotain Ren\u00e9 Magrittelta, mutta kyll\u00e4 t\u00e4m\u00e4 jotain rujompaa kaipasi. Ensimm\u00e4isess\u00e4 kuvassa rajattu otos Francis Baconin maalauksesta \u201dPortrait of George Dyer Talking\u201d, 1966. Myyty Lontoossa Christiensin huutokaupassa helmikuussa 2014 reiluun 49 miljoonan euron hintaan. Toinen kuva triptyykist\u00e4 George Dyerin muistolle, 1971.<span class=\"Apple-converted-space\">\u00a0Tekstirivit esikoiskokoelmastani.<\/span><\/p>\n<p><img loading=\"lazy\" decoding=\"async\" class=\"aligncenter size-full wp-image-6339\" src=\"http:\/\/juhasiro.fi\/blogi\/wp-content\/uploads\/2.Bacon_.jpg\" alt=\"\" width=\"715\" height=\"830\" srcset=\"http:\/\/juhasiro.fi\/blogi\/wp-content\/uploads\/2.Bacon_.jpg 715w, http:\/\/juhasiro.fi\/blogi\/wp-content\/uploads\/2.Bacon_-258x300.jpg 258w, http:\/\/juhasiro.fi\/blogi\/wp-content\/uploads\/2.Bacon_-129x150.jpg 129w\" sizes=\"auto, (max-width: 715px) 100vw, 715px\" \/><\/p>\n<p>\u201dToinen keng\u00e4nnauha on toista kire\u00e4mm\u00e4ll\u00e4, vaikka solmin sen jo seitsem\u00e4sti. Kuiva karsta pakenee pikkusormea, eik\u00e4 tahdo nen\u00e4st\u00e4 ulos. Aamulla en tajunnut heti, ett\u00e4 uni oli kest\u00e4nyt elinkautista kauemmin. Olisin halunnut her\u00e4t\u00e4 suudelmaan, mutta olin tullut valmiiksi kuin tie, ja ehtinyt yht\u00e4 pitk\u00e4lle. Nyt kierr\u00e4n peilit kaukaa, enk\u00e4 kuule, jos kuvani huutaa takaisin. Huomaan outoja muutoksia: syv\u00e4 uni on painanut tyynyst\u00e4 vanat kasvoihini, ja silm\u00e4ni n\u00e4kev\u00e4t ihmiset auringon haalistamina. Olen kuolematon. Mit\u00e4\u00e4n muuta kokemusta ei minulla ole. Silti p\u00e4iv\u00e4t lyhenev\u00e4t minuun ja pallon hidas liike kerii huomaamatta sis\u00e4\u00e4ns\u00e4. Huomenna pys\u00e4hdyn ikkunan \u00e4\u00e4reen ja erotan kuvani. Irrotan tekemisen ja ajattelemisen toisistaan \u2013 vaihdan koko maailman kuvan. K\u00e4\u00e4nn\u00e4n kanavaa ja teen sodasta saippuaoopperaa. Lasken levolle luojani.\u201d<\/p>\n<p>Blogin ekstralinkit:<\/p>\n<blockquote class=\"wp-embedded-content\" data-secret=\"dIgRmniFyh\"><p><a href=\"https:\/\/juhasiro.fi\/blogi\/?p=2154\">Kirjailijan henkil\u00f6 on aina fiktiota<\/a><\/p><\/blockquote>\n<p><iframe loading=\"lazy\" class=\"wp-embedded-content\" sandbox=\"allow-scripts\" security=\"restricted\" style=\"position: absolute; clip: rect(1px, 1px, 1px, 1px);\" title=\"&#8221;Kirjailijan henkil\u00f6 on aina fiktiota&#8221; &#8212; Juha Siro | Mit&auml; tapahtuu todella | Kirjallisuus- ja kulttuuriblogi\" src=\"https:\/\/juhasiro.fi\/blogi\/?p=2154&#038;embed=true#?secret=BklU5muRXG#?secret=dIgRmniFyh\" data-secret=\"dIgRmniFyh\" width=\"600\" height=\"338\" frameborder=\"0\" marginwidth=\"0\" marginheight=\"0\" scrolling=\"no\"><\/iframe><\/p>\n<blockquote class=\"wp-embedded-content\" data-secret=\"J86iAyibk2\"><p><a href=\"https:\/\/juhasiro.fi\/blogi\/?p=1330\">Veijo Meri ja n\u00e4kym\u00e4tt\u00f6m\u00e4n orkesterin johtaja<\/a><\/p><\/blockquote>\n<p><iframe loading=\"lazy\" class=\"wp-embedded-content\" sandbox=\"allow-scripts\" security=\"restricted\" style=\"position: absolute; clip: rect(1px, 1px, 1px, 1px);\" title=\"&#8221;Veijo Meri ja n\u00e4kym\u00e4tt\u00f6m\u00e4n orkesterin johtaja&#8221; &#8212; Juha Siro | Mit&auml; tapahtuu todella | Kirjallisuus- ja kulttuuriblogi\" src=\"https:\/\/juhasiro.fi\/blogi\/?p=1330&#038;embed=true#?secret=SqfpH8N5Qj#?secret=J86iAyibk2\" data-secret=\"J86iAyibk2\" width=\"600\" height=\"338\" frameborder=\"0\" marginwidth=\"0\" marginheight=\"0\" scrolling=\"no\"><\/iframe><\/p>\n","protected":false},"excerpt":{"rendered":"<p>En tied\u00e4, olenko t\u00e4h\u00e4n ik\u00e4\u00e4n oppinut mit\u00e4\u00e4n oleellista ja perusteellisen t\u00e4rke\u00e4\u00e4. Mietin yh\u00e4, miten t\u00e4\u00e4ll\u00e4 tulisi el\u00e4\u00e4? Joku v\u00e4itt\u00e4\u00e4, ett\u00e4 jumala on luonut ihmiselle vapaan tahdon. Ei pid\u00e4 paikkaansa. Tiivist\u00e4n t\u00e4h\u00e4n v\u00e4itteen Tiede -lehden artikkelista kes\u00e4kuulta 2019. Tulos perustuu yhdysvaltalaisen neurotieteilij\u00e4 Benjamin Libetin kokeisiin. Uskokoon, ken tahtoo: \u201dEmme n\u00e4yt\u00e4 p\u00e4\u00e4sev\u00e4n mihink\u00e4\u00e4n siit\u00e4, ett\u00e4 aivot p\u00e4\u00e4tt\u00e4v\u00e4t [&hellip;]<\/p>\n","protected":false},"author":2,"featured_media":0,"comment_status":"open","ping_status":"closed","sticky":false,"template":"","format":"standard","meta":{"footnotes":""},"categories":[90,1096,529],"tags":[2428,2427,2430,2429,1214],"class_list":["post-6337","post","type-post","status-publish","format-standard","hentry","category-moderni-kuvataide","category-perjantairuno","category-sivistys","tag-benjamin-libet","tag-fracis-bacon","tag-george-dyer","tag-kari-enqvist","tag-vapaa-pudotus"],"_links":{"self":[{"href":"http:\/\/juhasiro.fi\/blogi\/index.php?rest_route=\/wp\/v2\/posts\/6337","targetHints":{"allow":["GET"]}}],"collection":[{"href":"http:\/\/juhasiro.fi\/blogi\/index.php?rest_route=\/wp\/v2\/posts"}],"about":[{"href":"http:\/\/juhasiro.fi\/blogi\/index.php?rest_route=\/wp\/v2\/types\/post"}],"author":[{"embeddable":true,"href":"http:\/\/juhasiro.fi\/blogi\/index.php?rest_route=\/wp\/v2\/users\/2"}],"replies":[{"embeddable":true,"href":"http:\/\/juhasiro.fi\/blogi\/index.php?rest_route=%2Fwp%2Fv2%2Fcomments&post=6337"}],"version-history":[{"count":3,"href":"http:\/\/juhasiro.fi\/blogi\/index.php?rest_route=\/wp\/v2\/posts\/6337\/revisions"}],"predecessor-version":[{"id":6343,"href":"http:\/\/juhasiro.fi\/blogi\/index.php?rest_route=\/wp\/v2\/posts\/6337\/revisions\/6343"}],"wp:attachment":[{"href":"http:\/\/juhasiro.fi\/blogi\/index.php?rest_route=%2Fwp%2Fv2%2Fmedia&parent=6337"}],"wp:term":[{"taxonomy":"category","embeddable":true,"href":"http:\/\/juhasiro.fi\/blogi\/index.php?rest_route=%2Fwp%2Fv2%2Fcategories&post=6337"},{"taxonomy":"post_tag","embeddable":true,"href":"http:\/\/juhasiro.fi\/blogi\/index.php?rest_route=%2Fwp%2Fv2%2Ftags&post=6337"}],"curies":[{"name":"wp","href":"https:\/\/api.w.org\/{rel}","templated":true}]}}