{"id":6540,"date":"2022-08-19T15:24:54","date_gmt":"2022-08-19T12:24:54","guid":{"rendered":"http:\/\/juhasiro.fi\/blogi\/?p=6540"},"modified":"2022-08-19T15:24:54","modified_gmt":"2022-08-19T12:24:54","slug":"valovuosi-ja-odinin-korpit","status":"publish","type":"post","link":"http:\/\/juhasiro.fi\/blogi\/?p=6540","title":{"rendered":"Valovuosi ja Odinin korpit"},"content":{"rendered":"<p>Blogin p\u00e4ivityksest\u00e4 on kulunut enn\u00e4tyksellisen pitk\u00e4\u00e4n. Syksyn romaani \u2013 <i>Valovuosi<\/i>, on nyt omasta puolestani OK. Painovalmiiksi taitettu versio oikoluettu ja takakannen tekstit tsekattu. Sivuja 254, ja l\u00e4hdeluettelossa 64 merkint\u00e4\u00e4. Enk\u00e4 voi taaskaan k\u00e4sitt\u00e4\u00e4 kuka t\u00e4m\u00e4n teki? Kotisivuiltani l\u00f6yd\u00e4t kaikki kirjani, lukun\u00e4ytteit\u00e4, \u00e4\u00e4nirunoja, \u201dOnnittelurunoja\u201d vapaasti k\u00e4ytett\u00e4v\u00e4ksi ja linkkej\u00e4 telkka- ja radiohaastatteluihin.<\/p>\n<p><img loading=\"lazy\" decoding=\"async\" class=\"aligncenter size-full wp-image-6541\" src=\"http:\/\/juhasiro.fi\/blogi\/wp-content\/uploads\/a-paivitys.png\" alt=\"\" width=\"972\" height=\"758\" srcset=\"http:\/\/juhasiro.fi\/blogi\/wp-content\/uploads\/a-paivitys.png 972w, http:\/\/juhasiro.fi\/blogi\/wp-content\/uploads\/a-paivitys-300x234.png 300w, http:\/\/juhasiro.fi\/blogi\/wp-content\/uploads\/a-paivitys-150x117.png 150w, http:\/\/juhasiro.fi\/blogi\/wp-content\/uploads\/a-paivitys-768x599.png 768w\" sizes=\"auto, (max-width: 972px) 100vw, 972px\" \/><\/p>\n<p>Kustannustoimittajani romaanin luvun ja loman aikana aloitin \u201dymp\u00e4rist\u00f6taideproggiksen\u201d. Liki sadan kohteen ty\u00f6 on nyt loppusuoralla. Siit\u00e4 enemm\u00e4n, kun saan viel\u00e4 tuloksen dokumentoitua. T\u00e4t\u00e4k\u00e4\u00e4n en aavistanut, mutta olen sellainen hotale, ett\u00e4 jotkut ideat vaan kiilaa toisten ohi, eik\u00e4 niit\u00e4 voi olla toteuttamatta.<span class=\"Apple-converted-space\">\u00a0<\/span><\/p>\n<p>Viel\u00e4 pari sanaa blogista. Aloitin toukokuussa 2009. T\u00e4m\u00e4 on juttu nro 760. Melko aikaisin havahduin ajatukseen \u201drihmastosta\u201d, jossa aiheet kytkeytyv\u00e4t toisiinsa. Lopun \u201dekstralinkeist\u00e4\u201d p\u00e4\u00e4see aihetta sivuaviin p\u00e4ivityksiin ja niist\u00e4 edelleen seuraaviin. Parhaina vuosina t\u00e4\u00e4ll\u00e4 on ollut 40\u00a0000 k\u00e4vij\u00e4\u00e4, jotka tietty ovat voineet lukea useita juttuja. Ei paljon, mutta kulttuuria k\u00e4sittelev\u00e4lle alustalle ihan siedett\u00e4v\u00e4sti. Koetan taas tihent\u00e4\u00e4 julkaisutahtia. Mielenkiintoisia tekstej\u00e4 on luettuna ja odottamassa k\u00e4sittely\u00e4.<\/p>\n<figure id=\"attachment_6542\" aria-describedby=\"caption-attachment-6542\" style=\"width: 697px\" class=\"wp-caption aligncenter\"><img loading=\"lazy\" decoding=\"async\" class=\"size-full wp-image-6542\" src=\"http:\/\/juhasiro.fi\/blogi\/wp-content\/uploads\/ODIN.jpg\" alt=\"\" width=\"697\" height=\"803\" srcset=\"http:\/\/juhasiro.fi\/blogi\/wp-content\/uploads\/ODIN.jpg 697w, http:\/\/juhasiro.fi\/blogi\/wp-content\/uploads\/ODIN-260x300.jpg 260w, http:\/\/juhasiro.fi\/blogi\/wp-content\/uploads\/ODIN-130x150.jpg 130w\" sizes=\"auto, (max-width: 697px) 100vw, 697px\" \/><figcaption id=\"caption-attachment-6542\" class=\"wp-caption-text\">Kuva sivustolta Pedagogiikkaa netiss\u00e4: peda.net<\/figcaption><\/figure>\n<p>Nappaan t\u00e4h\u00e4n otteen tulevasta kirjasta. Se ei kerro mit\u00e4\u00e4n kaiken kokonaisuudesta, mutta on ikuisen ajankohtainen. Romaani rakentuu syvempiin teemoihin. Valovuoden tapauksessa k\u00e4sittelen yksil\u00f6iden moraalia, uskontoja, ennakkoluuloja, rasismia ja ihmismielen haurautta. \u201dPintatarinan\u201d teht\u00e4v\u00e4n\u00e4 on ime\u00e4 lukija mukaan. Edellisest\u00e4 aikuisten romaanistani \u201dYll\u00e4mme kaartuva taivas\u201d, Hesarin kriitikko piti kovin ja kirjoitti otsikkoon: \u201dVet\u00e4v\u00e4, mutta syv\u00e4\u201d.<\/p>\n<p><img loading=\"lazy\" decoding=\"async\" class=\"aligncenter size-full wp-image-6543\" src=\"http:\/\/juhasiro.fi\/blogi\/wp-content\/uploads\/Od.teksti.png\" alt=\"\" width=\"700\" height=\"792\" srcset=\"http:\/\/juhasiro.fi\/blogi\/wp-content\/uploads\/Od.teksti.png 700w, http:\/\/juhasiro.fi\/blogi\/wp-content\/uploads\/Od.teksti-265x300.png 265w, http:\/\/juhasiro.fi\/blogi\/wp-content\/uploads\/Od.teksti-133x150.png 133w\" sizes=\"auto, (max-width: 700px) 100vw, 700px\" \/><\/p>\n<p>Kalahommiin olen ehtinyt (tai en ole jaksanut) liian v\u00e4h\u00e4n. Kirjan julkistus tuo v\u00e4ist\u00e4m\u00e4tt\u00e4 ohjelmaa, mutta viikko syyskuussa menee kirjailijaliiton m\u00f6kill\u00e4, Mansikkapaikassa l\u00e4hell\u00e4 Savonlinnaa. Pieni Hein\u00e4j\u00e4rvi on tarjonnut aina kalaa \u2013 joskus enemm\u00e4n, harvoin v\u00e4hemm\u00e4n. No, sen voin luvata, ett\u00e4 teen siell\u00e4 videon sinttiahventen fileoinnista.<\/p>\n<p>\u2026\u2026\u2026\u2026\u2026\u2026\u2026\u2026\u2026\u2026\u2026\u2026\u2026\u2026\u2026<\/p>\n<p>Blogin ekstralinkit<\/p>\n<p><a href=\"http:\/\/www.juhasiro.fi\">Juhan kotisivut<\/a><\/p>\n<blockquote class=\"wp-embedded-content\" data-secret=\"JiQEXrDPFd\"><p><a href=\"http:\/\/juhasiro.fi\/blogi\/?p=6313\">Mist\u00e4 kannattaa kirjoittaa \u2013 ja kenelle?<\/a><\/p><\/blockquote>\n<p><iframe loading=\"lazy\" class=\"wp-embedded-content\" sandbox=\"allow-scripts\" security=\"restricted\" style=\"position: absolute; clip: rect(1px, 1px, 1px, 1px);\" title=\"&#8221;Mist\u00e4 kannattaa kirjoittaa \u2013 ja kenelle?&#8221; &#8212; Juha Siro | Mit&auml; tapahtuu todella | Kirjallisuus- ja kulttuuriblogi\" src=\"http:\/\/juhasiro.fi\/blogi\/?p=6313&#038;embed=true#?secret=qpj5dbKZml#?secret=JiQEXrDPFd\" data-secret=\"JiQEXrDPFd\" width=\"600\" height=\"338\" frameborder=\"0\" marginwidth=\"0\" marginheight=\"0\" scrolling=\"no\"><\/iframe><\/p>\n","protected":false},"excerpt":{"rendered":"<p>Blogin p\u00e4ivityksest\u00e4 on kulunut enn\u00e4tyksellisen pitk\u00e4\u00e4n. Syksyn romaani \u2013 Valovuosi, on nyt omasta puolestani OK. Painovalmiiksi taitettu versio oikoluettu ja takakannen tekstit tsekattu. Sivuja 254, ja l\u00e4hdeluettelossa 64 merkint\u00e4\u00e4. Enk\u00e4 voi taaskaan k\u00e4sitt\u00e4\u00e4 kuka t\u00e4m\u00e4n teki? Kotisivuiltani l\u00f6yd\u00e4t kaikki kirjani, lukun\u00e4ytteit\u00e4, \u00e4\u00e4nirunoja, \u201dOnnittelurunoja\u201d vapaasti k\u00e4ytett\u00e4v\u00e4ksi ja linkkej\u00e4 telkka- ja radiohaastatteluihin. Kustannustoimittajani romaanin luvun ja loman [&hellip;]<\/p>\n","protected":false},"author":2,"featured_media":0,"comment_status":"open","ping_status":"closed","sticky":false,"template":"","format":"standard","meta":{"footnotes":""},"categories":[3,63,778,44],"tags":[78,2473,2472],"class_list":["post-6540","post","type-post","status-publish","format-standard","hentry","category-kirjallisuus","category-kirjoittamisen-ideat","category-usko-ja-uskomukset","category-uutiset","tag-juha-siro","tag-odinin-korpit","tag-valovuosi"],"_links":{"self":[{"href":"http:\/\/juhasiro.fi\/blogi\/index.php?rest_route=\/wp\/v2\/posts\/6540","targetHints":{"allow":["GET"]}}],"collection":[{"href":"http:\/\/juhasiro.fi\/blogi\/index.php?rest_route=\/wp\/v2\/posts"}],"about":[{"href":"http:\/\/juhasiro.fi\/blogi\/index.php?rest_route=\/wp\/v2\/types\/post"}],"author":[{"embeddable":true,"href":"http:\/\/juhasiro.fi\/blogi\/index.php?rest_route=\/wp\/v2\/users\/2"}],"replies":[{"embeddable":true,"href":"http:\/\/juhasiro.fi\/blogi\/index.php?rest_route=%2Fwp%2Fv2%2Fcomments&post=6540"}],"version-history":[{"count":2,"href":"http:\/\/juhasiro.fi\/blogi\/index.php?rest_route=\/wp\/v2\/posts\/6540\/revisions"}],"predecessor-version":[{"id":6545,"href":"http:\/\/juhasiro.fi\/blogi\/index.php?rest_route=\/wp\/v2\/posts\/6540\/revisions\/6545"}],"wp:attachment":[{"href":"http:\/\/juhasiro.fi\/blogi\/index.php?rest_route=%2Fwp%2Fv2%2Fmedia&parent=6540"}],"wp:term":[{"taxonomy":"category","embeddable":true,"href":"http:\/\/juhasiro.fi\/blogi\/index.php?rest_route=%2Fwp%2Fv2%2Fcategories&post=6540"},{"taxonomy":"post_tag","embeddable":true,"href":"http:\/\/juhasiro.fi\/blogi\/index.php?rest_route=%2Fwp%2Fv2%2Ftags&post=6540"}],"curies":[{"name":"wp","href":"https:\/\/api.w.org\/{rel}","templated":true}]}}