{"id":862,"date":"2010-06-03T18:22:04","date_gmt":"2010-06-03T15:22:04","guid":{"rendered":"http:\/\/juhasiro.fi\/blogi\/?p=862"},"modified":"2014-12-08T13:39:35","modified_gmt":"2014-12-08T11:39:35","slug":"presidentin-lyijykynat","status":"publish","type":"post","link":"http:\/\/juhasiro.fi\/blogi\/?p=862","title":{"rendered":"Presidentin lyijykyn\u00e4t"},"content":{"rendered":"<p>Kiasman tiedotteessa kerrotaan, ett\u00e4 <strong><a href=\"http:\/\/www.kiasma.fi\/index.php?id=2381\" target=\"_blank\">Ilja Glazunov ja Suomi<\/a><\/strong> -n\u00e4yttely <em>&#8221;<\/em><em>l\u00e4hestyy presidentti Urho Kekkosen ajan Suomea mielenkiintoisen taidemaailman ilmi\u00f6n kautta.&#8221;<\/em> L\u00e4hestyn puolestani asiasta &#8221;inspiroituneena&#8221; Kekkosen legendaa henkil\u00f6kohtaisen muiston kautta.<\/p>\n<p><img loading=\"lazy\" decoding=\"async\" class=\"aligncenter size-full wp-image-863\" title=\"Ilja Glazunov, Urho Kekkonen (osa) 1973\" alt=\"Ilja Glazunov, Urho Kekkonen (osa) 1973\" src=\"http:\/\/juhasiro.fi\/blogi\/wp-content\/uploads\/2010\/06\/urkki.jpg\" width=\"515\" height=\"460\" srcset=\"http:\/\/juhasiro.fi\/blogi\/wp-content\/uploads\/2010\/06\/urkki.jpg 515w, http:\/\/juhasiro.fi\/blogi\/wp-content\/uploads\/2010\/06\/urkki-300x267.jpg 300w\" sizes=\"auto, (max-width: 515px) 100vw, 515px\" \/><\/p>\n<p>I\u00e4t ja ajat sitten suoritin asevelvollisuuttani Kaartintorin laidalla p\u00e4\u00e4esikunnan erikoisteht\u00e4viin komennettuna. Itsen\u00e4isyysp\u00e4iv\u00e4n\u00e4 jouduin ylim\u00e4\u00e4r\u00e4isiin talkoisiin. Toimin muutaman muun varusmiehen kanssa linnan juhlissa boolinsekoittajana sek\u00e4 huolehtimassa tarjoilukannujen t\u00e4yt\u00f6st\u00e4. Tilaisuus oli ikimuistoinen ja &#8221;juhlav\u00e4symyksest\u00e4&#8221; huolimatta l\u00e4hdimme seuraavana aamuna presidentinlinnaan siivoamaan juhlan j\u00e4lki\u00e4. Ennenpitk\u00e4\u00e4 astuin Kekkosen ty\u00f6huoneeseen:<\/p>\n<p><em>Osa matoista on rullattu juhlien ajaksi varastoon, kannan niit\u00e4 kaverini kanssa takaisin ja levit\u00e4n huoneiden lattioille. Presidentin ty\u00f6huoneen kolmella sein\u00e4ll\u00e4 on valkoiset, leikkauksin koristellut pariovet, k\u00e4yt\u00e4v\u00e4n puoleiset on j\u00e4tetty auki. Astun sis\u00e4\u00e4n ja n\u00e4en kuvani ikkunoiden v\u00e4liin sijoitetusta suuresta peilist\u00e4. Harmaa haamu, lyhyeksi kynitty tukka, siniset silm\u00e4t ja ter\u00e4v\u00e4 nen\u00e4. Kumarrun l\u00e4hemm\u00e4s ja sanon kuvalleni: &#8221;Senkin laihakaula.&#8221; Mieleen tulee sekarotuinen rakki.<\/em><\/p>\n<p><em>Vastap\u00e4isell\u00e4 sein\u00e4ll\u00e4 on takka ja j\u00e4\u00e4n tutkimaan sen yl\u00e4puolelle ripustettua taulua, satamakuvassa kaksi merimiest\u00e4 nojaa iltap\u00e4iv\u00e4n auringossa purjelaivan partaaseen, keulak\u00f6ydess\u00e4 liehuu Tanskan lippu. K\u00e4\u00e4nnyn ja astelen presidentin ty\u00f6p\u00f6yd\u00e4n taakse. Sen mahonkipintaa peitt\u00e4v\u00e4 lasilevy peilaa valoverhojen l\u00e4vitse siilautuvan talvip\u00e4iv\u00e4n sinist\u00e4 kajoa. Vihre\u00e4n kirjoitusalustan yl\u00e4reunassa on bakeliittinen kyn\u00e4kaukalo ja siin\u00e4 t\u00e4ytekyn\u00e4, paperiveitsi ja kolme sinist\u00e4 HB-lyijykyn\u00e4\u00e4. <\/em><\/p>\n<p><em>Yksi kynist\u00e4 osoittaa eri suuntaan. K\u00e4\u00e4nn\u00e4n kaikkien ter\u00e4t ikkunaa kohti ja py\u00f6r\u00e4ytt\u00e4n ne lokerossaan niin, ett\u00e4 jokaisen kullankiilt\u00e4v\u00e4 Faber-Castell -teksti j\u00e4\u00e4 t\u00e4sm\u00e4lleen samaan kohtaan.<\/em><\/p>\n<p>Juhlat ovat j\u00e4\u00e4neet ainoaksi, mutta kutsua odotellaan yh\u00e4.<\/p>\n","protected":false},"excerpt":{"rendered":"<p>Kiasman tiedotteessa kerrotaan, ett\u00e4 Ilja Glazunov ja Suomi -n\u00e4yttely &#8221;l\u00e4hestyy presidentti Urho Kekkosen ajan Suomea mielenkiintoisen taidemaailman ilmi\u00f6n kautta.&#8221; L\u00e4hestyn puolestani asiasta &#8221;inspiroituneena&#8221; Kekkosen legendaa henkil\u00f6kohtaisen muiston kautta. I\u00e4t ja ajat sitten suoritin asevelvollisuuttani Kaartintorin laidalla p\u00e4\u00e4esikunnan erikoisteht\u00e4viin komennettuna. Itsen\u00e4isyysp\u00e4iv\u00e4n\u00e4 jouduin ylim\u00e4\u00e4r\u00e4isiin talkoisiin. Toimin muutaman muun varusmiehen kanssa linnan juhlissa boolinsekoittajana sek\u00e4 huolehtimassa tarjoilukannujen t\u00e4yt\u00f6st\u00e4. [&hellip;]<\/p>\n","protected":false},"author":2,"featured_media":0,"comment_status":"open","ping_status":"open","sticky":false,"template":"","format":"standard","meta":{"footnotes":""},"categories":[64,375,87,88,147,153],"tags":[544,545,547,548,546],"class_list":["post-862","post","type-post","status-publish","format-standard","hentry","category-kirjalliset-nayttamot","category-kulttuuripolitiikka","category-kuvataide","category-kuvataiteilijat","category-paivakirjat","category-taide-neuvostoliitossa","tag-ilja-glazunov","tag-kiasma","tag-muotokuvat","tag-presidentinlinna","tag-urho-kekkonen"],"_links":{"self":[{"href":"http:\/\/juhasiro.fi\/blogi\/index.php?rest_route=\/wp\/v2\/posts\/862","targetHints":{"allow":["GET"]}}],"collection":[{"href":"http:\/\/juhasiro.fi\/blogi\/index.php?rest_route=\/wp\/v2\/posts"}],"about":[{"href":"http:\/\/juhasiro.fi\/blogi\/index.php?rest_route=\/wp\/v2\/types\/post"}],"author":[{"embeddable":true,"href":"http:\/\/juhasiro.fi\/blogi\/index.php?rest_route=\/wp\/v2\/users\/2"}],"replies":[{"embeddable":true,"href":"http:\/\/juhasiro.fi\/blogi\/index.php?rest_route=%2Fwp%2Fv2%2Fcomments&post=862"}],"version-history":[{"count":13,"href":"http:\/\/juhasiro.fi\/blogi\/index.php?rest_route=\/wp\/v2\/posts\/862\/revisions"}],"predecessor-version":[{"id":3918,"href":"http:\/\/juhasiro.fi\/blogi\/index.php?rest_route=\/wp\/v2\/posts\/862\/revisions\/3918"}],"wp:attachment":[{"href":"http:\/\/juhasiro.fi\/blogi\/index.php?rest_route=%2Fwp%2Fv2%2Fmedia&parent=862"}],"wp:term":[{"taxonomy":"category","embeddable":true,"href":"http:\/\/juhasiro.fi\/blogi\/index.php?rest_route=%2Fwp%2Fv2%2Fcategories&post=862"},{"taxonomy":"post_tag","embeddable":true,"href":"http:\/\/juhasiro.fi\/blogi\/index.php?rest_route=%2Fwp%2Fv2%2Ftags&post=862"}],"curies":[{"name":"wp","href":"https:\/\/api.w.org\/{rel}","templated":true}]}}