{"id":1754,"date":"2012-01-24T13:23:22","date_gmt":"2012-01-24T10:23:22","guid":{"rendered":"http:\/\/juhasiro.fi\/blogi\/?p=1754"},"modified":"2012-01-24T13:23:22","modified_gmt":"2012-01-24T10:23:22","slug":"elama-henk-koht","status":"publish","type":"post","link":"https:\/\/juhasiro.fi\/blogi\/?p=1754","title":{"rendered":"El\u00e4m\u00e4. Henk. koht."},"content":{"rendered":"<p><!--StartFragment--><\/p>\n<p class=\"MsoNormal\">Lupasin t\u00e4nne jotain hyvin henkil\u00f6kohtaista.<\/p>\n<p class=\"MsoNormal\">\u00c4iti t\u00e4ytt\u00e4\u00e4 ensi viikolla 83 vuotta.<\/p>\n<p class=\"MsoNormal\">Omin avuin liikkuminen on v\u00e4lill\u00e4 hidasta, mutta onnistuu. P\u00e4\u00e4 pelaa kirkkaasti ja t\u00e4m\u00e4n p\u00e4iv\u00e4n asiat ovat yht\u00e4 hyv\u00e4ss\u00e4 muistissa kuin lapsuuden kuvat. Turhien tavaroiden hamstraushalu on yh\u00e4 lis\u00e4\u00e4ntynyt. Sairaalak\u00e4ynneilt\u00e4 ei ole v\u00e4ltytty ja syd\u00e4mentahdistin asennettiin pari kuukautta sitten.<\/p>\n<p class=\"MsoNormal\"><img loading=\"lazy\" decoding=\"async\" class=\"aligncenter size-full wp-image-1756\" title=\"Kaarina Siro, 83 vuotta 3.2.2012\" src=\"http:\/\/juhasiro.fi\/blogi\/wp-content\/uploads\/2012\/01\/muori.jpg\" alt=\"Kaarina Siro, 83 vuotta 3.2.2012\" width=\"515\" height=\"590\" srcset=\"https:\/\/juhasiro.fi\/blogi\/wp-content\/uploads\/2012\/01\/muori.jpg 515w, https:\/\/juhasiro.fi\/blogi\/wp-content\/uploads\/2012\/01\/muori-261x300.jpg 261w\" sizes=\"auto, (max-width: 515px) 100vw, 515px\" \/><\/p>\n<p class=\"MsoNormal\">\u00c4itini on aina kirjoitellut asioita yl\u00f6s. Ei niit\u00e4 p\u00e4iv\u00e4kirjoina voi pit\u00e4\u00e4, muistivihkoja ja paperilappuja lojuu siell\u00e4 sun t\u00e4\u00e4ll\u00e4. Katkelmia kaikesta mit\u00e4 kuvitella saattaa. Mutta sellaista on el\u00e4m\u00e4kin. Ei mik\u00e4\u00e4n kaunis ja hiottu kaari, vaan sis\u00e4isen min\u00e4n tuottamaa sekalaista ajatussilppua josta kokonaisuutta kasaillaan.<\/p>\n<p class=\"MsoNormal\">Kokosin yhdest\u00e4 \u00e4idin vihkosta runon. Erimielisyytemme koski ensimm\u00e4ist\u00e4 rivi\u00e4. Pit\u00e4isik\u00f6 siin\u00e4 mainita henkil\u00f6 nimelt\u00e4. Sovimme ett\u00e4 Netanjehu saa edustaa t\u00e4ss\u00e4 kaikkia kaltaisiaan, jotka ajattelevat \u201dSi vis pacem, para bellum.\u201d\u00a0(Jos haluat rauhaa, hanki sotaa)<\/p>\n<p class=\"MsoNormal\">Jaan t\u00e4h\u00e4n runon kaikkien kanssa. Ensi viikolla olen jo Malagan kupeessa, viivyn helmikuun yli kirjoittelen siell\u00e4 (ja sielt\u00e4) aivan uusia asioita.<\/p>\n<p class=\"MsoNormal\">\n<p class=\"MsoNormal\">\u201dIsraelin p\u00e4\u00e4ministeri Netanjahullekin sellaiset terveiset,<\/p>\n<p class=\"MsoNormal\"><span>ett\u00e4 koint\u00e4hti h\u00e4nen syd\u00e4mess\u00e4\u00e4n koittaisi ja h\u00e4nest\u00e4 tulisi <\/span><\/p>\n<p class=\"MsoNormal\"><span>niin heikko lenkki, ett\u00e4 sotahuurut p\u00e4\u00e4st\u00e4 h\u00e4lvenisi.\u201d<\/span><\/p>\n<p class=\"MsoNormal\"><span><br \/>\n<\/span><\/p>\n<p class=\"MsoNormal\"><em>Sairaalan vihko on teksti\u00e4 t\u00e4ynn\u00e4, muistissa<\/em><\/p>\n<p class=\"MsoNormal\"><em>p\u00e4iv\u00e4n tapahtumat pienint\u00e4 murua my\u00f6ten ja<\/em><\/p>\n<p class=\"MsoNormal\"><em>vailla viimeist\u00e4 k\u00e4ytt\u00f6p\u00e4iv\u00e4\u00e4 \u2013 asiat vain<\/em><\/p>\n<p class=\"MsoNormal\"><em>ottavat loikkia seitsem\u00e4n peninkulman saappailla:<\/em><\/p>\n<p class=\"MsoNormal\"><span> <\/span><\/p>\n<p class=\"MsoNormal\"><span><\/span>\u201dvuonna nelj\u00e4kymment\u00e4 sai kauppahallista ostaa tiskin alta<\/p>\n<p class=\"MsoNormal\"><span>sodassa kuolleiden hevosten lihaa ja rasvaa<\/span><\/p>\n<p class=\"MsoNormal\"><span>jatkosodan aikaan, kun kaikki oli kortilla mustan p\u00f6rssin kauppiaat<\/span><\/p>\n<p class=\"MsoNormal\"><span>varastivat pienikokoiset koirat ja myiv\u00e4t j\u00e4niksen lihana<\/span><\/p>\n<p class=\"MsoNormal\"><span>yhdess\u00e4 Tammelan yleisen saunan porstuassa<\/span><\/p>\n<p class=\"MsoNormal\"><span> <\/span><\/p>\n<p class=\"MsoNormal\"><span>emme me kaikki kuolemassa nuku<\/span><\/p>\n<p class=\"MsoNormal\"><span>vaan kaikki me muutumme \u2013 siunaa Herra meit\u00e4 ja ehtoollista<\/span><\/p>\n<p class=\"MsoNormal\"><span>vaikka se kannibalismia muistuttaakin<\/span><\/p>\n<p class=\"MsoNormal\"><span> <\/span><\/p>\n<p class=\"MsoNormal\"><span>huomenna haluaisin l\u00e4hte\u00e4 t\u00e4ll\u00e4\u00e4m\u00e4\u00e4n itselleni talvihattua<\/span><\/p>\n<p class=\"MsoNormal\"><span>k\u00e4yt\u00e4isiin kirpputorilla ja sit\u00e4 ennen voisi mietti\u00e4<\/span><\/p>\n<p class=\"MsoNormal\"><span>sit\u00e4 johdatust\u00e4htee ja kuunnella linnunlaulua \u2013<\/span><\/p>\n<p class=\"MsoNormal\"><span>ollaan vaan hell\u00e4syd\u00e4miset toisiamme kohtaan<\/span><\/p>\n<p class=\"MsoNormal\"><span>se peitt\u00e4\u00e4 syntien paljouden, n\u00e4in sanotaan sanassa<\/span><\/p>\n<p class=\"MsoNormal\"><span> <\/span><\/p>\n<p class=\"MsoNormal\"><span>ihanteellisia oltiin viime vuosisatojen kirjallisuudessa<\/span><\/p>\n<p class=\"MsoNormal\"><span>vaikka Aleksis K. k\u00e4ytti kansan kielt\u00e4\u2026 ja viinaakin<\/span><\/p>\n<p class=\"MsoNormal\"><span>kuinkahan mit\u00e4\u00e4nsanomaton olisi ollut V\u00e4in\u00f6 L.<\/span><\/p>\n<p class=\"MsoNormal\"><span>ellei h\u00e4n olisi pysynyt niin tiukasti totuudessa<\/span><\/p>\n<p class=\"MsoNormal\"><span> <\/span><\/p>\n<p class=\"MsoNormal\"><span>minua Herra on kurittanut, vaan ei ole viel\u00e4 ottanut hengilt\u00e4<\/span><\/p>\n<p class=\"MsoNormal\"><span>kuinka tyytyv\u00e4inen saan olla, ett\u00e4 viel\u00e4 v\u00e4lill\u00e4 jaksan ulos<\/span><\/p>\n<p class=\"MsoNormal\"><span>ja aika armoton palvelija olen, kun n\u00e4it\u00e4 t\u00f6herryksi\u00e4ni teen<\/span><\/p>\n<p class=\"MsoNormal\"><span>vaikka toiset raataa t\u00f6iss\u00e4 iltansakin<\/span><\/p>\n<p class=\"MsoNormal\"><span> <\/span><\/p>\n<p class=\"MsoNormal\"><span>lempeni ruusut ne kukkivat varhain<\/span><\/p>\n<p class=\"MsoNormal\"><span>tuoksunsa maailman tuulet jo vei, armaani ainut<\/span><\/p>\n<p class=\"MsoNormal\"><span>mun haaveeni parhain, mua en\u00e4\u00e4 koskaan h\u00e4n muistele ei<\/span><\/p>\n<p class=\"MsoNormal\"><span> <\/span><\/p>\n<p class=\"MsoNormal\"><span>s\u00e4ilyt\u00e4 Jumalan sinulle antama persoonallisuus<\/span><\/p>\n<p class=\"MsoNormal\"><span>\u00e4l\u00e4 ole kenenk\u00e4\u00e4n varjo tai matkija<\/span><\/p>\n<p class=\"MsoNormal\"><span>voimakkaita ihmisi\u00e4 ovat ne, joita on h\u00e4iritty<\/span><\/p>\n<p class=\"MsoNormal\"><span>estetty ja ahdistettu.\u201d<\/span><\/p>\n<p><!--EndFragment--><\/p>\n","protected":false},"excerpt":{"rendered":"<p>Lupasin t\u00e4nne jotain hyvin henkil\u00f6kohtaista. \u00c4iti t\u00e4ytt\u00e4\u00e4 ensi viikolla 83 vuotta. Omin avuin liikkuminen on v\u00e4lill\u00e4 hidasta, mutta onnistuu. P\u00e4\u00e4 pelaa kirkkaasti ja t\u00e4m\u00e4n p\u00e4iv\u00e4n asiat ovat yht\u00e4 hyv\u00e4ss\u00e4 muistissa kuin lapsuuden kuvat. Turhien tavaroiden hamstraushalu on yh\u00e4 lis\u00e4\u00e4ntynyt. Sairaalak\u00e4ynneilt\u00e4 ei ole v\u00e4ltytty ja syd\u00e4mentahdistin asennettiin pari kuukautta sitten. \u00c4itini on aina kirjoitellut asioita yl\u00f6s. [&hellip;]<\/p>\n","protected":false},"author":2,"featured_media":0,"comment_status":"open","ping_status":"open","sticky":false,"template":"","format":"standard","meta":{"footnotes":""},"categories":[64,63,147,130],"tags":[1043,1040,1042,1041],"class_list":["post-1754","post","type-post","status-publish","format-standard","hentry","category-kirjalliset-nayttamot","category-kirjoittamisen-ideat","category-paivakirjat","category-runous","tag-aiti","tag-netanjehu","tag-onnittelut","tag-syntymapaiva"],"_links":{"self":[{"href":"https:\/\/juhasiro.fi\/blogi\/index.php?rest_route=\/wp\/v2\/posts\/1754","targetHints":{"allow":["GET"]}}],"collection":[{"href":"https:\/\/juhasiro.fi\/blogi\/index.php?rest_route=\/wp\/v2\/posts"}],"about":[{"href":"https:\/\/juhasiro.fi\/blogi\/index.php?rest_route=\/wp\/v2\/types\/post"}],"author":[{"embeddable":true,"href":"https:\/\/juhasiro.fi\/blogi\/index.php?rest_route=\/wp\/v2\/users\/2"}],"replies":[{"embeddable":true,"href":"https:\/\/juhasiro.fi\/blogi\/index.php?rest_route=%2Fwp%2Fv2%2Fcomments&post=1754"}],"version-history":[{"count":4,"href":"https:\/\/juhasiro.fi\/blogi\/index.php?rest_route=\/wp\/v2\/posts\/1754\/revisions"}],"predecessor-version":[{"id":1759,"href":"https:\/\/juhasiro.fi\/blogi\/index.php?rest_route=\/wp\/v2\/posts\/1754\/revisions\/1759"}],"wp:attachment":[{"href":"https:\/\/juhasiro.fi\/blogi\/index.php?rest_route=%2Fwp%2Fv2%2Fmedia&parent=1754"}],"wp:term":[{"taxonomy":"category","embeddable":true,"href":"https:\/\/juhasiro.fi\/blogi\/index.php?rest_route=%2Fwp%2Fv2%2Fcategories&post=1754"},{"taxonomy":"post_tag","embeddable":true,"href":"https:\/\/juhasiro.fi\/blogi\/index.php?rest_route=%2Fwp%2Fv2%2Ftags&post=1754"}],"curies":[{"name":"wp","href":"https:\/\/api.w.org\/{rel}","templated":true}]}}