{"id":2295,"date":"2012-08-06T15:11:17","date_gmt":"2012-08-06T12:11:17","guid":{"rendered":"http:\/\/juhasiro.fi\/blogi\/?p=2295"},"modified":"2012-08-06T15:11:17","modified_gmt":"2012-08-06T12:11:17","slug":"marilyn-muisti-ja-identiteetti","status":"publish","type":"post","link":"https:\/\/juhasiro.fi\/blogi\/?p=2295","title":{"rendered":"Marilyn, muisti ja identiteetti"},"content":{"rendered":"<p>Marilyn Monroe kuoli 5. elokuuta viisikymment\u00e4 vuotta sitten. En ollut n\u00e4yttelij\u00e4st\u00e4 kiinnostunut, mutta kun aloin pohtia romaania ihmisen identiteetin muotoutumisesta Marilyn tuli v\u00e4ist\u00e4m\u00e4tt\u00e4 tekstiin mukaan. Kirjan teema tarvitsi h\u00e4nen pirstaloitunutta imagoaan. Kirjailija Max Frischin mukaan: \u201dJokainen keksii ennemmin tai my\u00f6hemmin itselleen tarinan, jota h\u00e4n luulee omaksi el\u00e4m\u00e4kseen.\u201d<\/p>\n<p><img loading=\"lazy\" decoding=\"async\" class=\"aligncenter size-full wp-image-2298\" title=\"Marilyn Monroe, kuva Richard Avedon.\" src=\"http:\/\/juhasiro.fi\/blogi\/wp-content\/uploads\/2012\/08\/marilyn2.jpg\" alt=\"Marilyn Monroe, kuva Richard Avedon.\" width=\"515\" height=\"527\" srcset=\"https:\/\/juhasiro.fi\/blogi\/wp-content\/uploads\/2012\/08\/marilyn2.jpg 515w, https:\/\/juhasiro.fi\/blogi\/wp-content\/uploads\/2012\/08\/marilyn2-293x300.jpg 293w\" sizes=\"auto, (max-width: 515px) 100vw, 515px\" \/><\/p>\n<p>Pohjiksi tuli luettua melkoinen m\u00e4\u00e4r\u00e4 Marilynist\u00e4 kirjoitettua teksti\u00e4. Mutta yht\u00e4 hyvin narratiivisen sosiaalipsykologian v\u00e4it\u00f6skirja. Haastattelin my\u00f6s sisareni yst\u00e4v\u00e4t\u00e4rt\u00e4 joka on, ellei nyt maailman, niin Suomen paras Marilyn-asiantuntija.<\/p>\n<p>Marilynin merkkip\u00e4iv\u00e4 innosti kaivamaan t\u00e4h\u00e4n pari tekstinp\u00e4tk\u00e4\u00e4. Ja toki suosittelen my\u00f6s koko kirjaa. <strong>Marilynin hiuspinni<\/strong> julkaistiin 2009. Kirjan takakannessa tiivistyy oleellinen kysymys:<\/p>\n<p><em>Marilynin hiuspinni l\u00e4htee liikkeelle Budapestin terrorismin museosta ja kiert\u00e4\u00e4 Kiinan ja Lontoon kautta kotiovelle. Miksi emme uskalla muistaa oikein? Kuka meid\u00e4n identiteettimme oikein m\u00e4\u00e4rittelee \u2013 ja onko sit\u00e4 edes olemassa?<\/em><\/p>\n<p><img loading=\"lazy\" decoding=\"async\" class=\"aligncenter size-full wp-image-2299\" title=\"Marilyn Monroe + Truman Capote.\" src=\"http:\/\/juhasiro.fi\/blogi\/wp-content\/uploads\/2012\/08\/marilyn11.jpg\" alt=\"Marilyn Monroe + Truman Capote.\" width=\"515\" height=\"613\" srcset=\"https:\/\/juhasiro.fi\/blogi\/wp-content\/uploads\/2012\/08\/marilyn11.jpg 515w, https:\/\/juhasiro.fi\/blogi\/wp-content\/uploads\/2012\/08\/marilyn11-252x300.jpg 252w\" sizes=\"auto, (max-width: 515px) 100vw, 515px\" \/><\/p>\n<p>\u201dMies pys\u00e4htyy hyllyn p\u00e4\u00e4tyyn l\u00e4helle ulko-ovea, ottaa sangat hyllyst\u00e4 ja katsoo kasvojaan peilist\u00e4, h\u00e4n muistaa kuvan, se pulpahtaa mieleen pel\u00e4stytt\u00e4v\u00e4n tarkkana, eik\u00e4 h\u00e4n saata muistaa miss\u00e4 olisi voinut n\u00e4hd\u00e4 otoksen aiemmin: Marilyn Monroe tanssii y\u00f6kerhossa miehen kanssa, jonka ilme on h\u00e4t\u00e4\u00e4ntynyt, Marilyn katsoo olkansa yli taakseen, tavoittaa katseellaan toista henkil\u00f6\u00e4, joka ei n\u00e4y kuvassa, hymyilee tavalla josta n\u00e4kee, ett\u00e4 h\u00e4n ja toinen jakavat salaisuuden, jota muut eiv\u00e4t tied\u00e4. Tanssikavaljeerin py\u00f6re\u00e4t silm\u00e4lasit \u2013 liki py\u00f6re\u00e4t, muovisankaiset lasit saavat h\u00e4net n\u00e4ytt\u00e4m\u00e4\u00e4n koulupojalta, h\u00e4n on Truman Capote, jonka ep\u00e4toivoinen ilme kertoo, ett\u00e4 h\u00e4n on vaikeuksissa, ett\u00e4 tilanne on riist\u00e4ytym\u00e4ss\u00e4 hallinnasta eik\u00e4 h\u00e4n ole Marilynille muuta kuin kiusallista rekvisiittaa.<\/p>\n<p>Mies tuijottaa peilikuvaansa, samaa h\u00f6lmistynytt\u00e4 ja kontrolloimatonta ilmett\u00e4 kuin mustavalkoisen kuvan kirjailijalla, joka on juuri k\u00e4sitt\u00e4nyt, ett\u00e4 h\u00e4nen olisi parempi olla jossain muualla.\u201d<\/p>\n<p>\u2026\u2026\u2026\u2026\u2026\u2026\u2026\u2026\u2026\u2026\u2026\u2026\u2026\u2026\u2026\u2026\u2026\u2026\u2026<\/p>\n<p>\u201dH\u00e4n puhuu innostuneesti ja liikkuu samalla. K\u00e4si huitaisee laajan kaaren t\u00e4m\u00e4n t\u00e4st\u00e4: Marilyni\u00e4 on kuvattu lahjakkaaksi autistiksi. Ja mielenvikaiseksi rajatilapersoonallisuudeksi. H\u00e4nt\u00e4 on v\u00e4itetty seksinn\u00e4lk\u00e4iseksi viettelij\u00e4ksi ja naiivin viattomaksi lapsinaiseksi. H\u00e4n oli aito luonnonlapsi. Ja typer\u00e4 teeskentelij\u00e4. Hyv\u00e4 n\u00e4yttelij\u00e4. Ja huono.<\/p>\n<p>Nainen pit\u00e4\u00e4 tauon ja antaa seuraavien sanojen ladata painoa itseens\u00e4: Unohtakaa kliseet\u2026 ja toisaalta, Marilynin kohdalla on kyse mit\u00e4 suurimmassa m\u00e4\u00e4rin kliseest\u00e4! Kyllin paradoksaalista ja hedelm\u00e4llist\u00e4 tutkimusaineistoa siis.\u201d<\/p>\n","protected":false},"excerpt":{"rendered":"<p>Marilyn Monroe kuoli 5. elokuuta viisikymment\u00e4 vuotta sitten. En ollut n\u00e4yttelij\u00e4st\u00e4 kiinnostunut, mutta kun aloin pohtia romaania ihmisen identiteetin muotoutumisesta Marilyn tuli v\u00e4ist\u00e4m\u00e4tt\u00e4 tekstiin mukaan. Kirjan teema tarvitsi h\u00e4nen pirstaloitunutta imagoaan. Kirjailija Max Frischin mukaan: \u201dJokainen keksii ennemmin tai my\u00f6hemmin itselleen tarinan, jota h\u00e4n luulee omaksi el\u00e4m\u00e4kseen.\u201d Pohjiksi tuli luettua melkoinen m\u00e4\u00e4r\u00e4 Marilynist\u00e4 kirjoitettua teksti\u00e4. [&hellip;]<\/p>\n","protected":false},"author":2,"featured_media":0,"comment_status":"open","ping_status":"open","sticky":false,"template":"","format":"standard","meta":{"footnotes":""},"categories":[146,24,64,63,124],"tags":[1261,94,1258,1259,1260],"class_list":["post-2295","post","type-post","status-publish","format-standard","hentry","category-elokuvat","category-ikonit","category-kirjalliset-nayttamot","category-kirjoittamisen-ideat","category-psykologinen-realismi","tag-1261","tag-identiteetti","tag-marilyn-monroe","tag-max-frisch","tag-narratiivisuus"],"_links":{"self":[{"href":"https:\/\/juhasiro.fi\/blogi\/index.php?rest_route=\/wp\/v2\/posts\/2295","targetHints":{"allow":["GET"]}}],"collection":[{"href":"https:\/\/juhasiro.fi\/blogi\/index.php?rest_route=\/wp\/v2\/posts"}],"about":[{"href":"https:\/\/juhasiro.fi\/blogi\/index.php?rest_route=\/wp\/v2\/types\/post"}],"author":[{"embeddable":true,"href":"https:\/\/juhasiro.fi\/blogi\/index.php?rest_route=\/wp\/v2\/users\/2"}],"replies":[{"embeddable":true,"href":"https:\/\/juhasiro.fi\/blogi\/index.php?rest_route=%2Fwp%2Fv2%2Fcomments&post=2295"}],"version-history":[{"count":4,"href":"https:\/\/juhasiro.fi\/blogi\/index.php?rest_route=\/wp\/v2\/posts\/2295\/revisions"}],"predecessor-version":[{"id":2302,"href":"https:\/\/juhasiro.fi\/blogi\/index.php?rest_route=\/wp\/v2\/posts\/2295\/revisions\/2302"}],"wp:attachment":[{"href":"https:\/\/juhasiro.fi\/blogi\/index.php?rest_route=%2Fwp%2Fv2%2Fmedia&parent=2295"}],"wp:term":[{"taxonomy":"category","embeddable":true,"href":"https:\/\/juhasiro.fi\/blogi\/index.php?rest_route=%2Fwp%2Fv2%2Fcategories&post=2295"},{"taxonomy":"post_tag","embeddable":true,"href":"https:\/\/juhasiro.fi\/blogi\/index.php?rest_route=%2Fwp%2Fv2%2Ftags&post=2295"}],"curies":[{"name":"wp","href":"https:\/\/api.w.org\/{rel}","templated":true}]}}