{"id":2447,"date":"2012-10-19T14:39:09","date_gmt":"2012-10-19T11:39:09","guid":{"rendered":"http:\/\/juhasiro.fi\/blogi\/?p=2447"},"modified":"2012-10-19T18:39:20","modified_gmt":"2012-10-19T15:39:20","slug":"pienet-on-perjantairunon-murheet","status":"publish","type":"post","link":"https:\/\/juhasiro.fi\/blogi\/?p=2447","title":{"rendered":"Pienet on Perjantairunon murheet"},"content":{"rendered":"<p>Viimeviikkoinen Malala Yousafzain murhayritys ei onnistunut. 15-vuotias pakistanilainen koulutytt\u00f6 on hoidossa Birminghamissa, mutta yh\u00e4 terroristien tappolistalla. Taleban julisti Pakistanin Swatiin koulunk\u00e4yntikiellon 2009, ja tuolloin yksitoistavuotias tytt\u00f6 alkoi vastustaa islamistij\u00e4rjest\u00f6\u00e4.<\/p>\n<p><img loading=\"lazy\" decoding=\"async\" class=\"aligncenter size-full wp-image-2450\" title=\"Mielenosoittajat Malala Yousafzain puolesta.\" src=\"http:\/\/juhasiro.fi\/blogi\/wp-content\/uploads\/2012\/10\/malala-yousafzai_2.jpg\" alt=\"Mielenosoittajat Malala Yousafzain puolesta.\" width=\"515\" height=\"375\" srcset=\"https:\/\/juhasiro.fi\/blogi\/wp-content\/uploads\/2012\/10\/malala-yousafzai_2.jpg 515w, https:\/\/juhasiro.fi\/blogi\/wp-content\/uploads\/2012\/10\/malala-yousafzai_2-300x218.jpg 300w\" sizes=\"auto, (max-width: 515px) 100vw, 515px\" \/><\/p>\n<p>Malala kertoi blogikirjoituksissaan Talebanin tyranniasta. \u201dTaleban ajaa Swatin aluetta takaisin kivikauteen hy\u00f6kk\u00e4\u00e4m\u00e4ll\u00e4 naisten koulutusta vastaan. Koulutetut \u00e4idit eiv\u00e4t salli lastensa alkaa itsemurhapommittajiksi, he eiv\u00e4t anna jalokivi\u00e4\u00e4n hyv\u00e4ntekev\u00e4isyyten\u00e4 militanteille\u201d, Malala kertoi taannoisessa haastattelussaan.<\/p>\n<p>Bloggaaja ja ihmisoikeustaistelija sai Pakistanin nuorten rauhanpalkinnon joulukuussa 2011. Teinityt\u00f6st\u00e4 tuli terroristeille niin kova pala, ett\u00e4 h\u00e4net p\u00e4\u00e4tettiin ampua koulubussissa. Luodit p\u00e4\u00e4h\u00e4n ja niskaan eiv\u00e4t vieneet henke\u00e4.<\/p>\n<p><img loading=\"lazy\" decoding=\"async\" class=\"aligncenter size-full wp-image-2451\" title=\"Talebanien murhayritys: Malala Yousafzai.\" src=\"http:\/\/juhasiro.fi\/blogi\/wp-content\/uploads\/2012\/10\/malala1.jpg\" alt=\"Talebanien murhayritys: Malala Yousafzai.\" width=\"515\" height=\"372\" srcset=\"https:\/\/juhasiro.fi\/blogi\/wp-content\/uploads\/2012\/10\/malala1.jpg 515w, https:\/\/juhasiro.fi\/blogi\/wp-content\/uploads\/2012\/10\/malala1-300x216.jpg 300w\" sizes=\"auto, (max-width: 515px) 100vw, 515px\" \/><\/p>\n<p>Tarina on kaikille tuttu. Moraalinen kommentointi tai kauhistelu tuntuisi melodramaattisesta jeesustelulta. Jonkin johtop\u00e4\u00e4t\u00f6ksen siit\u00e4 millaisia ihmisi\u00e4 maailman muutos tarvitsee, voisi kuitenkin vet\u00e4\u00e4. Ja suhteuttaa murheitaan toisten todellisuuteen.<\/p>\n<p>Perjantairunossa tuijotellaan omaan napaan. El\u00e4m\u00e4 on &#8211; tai oli. K\u00e4den ulottuvilla ja samalla saavuttamattomissa. Telkkarin eteen istahtaessa maailmansa voi muuttaa napin painalluksella. Ja sekin on jo kaluttu ajatus:<\/p>\n<p>&#8230;&#8230;&#8230;&#8230;&#8230;&#8230;&#8230;&#8230;&#8230;&#8230;&#8230;&#8230;&#8230;&#8230;&#8230;&#8230;&#8230;&#8230;&#8230;&#8230;&#8230;&#8230;&#8230;&#8230;&#8230;&#8230;&#8230;&#8230;&#8230;&#8230;&#8230;..<\/p>\n<p>\u201dToinen keng\u00e4nnauha on toista kire\u00e4mm\u00e4ll\u00e4, vaikka solmin sen jo seitsem\u00e4sti. Kuiva karsta pakenee pikkusormea, eik\u00e4 tahdo nen\u00e4st\u00e4 ulos. Aamulla en tajunnut heti, ett\u00e4 uni oli kest\u00e4nyt elinkautista kauemmin. Olisin halunnut her\u00e4t\u00e4 suudelmaan, mutta olin tullut valmiiksi kuin tie, ja ehtinyt yht\u00e4 pitk\u00e4lle. Nyt kierr\u00e4n peilit kaukaa, enk\u00e4 kuule jos kuvani huutaa takaisin. Huomaan outoja muutoksia: syv\u00e4 uni on painanut tyynyst\u00e4 vanat kasvoihini, ja silm\u00e4ni n\u00e4kev\u00e4t ihmiset auringon haalistamina. Viel\u00e4 min\u00e4 vaihdan koko maailman kuvan. K\u00e4\u00e4nn\u00e4n kanavaa ja teen sodasta saippuaoopperaa. Lasken levolle luojani.\u201d<\/p>\n<p>\u2026\u2026\u2026\u2026\u2026\u2026\u2026\u2026\u2026\u2026\u2026\u2026\u2026\u2026\u2026\u2026\u2026\u2026\u2026\u2026\u2026\u2026\u2026\u2026\u2026\u2026\u2026\u2026\u2026\u2026\u2026\u2026.<\/p>\n<p>Proosaruno esikoisestani Vapaa pudotus. (Like 1998)<\/p>\n<p>Lopuksi tarkentava uutinen: Suomesta ei tullut YK:n turvallisuusneuvoston vaihtuvaa j\u00e4senmaata. Pakistan hoitaa hommaa vuoden 2013 loppuun saakka Azerbaidzhanin, Guatemalan, Marokon ja Togon kanssa. Ruanda aloittaa pestins\u00e4 nelj\u00e4n muun valtion kanssa ensi vuoden alusta.<\/p>\n","protected":false},"excerpt":{"rendered":"<p>Viimeviikkoinen Malala Yousafzain murhayritys ei onnistunut. 15-vuotias pakistanilainen koulutytt\u00f6 on hoidossa Birminghamissa, mutta yh\u00e4 terroristien tappolistalla. Taleban julisti Pakistanin Swatiin koulunk\u00e4yntikiellon 2009, ja tuolloin yksitoistavuotias tytt\u00f6 alkoi vastustaa islamistij\u00e4rjest\u00f6\u00e4. Malala kertoi blogikirjoituksissaan Talebanin tyranniasta. \u201dTaleban ajaa Swatin aluetta takaisin kivikauteen hy\u00f6kk\u00e4\u00e4m\u00e4ll\u00e4 naisten koulutusta vastaan. Koulutetut \u00e4idit eiv\u00e4t salli lastensa alkaa itsemurhapommittajiksi, he eiv\u00e4t anna jalokivi\u00e4\u00e4n [&hellip;]<\/p>\n","protected":false},"author":2,"featured_media":0,"comment_status":"open","ping_status":"open","sticky":false,"template":"","format":"standard","meta":{"footnotes":""},"categories":[262,358,1096,254],"tags":[1324,72,73,1214],"class_list":["post-2447","post","type-post","status-publish","format-standard","hentry","category-blogit-ja-postaukset","category-journalismi","category-perjantairuno","category-unohdettujen-runojen-klinikka","tag-malala-yousafzai","tag-pakistan","tag-taleban","tag-vapaa-pudotus"],"_links":{"self":[{"href":"https:\/\/juhasiro.fi\/blogi\/index.php?rest_route=\/wp\/v2\/posts\/2447","targetHints":{"allow":["GET"]}}],"collection":[{"href":"https:\/\/juhasiro.fi\/blogi\/index.php?rest_route=\/wp\/v2\/posts"}],"about":[{"href":"https:\/\/juhasiro.fi\/blogi\/index.php?rest_route=\/wp\/v2\/types\/post"}],"author":[{"embeddable":true,"href":"https:\/\/juhasiro.fi\/blogi\/index.php?rest_route=\/wp\/v2\/users\/2"}],"replies":[{"embeddable":true,"href":"https:\/\/juhasiro.fi\/blogi\/index.php?rest_route=%2Fwp%2Fv2%2Fcomments&post=2447"}],"version-history":[{"count":7,"href":"https:\/\/juhasiro.fi\/blogi\/index.php?rest_route=\/wp\/v2\/posts\/2447\/revisions"}],"predecessor-version":[{"id":2456,"href":"https:\/\/juhasiro.fi\/blogi\/index.php?rest_route=\/wp\/v2\/posts\/2447\/revisions\/2456"}],"wp:attachment":[{"href":"https:\/\/juhasiro.fi\/blogi\/index.php?rest_route=%2Fwp%2Fv2%2Fmedia&parent=2447"}],"wp:term":[{"taxonomy":"category","embeddable":true,"href":"https:\/\/juhasiro.fi\/blogi\/index.php?rest_route=%2Fwp%2Fv2%2Fcategories&post=2447"},{"taxonomy":"post_tag","embeddable":true,"href":"https:\/\/juhasiro.fi\/blogi\/index.php?rest_route=%2Fwp%2Fv2%2Ftags&post=2447"}],"curies":[{"name":"wp","href":"https:\/\/api.w.org\/{rel}","templated":true}]}}