{"id":2457,"date":"2012-10-23T18:09:54","date_gmt":"2012-10-23T15:09:54","guid":{"rendered":"http:\/\/juhasiro.fi\/blogi\/?p=2457"},"modified":"2012-10-23T18:09:54","modified_gmt":"2012-10-23T15:09:54","slug":"kirjamessuilla-merjan-kanssa","status":"publish","type":"post","link":"https:\/\/juhasiro.fi\/blogi\/?p=2457","title":{"rendered":"Kirjamessuilla Merjan kanssa"},"content":{"rendered":"<p>Hesan kirjamessut k\u00e4yv\u00e4t kohdaltani lyhyen kaavan mukaan. Lauantaina vain puolen tunnin keikka Kirjailijaliiton Takauma-lavalle. Tapahtumassa nelj\u00e4 kirjailijaa lukee toisiltaan valitsemiaan runoja. Esiintyj\u00e4pareina Olli Heikkonen ja Olli Sinivaara sek\u00e4 Merja Virolainen ja meik\u00e4l\u00e4inen.<\/p>\n<p><img loading=\"lazy\" decoding=\"async\" class=\"aligncenter size-full wp-image-2460\" title=\"Kirjamessut 2012\" src=\"http:\/\/juhasiro.fi\/blogi\/wp-content\/uploads\/2012\/10\/messut.png\" alt=\"Kirjamessut 2012\" width=\"515\" height=\"173\" srcset=\"https:\/\/juhasiro.fi\/blogi\/wp-content\/uploads\/2012\/10\/messut.png 515w, https:\/\/juhasiro.fi\/blogi\/wp-content\/uploads\/2012\/10\/messut-300x100.png 300w\" sizes=\"auto, (max-width: 515px) 100vw, 515px\" \/><\/p>\n<p>Valitsin Merjalta yhden runon kokoelmasta <em>Pilvet peitt\u00e4v\u00e4t sis\u00e4\u00e4ns\u00e4 pilvet<\/em>. (Tammi 2000) Lapsen pahoinpitely\u00e4 kuvaava teksti teki aikanaan vaikutuksen, joka tuntuu yh\u00e4. Sen vastapainoksi on hyv\u00e4 lukea jotain t\u00e4m\u00e4n syksyn kokoelmasta <em>Valloittaja<\/em>.<\/p>\n<p>Merja Virolainen kirjoittaa t\u00e4ll\u00e4 hetkell\u00e4 aistivoimaisinta ja auditiivisinta kotimaista keskeislyriikkaa. Rytmi vie, soinnillisuus hel\u00e4ht\u00e4\u00e4 kaikissa rekistereiss\u00e4. Satu Koskimiehen Hesarin arvion Valloittajasta voit lukea <strong><a href=\"http:\/\/www.hs.fi\/kirjat\/artikkeli\/Kuinka+s\u00e4keit\u00e4+valmistetaan\/HS20120828SI1KU03kzr\" target=\"_blank\">t\u00e4\u00e4lt\u00e4<\/a><\/strong>.<\/p>\n<p>Valitsemani tekstiesimerkki ei ole tyypillisin Virolaisen hurmion kyll\u00e4st\u00e4m\u00e4st\u00e4 kokoelmasta. Mitaltaan se istuu blogiini, joka pit\u00e4\u00e4 olla ahmaistavissa parilla silm\u00e4yksell\u00e4. Ja huumori &#8211; se vasta onkin runoudessa harvinaista herkkua.<\/p>\n<p><img loading=\"lazy\" decoding=\"async\" class=\"aligncenter size-full wp-image-2461\" title=\"Merja Virolainen\" src=\"http:\/\/juhasiro.fi\/blogi\/wp-content\/uploads\/2012\/10\/merja.png\" alt=\"Merja Virolainen\" width=\"515\" height=\"618\" srcset=\"https:\/\/juhasiro.fi\/blogi\/wp-content\/uploads\/2012\/10\/merja.png 515w, https:\/\/juhasiro.fi\/blogi\/wp-content\/uploads\/2012\/10\/merja-250x300.png 250w\" sizes=\"auto, (max-width: 515px) 100vw, 515px\" \/><\/p>\n<p>REKLAMAATIO<\/p>\n<p>Nyt se tuli, mink\u00e4 tilasin! Itseh\u00e4n sen halusin, kyll\u00e4,<\/p>\n<p>mutta se ei sovikaan, n\u00e4yt\u00e4n naurettavalta se yll\u00e4:<\/p>\n<p>n\u00e4ytti paremmalta kuvassa.<\/p>\n<p>Mit\u00e4 sain kovasta hinnasta?<\/p>\n<p>Romanttista piti olla luvassa, k\u00e4tev\u00e4\u00e4,<\/p>\n<p>piti olla hyv\u00e4ntuulinen, piti hengitt\u00e4\u00e4, pirist\u00e4\u00e4,<\/p>\n<p>mutta minua puristaa rinnasta,<\/p>\n<p>nielussa kirist\u00e4\u00e4, inhottaa \u2013<\/p>\n<p>vaadin palauttaa!<\/p>\n<p>Typer\u00e4 hankinta kaduttaa:<\/p>\n<p>Se on yht\u00e4 aikaa kylm\u00e4 ja hiostaa.<\/p>\n<p>Siit\u00e4 piti olla ainaista huvia \u2013<\/p>\n<p>mielipaha se vain n\u00e4ytti kauniita kuvia.<\/p>\n<p>Sen piti olla monik\u00e4ytt\u00f6inen, muunneltava, joustava \u2013<\/p>\n<p>se on ankea, kankea, hankala.<\/p>\n<p>Piti tuottaa iloa, piti olla notkea, pirtsakka \u2013<\/p>\n<p>on tympe\u00e4, karkea, kamalan painava.<\/p>\n<p>Piti olla reilua kauppaa, piti olla luksusta,<\/p>\n<p>siisti, elegantti \u2013 pah, ei tietoa tyylist\u00e4.<\/p>\n<p>Piti my\u00f6t\u00e4ill\u00e4 kauniisti, piti olla n\u00e4ytt\u00e4v\u00e4,<\/p>\n<p>suloisen pehme\u00e4 \u2013 on ruma, kova, pist\u00e4v\u00e4.<\/p>\n<p>Piti olla hennon roosa \u2013 on saatanan vitun musta.<\/p>\n<p>Ja kest\u00e4\u00e4 kovaakin kulutusta!<\/p>\n","protected":false},"excerpt":{"rendered":"<p>Hesan kirjamessut k\u00e4yv\u00e4t kohdaltani lyhyen kaavan mukaan. Lauantaina vain puolen tunnin keikka Kirjailijaliiton Takauma-lavalle. Tapahtumassa nelj\u00e4 kirjailijaa lukee toisiltaan valitsemiaan runoja. Esiintyj\u00e4pareina Olli Heikkonen ja Olli Sinivaara sek\u00e4 Merja Virolainen ja meik\u00e4l\u00e4inen. Valitsin Merjalta yhden runon kokoelmasta Pilvet peitt\u00e4v\u00e4t sis\u00e4\u00e4ns\u00e4 pilvet. (Tammi 2000) Lapsen pahoinpitely\u00e4 kuvaava teksti teki aikanaan vaikutuksen, joka tuntuu yh\u00e4. Sen vastapainoksi [&hellip;]<\/p>\n","protected":false},"author":2,"featured_media":0,"comment_status":"open","ping_status":"open","sticky":false,"template":"","format":"standard","meta":{"footnotes":""},"categories":[425,219,130],"tags":[1325,986,1328,1326,1327],"class_list":["post-2457","post","type-post","status-publish","format-standard","hentry","category-kirjallinen-huumori","category-helsingin-kirjamessut-2009","category-runous","tag-helsingin-kirjamessut-2012","tag-merja-virolainen","tag-pilvet-peittavat-sisaansa-pilvet","tag-satu-koskimies","tag-valloittaja"],"_links":{"self":[{"href":"https:\/\/juhasiro.fi\/blogi\/index.php?rest_route=\/wp\/v2\/posts\/2457","targetHints":{"allow":["GET"]}}],"collection":[{"href":"https:\/\/juhasiro.fi\/blogi\/index.php?rest_route=\/wp\/v2\/posts"}],"about":[{"href":"https:\/\/juhasiro.fi\/blogi\/index.php?rest_route=\/wp\/v2\/types\/post"}],"author":[{"embeddable":true,"href":"https:\/\/juhasiro.fi\/blogi\/index.php?rest_route=\/wp\/v2\/users\/2"}],"replies":[{"embeddable":true,"href":"https:\/\/juhasiro.fi\/blogi\/index.php?rest_route=%2Fwp%2Fv2%2Fcomments&post=2457"}],"version-history":[{"count":4,"href":"https:\/\/juhasiro.fi\/blogi\/index.php?rest_route=\/wp\/v2\/posts\/2457\/revisions"}],"predecessor-version":[{"id":2463,"href":"https:\/\/juhasiro.fi\/blogi\/index.php?rest_route=\/wp\/v2\/posts\/2457\/revisions\/2463"}],"wp:attachment":[{"href":"https:\/\/juhasiro.fi\/blogi\/index.php?rest_route=%2Fwp%2Fv2%2Fmedia&parent=2457"}],"wp:term":[{"taxonomy":"category","embeddable":true,"href":"https:\/\/juhasiro.fi\/blogi\/index.php?rest_route=%2Fwp%2Fv2%2Fcategories&post=2457"},{"taxonomy":"post_tag","embeddable":true,"href":"https:\/\/juhasiro.fi\/blogi\/index.php?rest_route=%2Fwp%2Fv2%2Ftags&post=2457"}],"curies":[{"name":"wp","href":"https:\/\/api.w.org\/{rel}","templated":true}]}}