{"id":2724,"date":"2013-02-08T12:36:38","date_gmt":"2013-02-08T09:36:38","guid":{"rendered":"http:\/\/juhasiro.fi\/blogi\/?p=2724"},"modified":"2013-02-08T12:36:38","modified_gmt":"2013-02-08T09:36:38","slug":"perjantairuno-ja-babelin-julkistus","status":"publish","type":"post","link":"https:\/\/juhasiro.fi\/blogi\/?p=2724","title":{"rendered":"Perjantairuno ja Babelin julkistus"},"content":{"rendered":"<p>Olen julkaissut nelj\u00e4 runokokoelmaa ja nelj\u00e4 romaania. Tuorein teos, Babel julkaistaan lauantaina 9.2.2013 El\u00e4v\u00e4n kirjallisuuden festivaaleilla Tampereen Ty\u00f6v\u00e4enmuseo Werstaalla.<\/p>\n<p><img loading=\"lazy\" decoding=\"async\" class=\"aligncenter size-full wp-image-2726\" title=\"Ty\u00f6v\u00e4enmuseo Werstas\" src=\"http:\/\/juhasiro.fi\/blogi\/wp-content\/uploads\/2013\/02\/werstas.jpg\" alt=\"Ty\u00f6v\u00e4enmuseo Werstas\" width=\"515\" height=\"149\" srcset=\"https:\/\/juhasiro.fi\/blogi\/wp-content\/uploads\/2013\/02\/werstas.jpg 515w, https:\/\/juhasiro.fi\/blogi\/wp-content\/uploads\/2013\/02\/werstas-300x86.jpg 300w\" sizes=\"auto, (max-width: 515px) 100vw, 515px\" \/><\/p>\n<p>P\u00e4iv\u00e4 on monipuolista ohjelmaa t\u00e4ynn\u00e4 (<a href=\"http:\/\/www.ekf.fi\/\">EKF-linkki<\/a>) Oma osuuteni kirjailija Kirsti Kurosen kanssa alkaa Bertel-salissa klo 13.45. Meit\u00e4\u00a0haastattelee kirjailija Maria Syv\u00e4l\u00e4.<\/p>\n<p>Babel p\u00e4ivitt\u00e4\u00e4 maailmantilanteen, 365 tekstin rihmasto kietoo riveilleen kaiken: arkisen ja arvokkaan, pyh\u00e4n ja banaalin. Vanhan testamentin Jumala sekoitti kielet, nyt saa puhua. Perjantairuno kuuntelee ja kommentoi.<\/p>\n<p><img loading=\"lazy\" decoding=\"async\" class=\"aligncenter size-full wp-image-2727\" title=\"Hieronymus Bosch (1460)\" src=\"http:\/\/juhasiro.fi\/blogi\/wp-content\/uploads\/2013\/02\/hieronymus-bosch.jpg\" alt=\"Hieronymus Bosch (1460)\" width=\"515\" height=\"318\" srcset=\"https:\/\/juhasiro.fi\/blogi\/wp-content\/uploads\/2013\/02\/hieronymus-bosch.jpg 515w, https:\/\/juhasiro.fi\/blogi\/wp-content\/uploads\/2013\/02\/hieronymus-bosch-300x185.jpg 300w\" sizes=\"auto, (max-width: 515px) 100vw, 515px\" \/><\/p>\n<p>Maailmanselitykset eiv\u00e4t ole Jumalan yksioikeus.<\/p>\n<p>\u201dKaikki on valhetta, ei ole ket\u00e4\u00e4n eik\u00e4 mit\u00e4\u00e4n\u201d, sanoo S. Beckett.<\/p>\n<p>Mik\u00e4\u00e4n ei ole valhetta, maailmassa on <em>vaikka mit\u00e4<\/em><\/p>\n<p>ja kaikki on totta, vakuuttaa kirjailijan kollega C.E.Gadda,<\/p>\n<p>joka maanisessa intohimossaan halusi kuvailla kaiken<\/p>\n<p>vain joutuakseen luovuttamaan loputtoman edess\u00e4.<\/p>\n<p>Hiuksenhieno muutos yhteenkin luonnonlakiin<\/p>\n<p>hajottaa kaiken: ei synny t\u00e4hti\u00e4, ei raskaita alkuaineita<\/p>\n<p>ei hiiliketjuja, jotka ovat el\u00e4m\u00e4n perusta.<\/p>\n<p>S. Hawking pohtii yh\u00e4 kvanttifysiikkaa ja<\/p>\n<p>kosmologian kysymyksi\u00e4, tekee johtop\u00e4\u00e4t\u00f6ksi\u00e4<\/p>\n<p>jotka johtavat universumista multiversumiin:<\/p>\n<p>\u201dT\u00e4m\u00e4 maailma on lakeineen meit\u00e4 varten. Ei-tietoinen<\/p>\n<p>maailma on luonut meid\u00e4t tarkkailemaan sit\u00e4.<\/p>\n<p>Koska luonnonlait eiv\u00e4t voi olla ihmist\u00e4 varten<\/p>\n<p>universumeja on monia. Me el\u00e4mme siin\u00e4 maailmassa<\/p>\n<p>jossa on meille sopivat luonnonlait.\u201d<\/p>\n<p>Multiversumin pohdinnnat eiv\u00e4t voi antaa<\/p>\n<p>kokeellista tietoa. Ep\u00e4tieteellist\u00e4 jos mik\u00e4.<\/p>\n<p>Heijastumat toisesta todellisuudesta l\u00f6ytyv\u00e4t toisaalta,<\/p>\n<p>tuskin hillitsen uteliaisuuttani<\/p>\n<p><strong>ihmeellist\u00e4, miten ihmeellist\u00e4 kaikki on!<\/strong><\/p>\n<p>\u2026\u2026&#8230;&#8230;&#8230;&#8230;&#8230;&#8230;&#8230;&#8230;&#8230;&#8230;&#8230;&#8230;&#8230;&#8230;&#8230;&#8230;&#8230;&#8230;&#8230;&#8230;.<\/p>\n<p>Kuva Werstaan ty\u00f6v\u00e4enmuseon sivulta. Maalaus: Hieronymus Bosch (1460)<\/p>\n","protected":false},"excerpt":{"rendered":"<p>Olen julkaissut nelj\u00e4 runokokoelmaa ja nelj\u00e4 romaania. Tuorein teos, Babel julkaistaan lauantaina 9.2.2013 El\u00e4v\u00e4n kirjallisuuden festivaaleilla Tampereen Ty\u00f6v\u00e4enmuseo Werstaalla. P\u00e4iv\u00e4 on monipuolista ohjelmaa t\u00e4ynn\u00e4 (EKF-linkki) Oma osuuteni kirjailija Kirsti Kurosen kanssa alkaa Bertel-salissa klo 13.45. Meit\u00e4\u00a0haastattelee kirjailija Maria Syv\u00e4l\u00e4. Babel p\u00e4ivitt\u00e4\u00e4 maailmantilanteen, 365 tekstin rihmasto kietoo riveilleen kaiken: arkisen ja arvokkaan, pyh\u00e4n ja banaalin. Vanhan [&hellip;]<\/p>\n","protected":false},"author":2,"featured_media":0,"comment_status":"open","ping_status":"open","sticky":false,"template":"","format":"standard","meta":{"footnotes":""},"categories":[74,3,219,1096],"tags":[1206,1404,78,1417],"class_list":["post-2724","post","type-post","status-publish","format-standard","hentry","category-julkistuskutsu","category-kirjallisuus","category-helsingin-kirjamessut-2009","category-perjantairuno","tag-babel-tampereen-runot","tag-elavan-kirjallisuuden-festivaali","tag-juha-siro","tag-kirsti-kuronen"],"_links":{"self":[{"href":"https:\/\/juhasiro.fi\/blogi\/index.php?rest_route=\/wp\/v2\/posts\/2724","targetHints":{"allow":["GET"]}}],"collection":[{"href":"https:\/\/juhasiro.fi\/blogi\/index.php?rest_route=\/wp\/v2\/posts"}],"about":[{"href":"https:\/\/juhasiro.fi\/blogi\/index.php?rest_route=\/wp\/v2\/types\/post"}],"author":[{"embeddable":true,"href":"https:\/\/juhasiro.fi\/blogi\/index.php?rest_route=\/wp\/v2\/users\/2"}],"replies":[{"embeddable":true,"href":"https:\/\/juhasiro.fi\/blogi\/index.php?rest_route=%2Fwp%2Fv2%2Fcomments&post=2724"}],"version-history":[{"count":3,"href":"https:\/\/juhasiro.fi\/blogi\/index.php?rest_route=\/wp\/v2\/posts\/2724\/revisions"}],"predecessor-version":[{"id":2729,"href":"https:\/\/juhasiro.fi\/blogi\/index.php?rest_route=\/wp\/v2\/posts\/2724\/revisions\/2729"}],"wp:attachment":[{"href":"https:\/\/juhasiro.fi\/blogi\/index.php?rest_route=%2Fwp%2Fv2%2Fmedia&parent=2724"}],"wp:term":[{"taxonomy":"category","embeddable":true,"href":"https:\/\/juhasiro.fi\/blogi\/index.php?rest_route=%2Fwp%2Fv2%2Fcategories&post=2724"},{"taxonomy":"post_tag","embeddable":true,"href":"https:\/\/juhasiro.fi\/blogi\/index.php?rest_route=%2Fwp%2Fv2%2Ftags&post=2724"}],"curies":[{"name":"wp","href":"https:\/\/api.w.org\/{rel}","templated":true}]}}