{"id":2857,"date":"2013-04-16T13:41:47","date_gmt":"2013-04-16T10:41:47","guid":{"rendered":"http:\/\/juhasiro.fi\/blogi\/?p=2857"},"modified":"2013-04-16T13:45:28","modified_gmt":"2013-04-16T10:45:28","slug":"varaslahtoja-ii","status":"publish","type":"post","link":"https:\/\/juhasiro.fi\/blogi\/?p=2857","title":{"rendered":"Varasl\u00e4ht\u00f6j\u00e4 II"},"content":{"rendered":"<p>Viime lauantai: jatkan ty\u00f6huoneella romaanik\u00e4sist\u00e4, joka on kulkenut Los Angelesin kujalle, Taiwan Seafood &amp; Fish companyn rapistuneille kulmille. Kadun p\u00e4\u00e4ss\u00e4 v\u00e4reilev\u00e4t pilvenpiirt\u00e4jien haamut, joita nousevan auringon s\u00e4teet alkavat ter\u00e4v\u00f6itt\u00e4\u00e4.<\/p>\n<p>Teksti takkuaa ja kurkkaan naapurin pajaan. Sauli Iso-L\u00e4hteenm\u00e4ki on aloittamassa Valkeakosken sairaalan tilaamaa ty\u00f6t\u00e4 ja pohjustaa alumiinilevyj\u00e4. Vastap\u00e4isen ateljeen Petri Niemel\u00e4 on saanut pakattua\u00a0M\u00fcncheniin\u00a0De Martino Galleriaan l\u00e4htev\u00e4n n\u00e4yttelyns\u00e4.<\/p>\n<p><img loading=\"lazy\" decoding=\"async\" class=\"aligncenter size-full wp-image-2859\" title=\"Tarmo Paunu: Sibelius, 2011\" src=\"http:\/\/juhasiro.fi\/blogi\/wp-content\/uploads\/2013\/04\/paunu1.jpg\" alt=\"Tarmo Paunu: Sibelius, 2011\" width=\"515\" height=\"619\" srcset=\"https:\/\/juhasiro.fi\/blogi\/wp-content\/uploads\/2013\/04\/paunu1.jpg 515w, https:\/\/juhasiro.fi\/blogi\/wp-content\/uploads\/2013\/04\/paunu1-249x300.jpg 249w\" sizes=\"auto, (max-width: 515px) 100vw, 515px\" \/><\/p>\n<p>Seuraavassa ty\u00f6huoneessa on tiukka tempo. <strong>Tarmo Paunu<\/strong> nitoo maalattuja kankaita kehyksiin, kuplamuovi kahisee ja pakattuja t\u00f6iden v\u00e4liss\u00e4 mahtuu tuskin kulkemaan. Tarmon liki 80 maalauksen kokoelma avaa Taidehallin uuden, <strong>Vuoden taiteilija<\/strong> -n\u00e4yttelysarjan. Viel\u00e4 maanantai ja tiistai tiukkaa ripustusta, avaus yleis\u00f6lle keskiviikkona 20.4.<\/p>\n<p><img loading=\"lazy\" decoding=\"async\" class=\"aligncenter size-full wp-image-2860\" title=\"Tarmo Paunu: Keit\u00e4 te olette, mist\u00e4 m\u00e4 tulin, 2012.\" src=\"http:\/\/juhasiro.fi\/blogi\/wp-content\/uploads\/2013\/04\/paunu2.png\" alt=\"Tarmo Paunu: Keit\u00e4 te olette, mist\u00e4 m\u00e4 tulin, 2012.\" width=\"515\" height=\"240\" srcset=\"https:\/\/juhasiro.fi\/blogi\/wp-content\/uploads\/2013\/04\/paunu2.png 515w, https:\/\/juhasiro.fi\/blogi\/wp-content\/uploads\/2013\/04\/paunu2-300x139.png 300w\" sizes=\"auto, (max-width: 515px) 100vw, 515px\" \/><\/p>\n<p>Tarmon ty\u00f6t pursuavat huumoria, ihmettely\u00e4 ja el\u00e4m\u00e4niloa. Sumeilemattomalla otteellaan Paunu vie valitsemansa tyylilajin aivan \u00e4\u00e4rirajoille. H\u00e4n tekee my\u00f6s p\u00e4ivityksi\u00e4 taidehistorian ikoneista. Toivottavasti ehdin katsomaan <strong>Rakkaudesta<\/strong> -n\u00e4yttelykokonaisuuden Taidehallissa ja kirjoittamaan t\u00e4nne muutaman rivin lis\u00e4\u00e4.<\/p>\n<p><img loading=\"lazy\" decoding=\"async\" class=\"aligncenter size-full wp-image-2861\" title=\"Tarmo Paunu: Pagan Couple, 2011.\" src=\"http:\/\/juhasiro.fi\/blogi\/wp-content\/uploads\/2013\/04\/paunu3.jpg\" alt=\"Tarmo Paunu: Pagan Couple, 2011.\" width=\"515\" height=\"625\" srcset=\"https:\/\/juhasiro.fi\/blogi\/wp-content\/uploads\/2013\/04\/paunu3.jpg 515w, https:\/\/juhasiro.fi\/blogi\/wp-content\/uploads\/2013\/04\/paunu3-247x300.jpg 247w\" sizes=\"auto, (max-width: 515px) 100vw, 515px\" \/><\/p>\n<p>Palaan ty\u00f6p\u00f6yd\u00e4n taakse. Vastap\u00e4isen sein\u00e4n takaa tuskin erottuva klassinen musiikki paljastaa, ett\u00e4 my\u00f6s Viggo Wallensk\u00f6ld ty\u00f6skentelee. N\u00e4in h\u00e4nen t\u00f6it\u00e4\u00e4n muutama viikko sitten Taidemuseo Emmassa. En tied\u00e4 mit\u00e4 uutta juuri nyt on tulossa. Romaanik\u00e4sikseni ei etene puolta liuskaa enemp\u00e4\u00e4, mutta tunnen vilauksen verran hetkeen tarttumisen taikaa. Pyynikin punatiilitehtaalla taiteilijat muuttavat maailmaa, ja olen jollain tavoin siin\u00e4 osallisena.<\/p>\n<p>\u2026\u2026\u2026\u2026\u2026\u2026\u2026\u2026\u2026\u2026\u2026\u2026\u2026\u2026\u2026\u2026\u2026\u2026\u2026\u2026\u2026\u2026\u2026\u2026\u2026\u2026..<\/p>\n<p>Tarmo Paunun Rakkaudesta \u2013n\u00e4yttely Helsingin Taidehallissa 20.4.-26.5.2013. <span><a href=\"http:\/\/taidehalli.fi\/\" target=\"_blank\">http:\/\/taidehalli.fi\/<\/a><\/span><\/p>\n<p>Kuvat: Sibelius, 2011. Keit\u00e4 te olette, mist\u00e4 m\u00e4 tulin, 2012. Pagan Couple, 2011.<\/p>\n","protected":false},"excerpt":{"rendered":"<p>Viime lauantai: jatkan ty\u00f6huoneella romaanik\u00e4sist\u00e4, joka on kulkenut Los Angelesin kujalle, Taiwan Seafood &amp; Fish companyn rapistuneille kulmille. Kadun p\u00e4\u00e4ss\u00e4 v\u00e4reilev\u00e4t pilvenpiirt\u00e4jien haamut, joita nousevan auringon s\u00e4teet alkavat ter\u00e4v\u00f6itt\u00e4\u00e4. Teksti takkuaa ja kurkkaan naapurin pajaan. Sauli Iso-L\u00e4hteenm\u00e4ki on aloittamassa Valkeakosken sairaalan tilaamaa ty\u00f6t\u00e4 ja pohjustaa alumiinilevyj\u00e4. Vastap\u00e4isen ateljeen Petri Niemel\u00e4 on saanut pakattua\u00a0M\u00fcncheniin\u00a0De Martino Galleriaan [&hellip;]<\/p>\n","protected":false},"author":2,"featured_media":0,"comment_status":"open","ping_status":"open","sticky":false,"template":"","format":"standard","meta":{"footnotes":""},"categories":[4,87,88,90],"tags":[959,241,460,1485,91],"class_list":["post-2857","post","type-post","status-publish","format-standard","hentry","category-kulttuuri","category-kuvataide","category-kuvataiteilijat","category-moderni-kuvataide","tag-helsingin-taidehalli","tag-petri-niemela","tag-sauli-iso-lahteenmaki","tag-tarmo-paunu","tag-viggo-wallenskold"],"_links":{"self":[{"href":"https:\/\/juhasiro.fi\/blogi\/index.php?rest_route=\/wp\/v2\/posts\/2857","targetHints":{"allow":["GET"]}}],"collection":[{"href":"https:\/\/juhasiro.fi\/blogi\/index.php?rest_route=\/wp\/v2\/posts"}],"about":[{"href":"https:\/\/juhasiro.fi\/blogi\/index.php?rest_route=\/wp\/v2\/types\/post"}],"author":[{"embeddable":true,"href":"https:\/\/juhasiro.fi\/blogi\/index.php?rest_route=\/wp\/v2\/users\/2"}],"replies":[{"embeddable":true,"href":"https:\/\/juhasiro.fi\/blogi\/index.php?rest_route=%2Fwp%2Fv2%2Fcomments&post=2857"}],"version-history":[{"count":5,"href":"https:\/\/juhasiro.fi\/blogi\/index.php?rest_route=\/wp\/v2\/posts\/2857\/revisions"}],"predecessor-version":[{"id":2865,"href":"https:\/\/juhasiro.fi\/blogi\/index.php?rest_route=\/wp\/v2\/posts\/2857\/revisions\/2865"}],"wp:attachment":[{"href":"https:\/\/juhasiro.fi\/blogi\/index.php?rest_route=%2Fwp%2Fv2%2Fmedia&parent=2857"}],"wp:term":[{"taxonomy":"category","embeddable":true,"href":"https:\/\/juhasiro.fi\/blogi\/index.php?rest_route=%2Fwp%2Fv2%2Fcategories&post=2857"},{"taxonomy":"post_tag","embeddable":true,"href":"https:\/\/juhasiro.fi\/blogi\/index.php?rest_route=%2Fwp%2Fv2%2Ftags&post=2857"}],"curies":[{"name":"wp","href":"https:\/\/api.w.org\/{rel}","templated":true}]}}