{"id":4452,"date":"2015-11-20T13:19:54","date_gmt":"2015-11-20T11:19:54","guid":{"rendered":"http:\/\/juhasiro.fi\/blogi\/?p=4452"},"modified":"2016-02-04T15:05:42","modified_gmt":"2016-02-04T13:05:42","slug":"lapsen-oikeuksien-paiva-lahjaksi-rynnakkokivaari-ja-kranaatteja","status":"publish","type":"post","link":"https:\/\/juhasiro.fi\/blogi\/?p=4452","title":{"rendered":"Lapsen oikeuksien p\u00e4iv\u00e4: lahjaksi rynn\u00e4kk\u00f6kiv\u00e4\u00e4ri ja kranaatteja"},"content":{"rendered":"<p>T\u00e4n\u00e4\u00e4n on Lapsen oikeuksien p\u00e4iv\u00e4.\u00a0Tulevaisuuden terrorismi ja sodat k\u00e4yd\u00e4\u00e4n juuri nyt. Huominen on k\u00e4sill\u00e4 n\u00e4iss\u00e4 hetkiss\u00e4. Eilisen korjaaminen kostolla ja tuholla merkitsee loputonta kuoleman kierrett\u00e4.<\/p>\n<figure id=\"attachment_4453\" aria-describedby=\"caption-attachment-4453\" style=\"width: 515px\" class=\"wp-caption aligncenter\"><a href=\"http:\/\/juhasiro.fi\/blogi\/wp-content\/uploads\/2015\/11\/Lapset.jpg\"><img loading=\"lazy\" decoding=\"async\" class=\"size-full wp-image-4453\" alt=\"Kuva: IL \/ Ahmad Al-Rybaye\" src=\"http:\/\/juhasiro.fi\/blogi\/wp-content\/uploads\/2015\/11\/Lapset.jpg\" width=\"515\" height=\"632\" srcset=\"https:\/\/juhasiro.fi\/blogi\/wp-content\/uploads\/2015\/11\/Lapset.jpg 515w, https:\/\/juhasiro.fi\/blogi\/wp-content\/uploads\/2015\/11\/Lapset-244x300.jpg 244w\" sizes=\"auto, (max-width: 515px) 100vw, 515px\" \/><\/a><figcaption id=\"caption-attachment-4453\" class=\"wp-caption-text\">Kuva: IL \/ Ahmad Al-Rybaye<\/figcaption><\/figure>\n<p>Informaatiosota on aseita tehokkaampaa. Tappaminen on ihmisen mieless\u00e4 jo ennen kuin h\u00e4n tarttuu aseeseen. Toivo paremmasta tulevaisuudesta on lapsissa, lukutaidossa ja tiedon virrassa.<\/p>\n<p>Blogi lainaa alkuun tekstin nro 311 maailmankaikkeuden p\u00e4ivitt\u00e4v\u00e4st\u00e4 kokoelmasta Babel (Palladium 2013).<\/p>\n<p><em>lehdess\u00e4 k\u00e4\u00e4ntyy maailman sivu, islamistinen paikallisradio<\/em><\/p>\n<p><em>palkitsee lapsia Koraanin ulkoluvusta<\/em><\/p>\n<p><em>kaksi parasta saa seteleit\u00e4 ja AK-47 rynn\u00e4kk\u00f6kiv\u00e4\u00e4rin<\/em><\/p>\n<p><em>kolmannelle k\u00e4sikranaatit ja rahaa<\/em><\/p>\n<p>Informaatiosota on tuottanut tulosta ja saanut kiihkoilijat kylv\u00e4m\u00e4\u00e4n tuhoisasti tulkittua ideologiaansa tulevaisuuden taistelijoihin. Ihmisen on vaikea muuttaa asenteitaan, jotka mieleen ovat kerran iskostuneet. Takink\u00e4\u00e4nt\u00e4j\u00e4t ovat fiksuimpia, he osoittavat, ett\u00e4 ovat jostain opikseen ottaneet.<\/p>\n<p>Raamattu kokonaisuutena on Koraania v\u00e4kivaltaisempi ja verisempi kirja. Muistanette silti, ett\u00e4 Jeesus on yksi Allahin proofetoista. Koraani kehottaa kansoja alistumaan siihen viestiin, jonka Jumala on Jeesuksen ja muiden profeettojensa kautta meille l\u00e4hett\u00e4nyt. (Kor 3:84)<\/p>\n<p>Matteuksen evankeliumin (25:41) mukaan Jeesus sanoo: \u201dTotisesti: kaiken mink\u00e4 te olette tehneet yhdelle n\u00e4ist\u00e4 v\u00e4h\u00e4isimmist\u00e4 veljist\u00e4ni, sen te olette tehneet minulle.\u201d<\/p>\n<p>Lopuksi Euroopan unionin asetus perusoikeuksista. Lapsen oikeuksien artikla 24 alkaa: \u201dLapsella on oikeus h\u00e4nen hyvinvoinnilleen v\u00e4ltt\u00e4m\u00e4tt\u00f6m\u00e4\u00e4n suojeluun ja huolenpitoon. Lapsen on saatava vapaasti ilmaista mielipiteens\u00e4.\u201d<\/p>\n<p>Lapset eiv\u00e4t siis ole aikuisten mielipiteiden ilmaisua varten. Ja k\u00e4\u00e4nt\u00e4en: lapsen kaltaiseksi tuleville on taivasten valtakunta varattuna. N\u00e4in olen kuullut.<\/p>\n<p>\u2026\u2026\u2026\u2026\u2026\u2026\u2026\u2026\u2026\u2026\u2026\u2026\u2026<\/p>\n<p><a href=\" http:\/\/juhasiro.fi\/blogi\/?p=3987\" target=\"_blank\"><b>Ekstralinkiss\u00e4<\/b><\/a> Pariisin vuodentakainen terrori-isku sek\u00e4 \u201dLoukkaavat ja ep\u00e4miellytt\u00e4v\u00e4t mielipiteet\u201d.<\/p>\n<p>\u2026\u2026\u2026\u2026\u2026\u2026\u2026\u2026\u2026\u2026\u2026\u2026..<\/p>\n","protected":false},"excerpt":{"rendered":"<p>T\u00e4n\u00e4\u00e4n on Lapsen oikeuksien p\u00e4iv\u00e4.\u00a0Tulevaisuuden terrorismi ja sodat k\u00e4yd\u00e4\u00e4n juuri nyt. Huominen on k\u00e4sill\u00e4 n\u00e4iss\u00e4 hetkiss\u00e4. Eilisen korjaaminen kostolla ja tuholla merkitsee loputonta kuoleman kierrett\u00e4. Informaatiosota on aseita tehokkaampaa. Tappaminen on ihmisen mieless\u00e4 jo ennen kuin h\u00e4n tarttuu aseeseen. Toivo paremmasta tulevaisuudesta on lapsissa, lukutaidossa ja tiedon virrassa. Blogi lainaa alkuun tekstin nro 311 maailmankaikkeuden [&hellip;]<\/p>\n","protected":false},"author":2,"featured_media":0,"comment_status":"closed","ping_status":"closed","sticky":false,"template":"","format":"standard","meta":{"footnotes":""},"categories":[1137,431,529,332],"tags":[1975,1977,1976,1974],"class_list":["post-4452","post","type-post","status-publish","format-standard","hentry","category-babel","category-mielipidekirjoitukset","category-sivistys","category-usko-ja-uskonnot","tag-allahin-profeetat","tag-eun-perusoikeudet","tag-koraani","tag-lapsen-oikeuksien-paiva"],"_links":{"self":[{"href":"https:\/\/juhasiro.fi\/blogi\/index.php?rest_route=\/wp\/v2\/posts\/4452","targetHints":{"allow":["GET"]}}],"collection":[{"href":"https:\/\/juhasiro.fi\/blogi\/index.php?rest_route=\/wp\/v2\/posts"}],"about":[{"href":"https:\/\/juhasiro.fi\/blogi\/index.php?rest_route=\/wp\/v2\/types\/post"}],"author":[{"embeddable":true,"href":"https:\/\/juhasiro.fi\/blogi\/index.php?rest_route=\/wp\/v2\/users\/2"}],"replies":[{"embeddable":true,"href":"https:\/\/juhasiro.fi\/blogi\/index.php?rest_route=%2Fwp%2Fv2%2Fcomments&post=4452"}],"version-history":[{"count":5,"href":"https:\/\/juhasiro.fi\/blogi\/index.php?rest_route=\/wp\/v2\/posts\/4452\/revisions"}],"predecessor-version":[{"id":4458,"href":"https:\/\/juhasiro.fi\/blogi\/index.php?rest_route=\/wp\/v2\/posts\/4452\/revisions\/4458"}],"wp:attachment":[{"href":"https:\/\/juhasiro.fi\/blogi\/index.php?rest_route=%2Fwp%2Fv2%2Fmedia&parent=4452"}],"wp:term":[{"taxonomy":"category","embeddable":true,"href":"https:\/\/juhasiro.fi\/blogi\/index.php?rest_route=%2Fwp%2Fv2%2Fcategories&post=4452"},{"taxonomy":"post_tag","embeddable":true,"href":"https:\/\/juhasiro.fi\/blogi\/index.php?rest_route=%2Fwp%2Fv2%2Ftags&post=4452"}],"curies":[{"name":"wp","href":"https:\/\/api.w.org\/{rel}","templated":true}]}}