{"id":4505,"date":"2015-12-22T20:14:37","date_gmt":"2015-12-22T18:14:37","guid":{"rendered":"http:\/\/juhasiro.fi\/blogi\/?p=4505"},"modified":"2016-02-04T15:04:35","modified_gmt":"2016-02-04T13:04:35","slug":"ateenan-joulu-kaikkien-juhlien-summa","status":"publish","type":"post","link":"https:\/\/juhasiro.fi\/blogi\/?p=4505","title":{"rendered":"Ateenan joulu: kaikkien juhlien summa"},"content":{"rendered":"<p>Kaikki eiv\u00e4t pyhist\u00e4 perusta. Kuulun niihin, joita joulu ja muut juhlat stressaavat. Kyll\u00e4 arki on ihmisen parasta aikaa.<\/p>\n<p><a href=\"http:\/\/juhasiro.fi\/blogi\/wp-content\/uploads\/2015\/12\/J.1.jpg\"><img loading=\"lazy\" decoding=\"async\" class=\"aligncenter size-full wp-image-4506\" alt=\"\" src=\"http:\/\/juhasiro.fi\/blogi\/wp-content\/uploads\/2015\/12\/J.1.jpg\" width=\"515\" height=\"365\" srcset=\"https:\/\/juhasiro.fi\/blogi\/wp-content\/uploads\/2015\/12\/J.1.jpg 515w, https:\/\/juhasiro.fi\/blogi\/wp-content\/uploads\/2015\/12\/J.1-300x212.jpg 300w\" sizes=\"auto, (max-width: 515px) 100vw, 515px\" \/><\/a><\/p>\n<p>Viet\u00e4n joulun ja uuden vuoden mielell\u00e4ni Ateenassa. Ei joulukr\u00e4\u00e4s\u00e4 t\u00e4\u00e4ll\u00e4 v\u00e4h\u00e4isemp\u00e4\u00e4 ole, p\u00e4invastoin. N\u00e4ytt\u00e4\u00e4 silt\u00e4, ett\u00e4 joulu on vuoden kaikkien juhlien summa. Joulupukit, Mikki Hiiret ja vappupallot samassa sotkussa.<\/p>\n<p><a href=\"http:\/\/juhasiro.fi\/blogi\/wp-content\/uploads\/2015\/12\/J.4.jpg\"><img loading=\"lazy\" decoding=\"async\" class=\"aligncenter size-full wp-image-4508\" alt=\"\" src=\"http:\/\/juhasiro.fi\/blogi\/wp-content\/uploads\/2015\/12\/J.4.jpg\" width=\"515\" height=\"375\" srcset=\"https:\/\/juhasiro.fi\/blogi\/wp-content\/uploads\/2015\/12\/J.4.jpg 515w, https:\/\/juhasiro.fi\/blogi\/wp-content\/uploads\/2015\/12\/J.4-300x218.jpg 300w\" sizes=\"auto, (max-width: 515px) 100vw, 515px\" \/><\/a><\/p>\n<p><a href=\"http:\/\/juhasiro.fi\/blogi\/wp-content\/uploads\/2015\/12\/IMG_4400.jpg\"><img loading=\"lazy\" decoding=\"async\" class=\"aligncenter size-full wp-image-4513\" alt=\"\" src=\"http:\/\/juhasiro.fi\/blogi\/wp-content\/uploads\/2015\/12\/IMG_4400.jpg\" width=\"515\" height=\"386\" srcset=\"https:\/\/juhasiro.fi\/blogi\/wp-content\/uploads\/2015\/12\/IMG_4400.jpg 515w, https:\/\/juhasiro.fi\/blogi\/wp-content\/uploads\/2015\/12\/IMG_4400-300x224.jpg 300w\" sizes=\"auto, (max-width: 515px) 100vw, 515px\" \/><\/a><\/p>\n<p>V\u00e4liaikaisessa ymp\u00e4rist\u00f6ss\u00e4 voi ottaa et\u00e4isyytt\u00e4 ja seurata kaikkea tyynesti sivullisen asenteella. Kiire ei ole minnek\u00e4\u00e4n. \u201dPakolliset\u201d n\u00e4ht\u00e4vyydet on tullut kierretty\u00e4 aikanaan, t\u00e4m\u00e4 taitaa olla kaikkiaan kuudes kerta Ateenassa.<\/p>\n<p><a href=\"http:\/\/juhasiro.fi\/blogi\/wp-content\/uploads\/2015\/12\/J.2.jpg\"><img loading=\"lazy\" decoding=\"async\" class=\"aligncenter size-full wp-image-4509\" alt=\"\" src=\"http:\/\/juhasiro.fi\/blogi\/wp-content\/uploads\/2015\/12\/J.2.jpg\" width=\"515\" height=\"406\" srcset=\"https:\/\/juhasiro.fi\/blogi\/wp-content\/uploads\/2015\/12\/J.2.jpg 515w, https:\/\/juhasiro.fi\/blogi\/wp-content\/uploads\/2015\/12\/J.2-300x236.jpg 300w\" sizes=\"auto, (max-width: 515px) 100vw, 515px\" \/><\/a><\/p>\n<p><a href=\"http:\/\/juhasiro.fi\/blogi\/wp-content\/uploads\/2015\/12\/J.5.jpg\"><img loading=\"lazy\" decoding=\"async\" class=\"aligncenter size-full wp-image-4510\" alt=\"\" src=\"http:\/\/juhasiro.fi\/blogi\/wp-content\/uploads\/2015\/12\/J.5.jpg\" width=\"515\" height=\"380\" srcset=\"https:\/\/juhasiro.fi\/blogi\/wp-content\/uploads\/2015\/12\/J.5.jpg 515w, https:\/\/juhasiro.fi\/blogi\/wp-content\/uploads\/2015\/12\/J.5-300x221.jpg 300w\" sizes=\"auto, (max-width: 515px) 100vw, 515px\" \/><\/a><\/p>\n<p>Aamup\u00e4iv\u00e4t on varattu kirjoittamiselle, iltap\u00e4iv\u00e4ll\u00e4 voi jalkautua kaupungin kaduille ja kujille. On hyv\u00e4 k\u00e4vell\u00e4, metroon loikataan vain poikkeustilanteessa. T\u00e4n\u00e4\u00e4n plus kuusitoista astetta, varjossa viile\u00e4\u00e4. Aatoksi on luvattu liki kaksikymment\u00e4. Huomisaamuna torille joulukalan hankintaan.<\/p>\n<p>Hyv\u00e4\u00e4 joulua yst\u00e4v\u00e4t!<\/p>\n<p>\u2026\u2026\u2026\u2026\u2026\u2026\u2026\u2026\u2026\u2026\u2026\u2026..<\/p>\n<p><a href=\"http:\/\/juhasiro.fi\/blogi\/?p=524\"><b>Ekstralinkiss\u00e4<\/b><\/a> Ateena kuusi vuotta sitten: \u201dL\u00e4hemm\u00e4s el\u00e4m\u00e4\u00e4\u201d<\/p>\n<p>\u2026\u2026\u2026\u2026\u2026\u2026\u2026\u2026\u2026\u2026\u2026\u2026.<\/p>\n","protected":false},"excerpt":{"rendered":"<p>Kaikki eiv\u00e4t pyhist\u00e4 perusta. Kuulun niihin, joita joulu ja muut juhlat stressaavat. Kyll\u00e4 arki on ihmisen parasta aikaa. Viet\u00e4n joulun ja uuden vuoden mielell\u00e4ni Ateenassa. Ei joulukr\u00e4\u00e4s\u00e4 t\u00e4\u00e4ll\u00e4 v\u00e4h\u00e4isemp\u00e4\u00e4 ole, p\u00e4invastoin. N\u00e4ytt\u00e4\u00e4 silt\u00e4, ett\u00e4 joulu on vuoden kaikkien juhlien summa. Joulupukit, Mikki Hiiret ja vappupallot samassa sotkussa. V\u00e4liaikaisessa ymp\u00e4rist\u00f6ss\u00e4 voi ottaa et\u00e4isyytt\u00e4 ja seurata kaikkea [&hellip;]<\/p>\n","protected":false},"author":2,"featured_media":0,"comment_status":"closed","ping_status":"closed","sticky":false,"template":"","format":"standard","meta":{"footnotes":""},"categories":[273,272,12],"tags":[1995,1996],"class_list":["post-4505","post","type-post","status-publish","format-standard","hentry","category-ateena","category-kuulumisia-kauempaa","category-ymparisto","tag-joulu-2015","tag-joulukala"],"_links":{"self":[{"href":"https:\/\/juhasiro.fi\/blogi\/index.php?rest_route=\/wp\/v2\/posts\/4505","targetHints":{"allow":["GET"]}}],"collection":[{"href":"https:\/\/juhasiro.fi\/blogi\/index.php?rest_route=\/wp\/v2\/posts"}],"about":[{"href":"https:\/\/juhasiro.fi\/blogi\/index.php?rest_route=\/wp\/v2\/types\/post"}],"author":[{"embeddable":true,"href":"https:\/\/juhasiro.fi\/blogi\/index.php?rest_route=\/wp\/v2\/users\/2"}],"replies":[{"embeddable":true,"href":"https:\/\/juhasiro.fi\/blogi\/index.php?rest_route=%2Fwp%2Fv2%2Fcomments&post=4505"}],"version-history":[{"count":5,"href":"https:\/\/juhasiro.fi\/blogi\/index.php?rest_route=\/wp\/v2\/posts\/4505\/revisions"}],"predecessor-version":[{"id":4516,"href":"https:\/\/juhasiro.fi\/blogi\/index.php?rest_route=\/wp\/v2\/posts\/4505\/revisions\/4516"}],"wp:attachment":[{"href":"https:\/\/juhasiro.fi\/blogi\/index.php?rest_route=%2Fwp%2Fv2%2Fmedia&parent=4505"}],"wp:term":[{"taxonomy":"category","embeddable":true,"href":"https:\/\/juhasiro.fi\/blogi\/index.php?rest_route=%2Fwp%2Fv2%2Fcategories&post=4505"},{"taxonomy":"post_tag","embeddable":true,"href":"https:\/\/juhasiro.fi\/blogi\/index.php?rest_route=%2Fwp%2Fv2%2Ftags&post=4505"}],"curies":[{"name":"wp","href":"https:\/\/api.w.org\/{rel}","templated":true}]}}