{"id":4763,"date":"2016-07-08T16:06:40","date_gmt":"2016-07-08T13:06:40","guid":{"rendered":"http:\/\/juhasiro.fi\/blogi\/?p=4763"},"modified":"2016-07-08T16:06:40","modified_gmt":"2016-07-08T13:06:40","slug":"haluan-oppia-nakemaan-tarkemmin","status":"publish","type":"post","link":"https:\/\/juhasiro.fi\/blogi\/?p=4763","title":{"rendered":"\u201dHaluan oppia n\u00e4kem\u00e4\u00e4n tarkemmin\u201d"},"content":{"rendered":"<p>Tampere tarjoaa valtakunnan mielenkiintoisimmat kuvataiden\u00e4yttelyt. Tein t\u00e4nne jutun 2.6. Ron Mueckista, maailmanluokan kuvanveist\u00e4j\u00e4st\u00e4, jonka n\u00e4yttely Sara Hild\u00e9nill\u00e4 jatkuu lokakuun puoleenv\u00e4liin saakka. (<a href=\"http:\/\/juhasiro.fi\/blogi\/?p=4711\" target=\"_blank\">linkki<\/a>) Mueckin ty\u00f6t ovat kysyttyj\u00e4 maailman museoissa, nyt niit\u00e4 n\u00e4hd\u00e4\u00e4n ensimm\u00e4ist\u00e4 kertaa Pohjoismaissa.<\/p>\n<figure id=\"attachment_4764\" aria-describedby=\"caption-attachment-4764\" style=\"width: 515px\" class=\"wp-caption aligncenter\"><a href=\"http:\/\/juhasiro.fi\/blogi\/wp-content\/uploads\/2016\/07\/Reima.a.jpg\" rel=\"attachment wp-att-4764\"><img loading=\"lazy\" decoding=\"async\" class=\"size-full wp-image-4764\" src=\"http:\/\/juhasiro.fi\/blogi\/wp-content\/uploads\/2016\/07\/Reima.a.jpg\" alt=\"Reima Nevalainen\" width=\"515\" height=\"337\" srcset=\"https:\/\/juhasiro.fi\/blogi\/wp-content\/uploads\/2016\/07\/Reima.a.jpg 515w, https:\/\/juhasiro.fi\/blogi\/wp-content\/uploads\/2016\/07\/Reima.a-300x196.jpg 300w\" sizes=\"auto, (max-width: 515px) 100vw, 515px\" \/><\/a><figcaption id=\"caption-attachment-4764\" class=\"wp-caption-text\">Reima Nevalainen<\/figcaption><\/figure>\n<p>Tampereen taidemuseon Vuoden nuori taiteilija -traditio on ollut merkitt\u00e4v\u00e4 tunnustus ja etappi monen taiteilijan tiell\u00e4 aina kansainv\u00e4liseen menestykseen saakka.<em> Reima Nevalainen<\/em> (s.1984) on j\u00e4rjestyksess\u00e4 32. palkittu, jolle annetaan my\u00f6s mahdollisuus yksityisn\u00e4yttelyyn museossa.<\/p>\n<p><a href=\"http:\/\/juhasiro.fi\/blogi\/wp-content\/uploads\/2016\/07\/Reima.b.jpg\" rel=\"attachment wp-att-4765\"><img loading=\"lazy\" decoding=\"async\" class=\"aligncenter size-full wp-image-4765\" src=\"http:\/\/juhasiro.fi\/blogi\/wp-content\/uploads\/2016\/07\/Reima.b.jpg\" alt=\"\" width=\"515\" height=\"386\" srcset=\"https:\/\/juhasiro.fi\/blogi\/wp-content\/uploads\/2016\/07\/Reima.b.jpg 515w, https:\/\/juhasiro.fi\/blogi\/wp-content\/uploads\/2016\/07\/Reima.b-300x225.jpg 300w\" sizes=\"auto, (max-width: 515px) 100vw, 515px\" \/><\/a><\/p>\n<p><a href=\"http:\/\/juhasiro.fi\/blogi\/wp-content\/uploads\/2016\/07\/Reima.c.jpg\" rel=\"attachment wp-att-4766\"><img loading=\"lazy\" decoding=\"async\" class=\"aligncenter size-full wp-image-4766\" src=\"http:\/\/juhasiro.fi\/blogi\/wp-content\/uploads\/2016\/07\/Reima.c.jpg\" alt=\"\" width=\"515\" height=\"474\" srcset=\"https:\/\/juhasiro.fi\/blogi\/wp-content\/uploads\/2016\/07\/Reima.c.jpg 515w, https:\/\/juhasiro.fi\/blogi\/wp-content\/uploads\/2016\/07\/Reima.c-300x276.jpg 300w\" sizes=\"auto, (max-width: 515px) 100vw, 515px\" \/><\/a><\/p>\n<p>\u201dMaalaan ihmist\u00e4 kuten n\u00e4en sen tai n\u00e4en ihmisen niin kuin olen kasvanut sit\u00e4 maalaamaan. En tied\u00e4 kumpi oli ensin. N\u00e4en ihmisen samanlaisena kuin muut muodot, jotka kasvavat maasta.\u201d Nevalaisen kuviin latautuu esitt\u00e4vyyden elementtej\u00e4, mutta h\u00e4n sanoo haluavansa n\u00e4hd\u00e4 niin laajasti, ett\u00e4 lopulta kaikki on nimet\u00f6nt\u00e4.<\/p>\n<p>Nevalainen haluaa n\u00e4hd\u00e4 pinnan alle, tilaan jossa ei viel\u00e4 tai en\u00e4\u00e4 merkityksi\u00e4 ole: \u201dPohjimmiltaan haluan oppia n\u00e4kem\u00e4\u00e4n tarkemmin. Maalaaminen on siihen hyv\u00e4 harjoitus.\u201d<\/p>\n<p><a href=\"http:\/\/juhasiro.fi\/blogi\/wp-content\/uploads\/2016\/07\/Reima.d.jpg\" rel=\"attachment wp-att-4767\"><img loading=\"lazy\" decoding=\"async\" class=\"aligncenter size-full wp-image-4767\" src=\"http:\/\/juhasiro.fi\/blogi\/wp-content\/uploads\/2016\/07\/Reima.d.jpg\" alt=\"\" width=\"515\" height=\"386\" srcset=\"https:\/\/juhasiro.fi\/blogi\/wp-content\/uploads\/2016\/07\/Reima.d.jpg 515w, https:\/\/juhasiro.fi\/blogi\/wp-content\/uploads\/2016\/07\/Reima.d-300x225.jpg 300w\" sizes=\"auto, (max-width: 515px) 100vw, 515px\" \/><\/a><\/p>\n<p><a href=\"http:\/\/juhasiro.fi\/blogi\/wp-content\/uploads\/2016\/07\/Reima.f.jpg\" rel=\"attachment wp-att-4768\"><img loading=\"lazy\" decoding=\"async\" class=\"aligncenter size-full wp-image-4768\" src=\"http:\/\/juhasiro.fi\/blogi\/wp-content\/uploads\/2016\/07\/Reima.f.jpg\" alt=\"\" width=\"515\" height=\"386\" srcset=\"https:\/\/juhasiro.fi\/blogi\/wp-content\/uploads\/2016\/07\/Reima.f.jpg 515w, https:\/\/juhasiro.fi\/blogi\/wp-content\/uploads\/2016\/07\/Reima.f-300x225.jpg 300w\" sizes=\"auto, (max-width: 515px) 100vw, 515px\" \/><\/a><\/p>\n<p>Nevalaisen omasta mielest\u00e4 h\u00e4nen ty\u00f6ns\u00e4 eiv\u00e4t ole tarinallisia, nimet ovat toteavan yksinkertaisia, kuten: \u201dKatkaistu k\u00e4si\u201d tai \u201dLiikeradat\u201d. Katsojan mieli hakee kuitenkin merkityksi\u00e4, vaikka sellaisiakin, jotka eiv\u00e4t ole sanallisen ilmaisun ulottuvissa.<\/p>\n<p><a href=\"http:\/\/juhasiro.fi\/blogi\/wp-content\/uploads\/2016\/07\/Reima.h.jpg\" rel=\"attachment wp-att-4769\"><img loading=\"lazy\" decoding=\"async\" class=\"aligncenter size-full wp-image-4769\" src=\"http:\/\/juhasiro.fi\/blogi\/wp-content\/uploads\/2016\/07\/Reima.h.jpg\" alt=\"\" width=\"515\" height=\"259\" srcset=\"https:\/\/juhasiro.fi\/blogi\/wp-content\/uploads\/2016\/07\/Reima.h.jpg 515w, https:\/\/juhasiro.fi\/blogi\/wp-content\/uploads\/2016\/07\/Reima.h-300x151.jpg 300w\" sizes=\"auto, (max-width: 515px) 100vw, 515px\" \/><\/a><\/p>\n<p>Museo-opas Miikka Rauhalan mukaan n\u00e4yttely on jakanut mielipiteit\u00e4 ihastuksesta ihmettelyyn: osa katsojista pit\u00e4\u00e4 t\u00f6it\u00e4 rujon ahdistavina. Minulle itselleni ty\u00f6t n\u00e4ytt\u00e4ytyv\u00e4t mielenkiintoisina yrityksin\u00e4 ja v\u00e4l\u00e4hdyksin\u00e4 kuvata ihmisen tavoittamatonta alitajuntaa.<\/p>\n<p><a href=\"http:\/\/juhasiro.fi\/blogi\/wp-content\/uploads\/2016\/07\/Reima.4.jpg\" rel=\"attachment wp-att-4770\"><img loading=\"lazy\" decoding=\"async\" class=\"aligncenter size-full wp-image-4770\" src=\"http:\/\/juhasiro.fi\/blogi\/wp-content\/uploads\/2016\/07\/Reima.4.jpg\" alt=\"\" width=\"515\" height=\"408\" srcset=\"https:\/\/juhasiro.fi\/blogi\/wp-content\/uploads\/2016\/07\/Reima.4.jpg 515w, https:\/\/juhasiro.fi\/blogi\/wp-content\/uploads\/2016\/07\/Reima.4-300x238.jpg 300w\" sizes=\"auto, (max-width: 515px) 100vw, 515px\" \/><\/a><\/p>\n<p>Nevalainen vietti kaksi vuotta Japanissa ja piirsi joka p\u00e4iv\u00e4. H\u00e4n pit\u00e4\u00e4 n\u00e4yttelyn piirrossarjaa n\u00e4yttelyns\u00e4 t\u00e4rkeimp\u00e4n\u00e4 teoskokonaisuutena. Intohimoisena piirt\u00e4j\u00e4n\u00e4 Nevalaisen sukulaissieluna voisi pit\u00e4\u00e4 Etel\u00e4-Afrikassa vuonna 1955 syntynytt\u00e4\u00a0 William Kentridge\u00e4. Rujon ihmisyyden kuvaajana nousee mieleen brittil\u00e4inen ekspressionisti Francis Bacon (1909 \u2013 1992).<\/p>\n<p><a href=\"http:\/\/juhasiro.fi\/blogi\/wp-content\/uploads\/2016\/07\/Reima.i.jpg\" rel=\"attachment wp-att-4771\"><img loading=\"lazy\" decoding=\"async\" class=\"aligncenter size-full wp-image-4771\" src=\"http:\/\/juhasiro.fi\/blogi\/wp-content\/uploads\/2016\/07\/Reima.i.jpg\" alt=\"\" width=\"515\" height=\"407\" srcset=\"https:\/\/juhasiro.fi\/blogi\/wp-content\/uploads\/2016\/07\/Reima.i.jpg 515w, https:\/\/juhasiro.fi\/blogi\/wp-content\/uploads\/2016\/07\/Reima.i-300x237.jpg 300w\" sizes=\"auto, (max-width: 515px) 100vw, 515px\" \/><\/a><\/p>\n<p>Nevalainen k\u00e4ytt\u00e4\u00e4 maalauksissaan kollaasitekniikkaa: lis\u00e4\u00e4 ja liimaa, repii ja poistaa. Menetelm\u00e4\u00e4 saattaisi pit\u00e4\u00e4 runollisena. Se mit\u00e4 puuttuu on yht\u00e4 t\u00e4rke\u00e4\u00e4 kuin j\u00e4ljelle j\u00e4\u00e4nyt, kokonaisuuden kannalta jopa merkitt\u00e4v\u00e4mp\u00e4\u00e4. Ajattelun avaimet annetaan katsojalle. Nevalaisen taiteessa on harvinaisen intensiivist\u00e4 potentiaalia. Menk\u00e4\u00e4 ja katsokaa. Jos aikatauluunne sopii, kuunnelkaa Miikka Rauhalan opastus. Siin\u00e4p\u00e4 mies, joka osaa hommansa.<\/p>\n<p>\u2026\u2026\u2026\u2026\u2026\u2026\u2026\u2026\u2026\u2026\u2026\u2026\u2026\u2026\u2026\u2026\u2026\u2026\u2026.<\/p>\n<p>Blogin ekstralinkit<\/p>\n<p><a href=\"http:\/\/juhasiro.fi\/blogi\/?p=4270\" target=\"_blank\">1. Ville Andersson, Vuoden nuori taiteilija 2015<\/a><\/p>\n<p><a href=\"http:\/\/juhasiro.fi\/blogi\/?p=1951\" target=\"_blank\">2. Vuoden nuori taiteilija 2012 ja \u201dIhmisen henki\u201d<\/a><\/p>\n<p><a href=\"http:\/\/juhasiro.fi\/blogi\/?p=3808\" target=\"_blank\">3. Vuoden nuori taitelija 2008 ja runoilija: \u201dMe tapahdumme tuntemattomilla syvyyksill\u00e4\u201d<\/a><\/p>\n<p>\u2026\u2026\u2026\u2026\u2026\u2026\u2026\u2026\u2026\u2026\u2026\u2026\u2026\u2026\u2026\u2026\u2026\u2026\u2026.<\/p>\n","protected":false},"excerpt":{"rendered":"<p>Tampere tarjoaa valtakunnan mielenkiintoisimmat kuvataiden\u00e4yttelyt. Tein t\u00e4nne jutun 2.6. Ron Mueckista, maailmanluokan kuvanveist\u00e4j\u00e4st\u00e4, jonka n\u00e4yttely Sara Hild\u00e9nill\u00e4 jatkuu lokakuun puoleenv\u00e4liin saakka. (linkki) Mueckin ty\u00f6t ovat kysyttyj\u00e4 maailman museoissa, nyt niit\u00e4 n\u00e4hd\u00e4\u00e4n ensimm\u00e4ist\u00e4 kertaa Pohjoismaissa. Tampereen taidemuseon Vuoden nuori taiteilija -traditio on ollut merkitt\u00e4v\u00e4 tunnustus ja etappi monen taiteilijan tiell\u00e4 aina kansainv\u00e4liseen menestykseen saakka. Reima Nevalainen [&hellip;]<\/p>\n","protected":false},"author":2,"featured_media":0,"comment_status":"closed","ping_status":"closed","sticky":false,"template":"","format":"standard","meta":{"footnotes":""},"categories":[4,87,88,90],"tags":[2094,2093,2073,846,2092],"class_list":["post-4763","post","type-post","status-publish","format-standard","hentry","category-kulttuuri","category-kuvataide","category-kuvataiteilijat","category-moderni-kuvataide","tag-miikka-rauhala","tag-reima-nevalainen","tag-ron-mueck","tag-tampereen-taidemuseo","tag-vuoden-nuori-taitelija-2016"],"_links":{"self":[{"href":"https:\/\/juhasiro.fi\/blogi\/index.php?rest_route=\/wp\/v2\/posts\/4763","targetHints":{"allow":["GET"]}}],"collection":[{"href":"https:\/\/juhasiro.fi\/blogi\/index.php?rest_route=\/wp\/v2\/posts"}],"about":[{"href":"https:\/\/juhasiro.fi\/blogi\/index.php?rest_route=\/wp\/v2\/types\/post"}],"author":[{"embeddable":true,"href":"https:\/\/juhasiro.fi\/blogi\/index.php?rest_route=\/wp\/v2\/users\/2"}],"replies":[{"embeddable":true,"href":"https:\/\/juhasiro.fi\/blogi\/index.php?rest_route=%2Fwp%2Fv2%2Fcomments&post=4763"}],"version-history":[{"count":3,"href":"https:\/\/juhasiro.fi\/blogi\/index.php?rest_route=\/wp\/v2\/posts\/4763\/revisions"}],"predecessor-version":[{"id":4774,"href":"https:\/\/juhasiro.fi\/blogi\/index.php?rest_route=\/wp\/v2\/posts\/4763\/revisions\/4774"}],"wp:attachment":[{"href":"https:\/\/juhasiro.fi\/blogi\/index.php?rest_route=%2Fwp%2Fv2%2Fmedia&parent=4763"}],"wp:term":[{"taxonomy":"category","embeddable":true,"href":"https:\/\/juhasiro.fi\/blogi\/index.php?rest_route=%2Fwp%2Fv2%2Fcategories&post=4763"},{"taxonomy":"post_tag","embeddable":true,"href":"https:\/\/juhasiro.fi\/blogi\/index.php?rest_route=%2Fwp%2Fv2%2Ftags&post=4763"}],"curies":[{"name":"wp","href":"https:\/\/api.w.org\/{rel}","templated":true}]}}