{"id":4775,"date":"2016-07-13T17:57:37","date_gmt":"2016-07-13T14:57:37","guid":{"rendered":"http:\/\/juhasiro.fi\/blogi\/?p=4775"},"modified":"2016-07-13T18:49:48","modified_gmt":"2016-07-13T15:49:48","slug":"poplyriikan-loppuliuku-vai-itsenaisyystaistelun-ase","status":"publish","type":"post","link":"https:\/\/juhasiro.fi\/blogi\/?p=4775","title":{"rendered":"Poplyriikan loppuliuku vai itsen\u00e4isyystaistelun ase"},"content":{"rendered":"<p>Hesarin kulttuuri kysyy t\u00e4n\u00e4\u00e4n (13.7.) \u201dVoiko suomalainen poplyriikka viel\u00e4 tavoittaa yht\u00e4 suuria joukkoja kuin Juice Leskisen tai G\u00f6sta Sundqvistin sanoitukset omana aikanaan?\u201d<\/p>\n<figure id=\"attachment_4776\" aria-describedby=\"caption-attachment-4776\" style=\"width: 515px\" class=\"wp-caption aligncenter\"><a href=\"http:\/\/juhasiro.fi\/blogi\/wp-content\/uploads\/2016\/07\/HS.jpg\" rel=\"attachment wp-att-4776\"><img loading=\"lazy\" decoding=\"async\" class=\"size-full wp-image-4776\" src=\"http:\/\/juhasiro.fi\/blogi\/wp-content\/uploads\/2016\/07\/HS.jpg\" alt=\"Helsingin Sanomat 13.7.2016\" width=\"515\" height=\"386\" srcset=\"https:\/\/juhasiro.fi\/blogi\/wp-content\/uploads\/2016\/07\/HS.jpg 515w, https:\/\/juhasiro.fi\/blogi\/wp-content\/uploads\/2016\/07\/HS-300x225.jpg 300w\" sizes=\"auto, (max-width: 515px) 100vw, 515px\" \/><\/a><figcaption id=\"caption-attachment-4776\" class=\"wp-caption-text\">Helsingin Sanomat 13.7.2016<\/figcaption><\/figure>\n<p>Oma vastaukseni on, ettei voi. Ja se on hyv\u00e4 juttu se! Tai kuten jutun lopuksi Henri Pulkkinen eli Paperi T asian ilmaisee: \u201dMut nykyajassa on hyv\u00e4\u00e4kin se, ett\u00e4 ihmiset tulee eri l\u00e4ht\u00f6kohdista, kaikki pirstaloituu ja sekoittuu. Se tekee hyv\u00e4\u00e4 kaikelle kulttuurille.\u201d<\/p>\n<p>Hesari haastattelee my\u00f6s Paula Vesalaa ja Olavi Uusivirtaa, joka sanoo: \u201dPopulaarimusiikki laskettelee hiljalleen elinkaarensa loppuliukua \u2013 eli on kertaalleen k\u00e4ytt\u00e4nyt omat sis\u00e4iset mahdollisuutensa ja siirtynyt loputtoman retron kierteeseen.\u201d<\/p>\n<p>\u201dVanhojen hyvien aikojen\u201d kauhuskenaariossa radiossa jauhettiin muutamaa hitti\u00e4 puhki vuosikaupalla. Niin on osin viel\u00e4kin, mutta kaupalliset radioasemat sent\u00e4\u00e4n pyrkiv\u00e4t profiloitumaan valitsemansa musiikin\u00a0my\u00f6t\u00e4. \u201dOon itse sulkenut itselt\u00e4ni pois mahdollisuuden, ett\u00e4 voisin upota kansan syviin riveihin.\u201d Henri Pulkkinen sanoo.<\/p>\n<p>Istun itse p\u00e4iv\u00e4t ty\u00f6huoneella, ja kirjoittaessani haluan hyvin harvoin kuunnella mit\u00e4\u00e4n, ehk\u00e4 jazzia, vaikkapa Keith Jarretin pianoimprovisaatioita. Kun auton radiosta tulee r\u00e4ppi\u00e4, saatan biisin kuunnella. Jos esitt\u00e4j\u00e4 on Cheek, asema vaihtuu heti. T\u00e4m\u00e4 koskee toki montaa muutakin artistia.<\/p>\n<p>Kompetenssini ei siis riit\u00e4 r\u00e4ppiin mill\u00e4\u00e4n tavoin. Tsekkailin kuitenkin taustoja nelisen\u00a0vuotta siten, kun kirjoitin 365 tekstin kokoelmaani Babel. Maailmankaikkeuden p\u00e4ivityksen\u00e4 teos k\u00e4sittelee my\u00f6s \u201dkaikki\u201d musiikin kategoriat.<\/p>\n<figure id=\"attachment_4777\" aria-describedby=\"caption-attachment-4777\" style=\"width: 515px\" class=\"wp-caption aligncenter\"><a href=\"http:\/\/juhasiro.fi\/blogi\/wp-content\/uploads\/2016\/07\/MC.png\" rel=\"attachment wp-att-4777\"><img loading=\"lazy\" decoding=\"async\" class=\"size-full wp-image-4777\" src=\"http:\/\/juhasiro.fi\/blogi\/wp-content\/uploads\/2016\/07\/MC.png\" alt=\"Roushan Illahi alias MC Kash, kuva: Prashanth Vishwanatkan\" width=\"515\" height=\"419\" srcset=\"https:\/\/juhasiro.fi\/blogi\/wp-content\/uploads\/2016\/07\/MC.png 515w, https:\/\/juhasiro.fi\/blogi\/wp-content\/uploads\/2016\/07\/MC-300x244.png 300w\" sizes=\"auto, (max-width: 515px) 100vw, 515px\" \/><\/a><figcaption id=\"caption-attachment-4777\" class=\"wp-caption-text\">Roushan Illahi alias MC Kash, kuva: Prashanth Vishwanatkan<\/figcaption><\/figure>\n<p>Kashmirilainen r\u00e4pp\u00e4ri Roushan Illahi tekee musiikkia samoista l\u00e4ht\u00f6kohdista kuin mustien kansalaisoikeusliikkeess\u00e4 taistellut, vuonna 1996 kuollut yhdysvaltalaisr\u00e4pp\u00e4ri Tupac Shakur.<\/p>\n<p>Illahi r\u00e4pp\u00e4\u00e4 nimell\u00e4 MC Kash. H\u00e4nen tavoitteenaan on nostaa sanomallaan Intian, Kiinan ja Pakistanin puristuksessa olevan Kashmirin itsen\u00e4isyyskapina maailmankartalle. Maan tilanne on poliittisesti arkaluontoinen eik\u00e4 kansainv\u00e4liselt\u00e4 yhteis\u00f6lt\u00e4 tukea l\u00f6ydy. Mellakoissa kuolee ihmisi\u00e4 ja Intian poliisi on ajanut itsen\u00e4isyydest\u00e4 taistelevan muusikon ahtaalle.<\/p>\n<p>Teksti\u00e4 numero 180 tehdess\u00e4ni hain pointtia, joka suhteuttaisi ja sekoittaisi rivit musiikin perinteeseen globaalisti. My\u00f6s vastakohtana sille, ett\u00e4 Kashmirin vanhoilliset muslimijohtajat pit\u00e4v\u00e4t MC Kashia l\u00e4nsimaisen rappiokulttuurin edustajana.<\/p>\n<p>P\u00e4ivitykseni pointti ei ole politiikassa eik\u00e4 r\u00e4piss\u00e4. Ei puolesta eik\u00e4 vastaan. Se on hatunnosto kaikille, jotka suhtautuvat asiaansa niin intohimoisesti, ett\u00e4 tarttuvat aseen sijasta \u00e4lyllisempiin keinoihin.<\/p>\n<p>&#8230;&#8230;&#8230;&#8230;&#8230;&#8230;&#8230;&#8230;&#8230;&#8230;&#8230;&#8230;&#8230;&#8230;&#8230;&#8230;&#8230;&#8230;&#8230;&#8230;&#8230;&#8230;&#8230;&#8230;&#8230;&#8230;.<\/p>\n<p>Muusikko MC Kash r\u00e4pp\u00e4\u00e4 Kashmiria itsen\u00e4iseksi<\/p>\n<p><em>(agitato \u2013 innokkaasti, kiihtyneesti)<\/em><\/p>\n<p>h\u00e4n kertoo miten yksinkertainen on todellisuus:<\/p>\n<p>\u201dOlemme olleet kuusisataa vuotta orjina, on aika her\u00e4t\u00e4.\u201d<\/p>\n<p><em>(allegro moderato \u2013 nopeasti ja painokkaasti)<\/em><\/p>\n<p>Separatistir\u00e4pp\u00e4rist\u00e4 on tullut nopeasti underground-piirien t\u00e4hti<\/p>\n<p>I Protest on itsen\u00e4isyysmielisten ep\u00e4virallinen tunnuslaulu<\/p>\n<p><em>(molto ritmico \u2013 hyvin rytmikk\u00e4\u00e4sti)<\/em><\/p>\n<p>Intian poliisi kiinnitti huomionsa poliittisiin riimeihin<\/p>\n<p>ja pisti pakettiin studiot, joissa niit\u00e4 \u00e4\u00e4nitettiin<\/p>\n<p><em>(deciso \u2013 p\u00e4\u00e4tt\u00e4v\u00e4isesti, presto \u2013 kiireesti)<\/em><\/p>\n<p>Muusikolle ei Kashmirissa ole liikkumatilaa<\/p>\n<p>poliisille h\u00e4n on muslimivillitsij\u00e4, vanhoillisille muslimeille<\/p>\n<p>h\u00e4n edustaa rappiokulttuurin uhkaa<\/p>\n<p><em>(meno mosso \u2013 v\u00e4hemm\u00e4n liikkuvasti)<\/em><\/p>\n<p>MC Kash k\u00e4y salastudiossa johon kaikki on viritetty valmiiksi<\/p>\n<p>\u201dNauhoitamme biisin mahdollisimman nopeasti.\u201d<\/p>\n<p><em>(prestissimo \u2013 eritt\u00e4in nopeasti, attaca \u2013 keskeytyksett\u00e4)<\/em><\/p>\n<p>Afroamerikkalaisen el\u00e4m\u00e4n ja esimerkin kautta<\/p>\n<p>t\u00e4hti on tajunnut ett\u00e4 r\u00e4ppi\u00e4 voi k\u00e4ytt\u00e4\u00e4 vaikuttamiseen<\/p>\n<p><em>(molto allegro con fuoco \u2013 kiihke\u00e4sti ja tulisesti)<\/em><\/p>\n<p>\u201dKaverini kuoli poliisin luoteihin, h\u00e4nen hautajaisissaan<\/p>\n<p>p\u00e4\u00e4tin etten unohda koskaan\u201d, Kash kertoo<\/p>\n<p>Niin hautajaisissa tehd\u00e4\u00e4n, vannotaan ettei unohdeta<\/p>\n<p><em>(con amore \u2013 rakkaudella, affetuoso \u2013 tunteikkaasti)<\/em><\/p>\n<p>\u2026\u2026\u2026\u2026\u2026\u2026\u2026\u2026\u2026\u2026\u2026\u2026\u2026\u2026\u2026\u2026\u2026\u2026\u2026&#8230;&#8230;&#8230;&#8230;<\/p>\n<p>Blogin ekstralinkit<\/p>\n<p><a href=\"http:\/\/juhasiro.fi\/blogi\/?p=2649\" target=\"_blank\">1. Koskettavaa suomisanoitusta: \u201dOlisiko liikaa vaadittu?\u201d<\/a><\/p>\n<p><a href=\"http:\/\/juhasiro.fi\/blogi\/?p=2694\" target=\"_blank\">2. \u201dBeniamino Gigli kuolee ja bin Laden syntyy\u201d<\/a><\/p>\n<p>\u2026\u2026\u2026\u2026\u2026\u2026\u2026\u2026\u2026\u2026\u2026\u2026\u2026\u2026\u2026\u2026\u2026\u2026\u2026&#8230;&#8230;&#8230;..<\/p>\n","protected":false},"excerpt":{"rendered":"<p>Hesarin kulttuuri kysyy t\u00e4n\u00e4\u00e4n (13.7.) \u201dVoiko suomalainen poplyriikka viel\u00e4 tavoittaa yht\u00e4 suuria joukkoja kuin Juice Leskisen tai G\u00f6sta Sundqvistin sanoitukset omana aikanaan?\u201d Oma vastaukseni on, ettei voi. Ja se on hyv\u00e4 juttu se! Tai kuten jutun lopuksi Henri Pulkkinen eli Paperi T asian ilmaisee: \u201dMut nykyajassa on hyv\u00e4\u00e4kin se, ett\u00e4 ihmiset tulee eri l\u00e4ht\u00f6kohdista, kaikki [&hellip;]<\/p>\n","protected":false},"author":2,"featured_media":0,"comment_status":"closed","ping_status":"closed","sticky":false,"template":"","format":"standard","meta":{"footnotes":""},"categories":[358,63,1383,7,1405],"tags":[2033,81,2095,2098,2096,2078,2097],"class_list":["post-4775","post","type-post","status-publish","format-standard","hentry","category-journalismi","category-kirjoittamisen-ideat","category-laululyriikka","category-lehtileikkeet","category-musiikki-ja-sanoitukset","tag-babel","tag-helsingin-sanomat","tag-henri-pulkkinen","tag-mc-kash","tag-olavi-uusivirta","tag-paperi-t","tag-roushan-illahi"],"_links":{"self":[{"href":"https:\/\/juhasiro.fi\/blogi\/index.php?rest_route=\/wp\/v2\/posts\/4775","targetHints":{"allow":["GET"]}}],"collection":[{"href":"https:\/\/juhasiro.fi\/blogi\/index.php?rest_route=\/wp\/v2\/posts"}],"about":[{"href":"https:\/\/juhasiro.fi\/blogi\/index.php?rest_route=\/wp\/v2\/types\/post"}],"author":[{"embeddable":true,"href":"https:\/\/juhasiro.fi\/blogi\/index.php?rest_route=\/wp\/v2\/users\/2"}],"replies":[{"embeddable":true,"href":"https:\/\/juhasiro.fi\/blogi\/index.php?rest_route=%2Fwp%2Fv2%2Fcomments&post=4775"}],"version-history":[{"count":3,"href":"https:\/\/juhasiro.fi\/blogi\/index.php?rest_route=\/wp\/v2\/posts\/4775\/revisions"}],"predecessor-version":[{"id":4780,"href":"https:\/\/juhasiro.fi\/blogi\/index.php?rest_route=\/wp\/v2\/posts\/4775\/revisions\/4780"}],"wp:attachment":[{"href":"https:\/\/juhasiro.fi\/blogi\/index.php?rest_route=%2Fwp%2Fv2%2Fmedia&parent=4775"}],"wp:term":[{"taxonomy":"category","embeddable":true,"href":"https:\/\/juhasiro.fi\/blogi\/index.php?rest_route=%2Fwp%2Fv2%2Fcategories&post=4775"},{"taxonomy":"post_tag","embeddable":true,"href":"https:\/\/juhasiro.fi\/blogi\/index.php?rest_route=%2Fwp%2Fv2%2Ftags&post=4775"}],"curies":[{"name":"wp","href":"https:\/\/api.w.org\/{rel}","templated":true}]}}