{"id":5121,"date":"2017-05-30T19:29:34","date_gmt":"2017-05-30T16:29:34","guid":{"rendered":"http:\/\/juhasiro.fi\/blogi\/?p=5121"},"modified":"2017-05-30T19:29:34","modified_gmt":"2017-05-30T16:29:34","slug":"taiteiden-erottaminen-toisistaan-kuluttajien-ian-perusteella-on-idioottimaista","status":"publish","type":"post","link":"https:\/\/juhasiro.fi\/blogi\/?p=5121","title":{"rendered":"\u201dTaiteiden erottaminen toisistaan kuluttajien i\u00e4n perusteella on idioottimaista.\u201d"},"content":{"rendered":"<p><b>Kierr\u00e4t\u00e4n tasan kuuden vuoden takaisen p\u00e4ivityksen. T\u00e4h\u00e4n v\u00e4liin en uutta<\/b> <b>ehdi. Jo perjantaina kalastelen Kyr\u00f6sj\u00e4rvell\u00e4 kirjailijaliiton m\u00f6kill\u00e4 ja sit\u00e4 ennen pit\u00e4isi ehti\u00e4 monta puuhaa. Toinen syy on yht\u00e4 ajankohtainen: aina uuden kulttuuriministerin aloittaessa h\u00e4nen mieltymyksist\u00e4\u00e4n maalaillaan uhkakuvia. Sit\u00e4 paitsi t\u00e4n\u00e4\u00e4n on Claes Anderssonin syntym\u00e4p\u00e4iv\u00e4. H\u00e4nen mielipiteens\u00e4 l\u00f6ytyy otsikosta.<\/b><\/p>\n<p><img loading=\"lazy\" decoding=\"async\" class=\"aligncenter size-full wp-image-5122\" src=\"http:\/\/juhasiro.fi\/blogi\/wp-content\/uploads\/Ruoka.jpg\" alt=\"\" width=\"515\" height=\"687\" srcset=\"https:\/\/juhasiro.fi\/blogi\/wp-content\/uploads\/Ruoka.jpg 515w, https:\/\/juhasiro.fi\/blogi\/wp-content\/uploads\/Ruoka-112x150.jpg 112w, https:\/\/juhasiro.fi\/blogi\/wp-content\/uploads\/Ruoka-225x300.jpg 225w\" sizes=\"auto, (max-width: 515px) 100vw, 515px\" \/><\/p>\n<p>Tovi sitten aamukahvini valahti v\u00e4\u00e4r\u00e4\u00e4n kurkkuun silkasta h\u00e4mm\u00e4styksest\u00e4. \u201dSorsiiko valtio nuoria kulttuuritukia jaettaessa?\u201d kysyttiin Hesarin asiantuntijaraadilta. Tulos ei t\u00e4ss\u00e4 ole t\u00e4rke\u00e4: 47% vastasi kyll\u00e4, 34% ei. Loput levitteliv\u00e4t k\u00e4si\u00e4\u00e4n.<\/p>\n<p>Verenpaine alkoi kohota sivistyneen ihmisen sitaatista. Dosentti ja tuplatohtori, nelj\u00e4n ranskalaisen tiedeakatemian ulkoj\u00e4sen ja ritarin arvolla kruunattu suomalaisen kulttuuripolitiikan p\u00e4\u00e4tt\u00e4j\u00e4 sanoo: \u201dKulttuuri edellytt\u00e4\u00e4 kyps\u00e4\u00e4 makua, jota kaikilla ei voi kovin nuorella i\u00e4ll\u00e4 viel\u00e4 olla.\u201d<\/p>\n<p>Muumioitunut mielipide nousee suoraan kumpujen y\u00f6st\u00e4. Selvennet\u00e4\u00e4n asiaa esimerkein, ett\u00e4 eliittikin ymm\u00e4rt\u00e4\u00e4. Kun \u00e4iti tai mummu leipoo lapsen kanssa karjalanpiirakoita, se on kulttuuria. Ruokaperinne ja suomalainen design siirtyy sukupolvelta toiselle.<\/p>\n<p>Kun lapsi kuuntelee kirjastossa satutuntia, se vasta kulttuuria onkin. Tarinoiden ikiaikaiset kaavat ja maailmankirjallisuuden myytit ja ikonit siin\u00e4 kylvet\u00e4\u00e4n uuteen ja innostuneeseen kasvualustaan. Ent\u00e4 nuorten sanataidekoulutus, joka saattaisi kaivata valtionkin rahaa\u2026<\/p>\n<figure id=\"attachment_5123\" aria-describedby=\"caption-attachment-5123\" style=\"width: 515px\" class=\"wp-caption aligncenter\"><img loading=\"lazy\" decoding=\"async\" class=\"size-full wp-image-5123\" src=\"http:\/\/juhasiro.fi\/blogi\/wp-content\/uploads\/satutunti.jpg\" alt=\"\" width=\"515\" height=\"416\" srcset=\"https:\/\/juhasiro.fi\/blogi\/wp-content\/uploads\/satutunti.jpg 515w, https:\/\/juhasiro.fi\/blogi\/wp-content\/uploads\/satutunti-150x121.jpg 150w, https:\/\/juhasiro.fi\/blogi\/wp-content\/uploads\/satutunti-300x242.jpg 300w\" sizes=\"auto, (max-width: 515px) 100vw, 515px\" \/><figcaption id=\"caption-attachment-5123\" class=\"wp-caption-text\">Kuva: Kangasalan kirjasto<\/figcaption><\/figure>\n<p>Telkassa py\u00f6r\u00e4hti taannoin \u201dTanssien t\u00e4htiin\u201d. Ohjelmassa haetaan brittien lahjakkainta tanssijaa tai tanssiryhm\u00e4\u00e4 ja osallistua voi ik\u00e4\u00e4n katsomatta. Ensimm\u00e4isest\u00e4 semifinaalista loppukilpailuun selvisiv\u00e4t nuorimmat osallistujat, toistakymment\u00e4 k\u00e4yv\u00e4 Emily ja Tanssiryhm\u00e4 Jukebox Junior.\u00a0Edell\u00e4 mainittu taitaa olla viihdem\u00f6ss\u00f6st\u00e4 puristettu ovela formaatti. Sit\u00e4kin. Ja mit\u00e4 suurimmassa m\u00e4\u00e4rin esimerkill\u00e4\u00e4n nuoria tanssikulttuuriin innostavaa katsottavaa. Jukebox Juniorin tanssijat ovat 9-15 vuotiaita.<\/p>\n<p>Jatkan viel\u00e4 \u201dtosta poikki ja tohon jenga\u201d -n\u00e4kemyst\u00e4ni:<\/p>\n<p>1. Kulttuuri kuuluu kaikille. 2. Kulttuuri ja taide voivat merkit\u00e4 eri asioita. 3.\u00a0\u201dKorkeakulttuuria\u201d ja arjen kulttuuria ei kannata erotella, niille on vain eri mittarit. 4. Toiset tekev\u00e4t taidetta ammatikseen, toiset harrastavat \u2013 samoin on kulttuurin laita. 5. Vastakulttuuri pit\u00e4\u00e4 instituutiot vire\u00e4n\u00e4.<\/p>\n<p>Kertaan\u00a0viel\u00e4 Hesarin raadista Claes Anderssonin mielipiteen: \u201dTaiteiden erottaminen toisistaan kuluttajien i\u00e4n perusteella on idioottimaista.\u201d Tukea tulee my\u00f6s Matti Apuselta: &#8221;Jako nuorten ja vanhojen taiteeseen on todella keinotekoinen.&#8221;<\/p>\n<p>\u2026\u2026\u2026\u2026\u2026\u2026\u2026\u2026\u2026\u2026\u2026\u2026\u2026\u2026\u2026\u2026\u2026.<\/p>\n<p>Blogin ekstralinkit:<\/p>\n<p><a href=\"http:\/\/juhasiro.fi\/blogi\/?p=1402\">1. Hoitiko entinen alusvaatemalli kulttuuriministerin pestin yht\u00e4 mallikkaasti kuin kirjailija?<\/a><\/p>\n<p><a href=\"http:\/\/juhasiro.fi\/blogi\/?p=3581\">2. Kissataulu\u00a0kulttuuriministerille<\/a><\/p>\n<p>\u2026\u2026\u2026\u2026\u2026\u2026\u2026\u2026\u2026\u2026\u2026\u2026\u2026\u2026\u2026\u2026\u2026..<\/p>\n","protected":false},"excerpt":{"rendered":"<p>Kierr\u00e4t\u00e4n tasan kuuden vuoden takaisen p\u00e4ivityksen. T\u00e4h\u00e4n v\u00e4liin en uutta ehdi. Jo perjantaina kalastelen Kyr\u00f6sj\u00e4rvell\u00e4 kirjailijaliiton m\u00f6kill\u00e4 ja sit\u00e4 ennen pit\u00e4isi ehti\u00e4 monta puuhaa. Toinen syy on yht\u00e4 ajankohtainen: aina uuden kulttuuriministerin aloittaessa h\u00e4nen mieltymyksist\u00e4\u00e4n maalaillaan uhkakuvia. Sit\u00e4 paitsi t\u00e4n\u00e4\u00e4n on Claes Anderssonin syntym\u00e4p\u00e4iv\u00e4. H\u00e4nen mielipiteens\u00e4 l\u00f6ytyy otsikosta. Tovi sitten aamukahvini valahti v\u00e4\u00e4r\u00e4\u00e4n kurkkuun silkasta [&hellip;]<\/p>\n","protected":false},"author":2,"featured_media":0,"comment_status":"open","ping_status":"closed","sticky":false,"template":"","format":"standard","meta":{"footnotes":""},"categories":[95,3,375,123,431,576,529],"tags":[331,882,2194],"class_list":["post-5121","post","type-post","status-publish","format-standard","hentry","category-kalastus","category-kirjallisuus","category-kulttuuripolitiikka","category-lukeminen","category-mielipidekirjoitukset","category-populismi","category-sivistys","tag-claes-andersson","tag-korkeakulttuuri","tag-lastenkulttuuri"],"_links":{"self":[{"href":"https:\/\/juhasiro.fi\/blogi\/index.php?rest_route=\/wp\/v2\/posts\/5121","targetHints":{"allow":["GET"]}}],"collection":[{"href":"https:\/\/juhasiro.fi\/blogi\/index.php?rest_route=\/wp\/v2\/posts"}],"about":[{"href":"https:\/\/juhasiro.fi\/blogi\/index.php?rest_route=\/wp\/v2\/types\/post"}],"author":[{"embeddable":true,"href":"https:\/\/juhasiro.fi\/blogi\/index.php?rest_route=\/wp\/v2\/users\/2"}],"replies":[{"embeddable":true,"href":"https:\/\/juhasiro.fi\/blogi\/index.php?rest_route=%2Fwp%2Fv2%2Fcomments&post=5121"}],"version-history":[{"count":2,"href":"https:\/\/juhasiro.fi\/blogi\/index.php?rest_route=\/wp\/v2\/posts\/5121\/revisions"}],"predecessor-version":[{"id":5125,"href":"https:\/\/juhasiro.fi\/blogi\/index.php?rest_route=\/wp\/v2\/posts\/5121\/revisions\/5125"}],"wp:attachment":[{"href":"https:\/\/juhasiro.fi\/blogi\/index.php?rest_route=%2Fwp%2Fv2%2Fmedia&parent=5121"}],"wp:term":[{"taxonomy":"category","embeddable":true,"href":"https:\/\/juhasiro.fi\/blogi\/index.php?rest_route=%2Fwp%2Fv2%2Fcategories&post=5121"},{"taxonomy":"post_tag","embeddable":true,"href":"https:\/\/juhasiro.fi\/blogi\/index.php?rest_route=%2Fwp%2Fv2%2Ftags&post=5121"}],"curies":[{"name":"wp","href":"https:\/\/api.w.org\/{rel}","templated":true}]}}