{"id":5215,"date":"2017-10-04T17:12:42","date_gmt":"2017-10-04T14:12:42","guid":{"rendered":"http:\/\/juhasiro.fi\/blogi\/?p=5215"},"modified":"2021-07-22T16:06:22","modified_gmt":"2021-07-22T13:06:22","slug":"miten-kauan-on-maailmassa-toivoa","status":"publish","type":"post","link":"https:\/\/juhasiro.fi\/blogi\/?p=5215","title":{"rendered":"Miten kauan on maailmassa toivoa?"},"content":{"rendered":"<p><b>T\u00e4n\u00e4\u00e4n 4.10. on fransiskaaniveljeskunnan perustajan, Franciscus Assisilaisen (1182 \u2013 1226) muistop\u00e4iv\u00e4. <\/b>Paavi julisti h\u00e4net pyhimykseksi 1228. H\u00e4n on my\u00f6s el\u00e4inten, ymp\u00e4rist\u00f6n, el\u00e4intarhojen, tulen, perheiden, yksin kuolleiden, kauppiaiden, rauhan, Italian, Assisin, New Mexicon ja Kansasin suojeluspyhimys. Kyll\u00e4 tuossa listassa yhdelle pyhimykselle puuhaa riitt\u00e4\u00e4.<\/p>\n<figure id=\"attachment_5216\" aria-describedby=\"caption-attachment-5216\" style=\"width: 515px\" class=\"wp-caption aligncenter\"><img loading=\"lazy\" decoding=\"async\" class=\"size-full wp-image-5216\" src=\"http:\/\/juhasiro.fi\/blogi\/wp-content\/uploads\/Giotto_Birds.jpg\" alt=\"\" width=\"515\" height=\"692\" srcset=\"https:\/\/juhasiro.fi\/blogi\/wp-content\/uploads\/Giotto_Birds.jpg 515w, https:\/\/juhasiro.fi\/blogi\/wp-content\/uploads\/Giotto_Birds-112x150.jpg 112w, https:\/\/juhasiro.fi\/blogi\/wp-content\/uploads\/Giotto_Birds-223x300.jpg 223w\" sizes=\"auto, (max-width: 515px) 100vw, 515px\" \/><figcaption id=\"caption-attachment-5216\" class=\"wp-caption-text\">Maalaus: Giotto (1267 &#8211; 1337)<\/figcaption><\/figure>\n<p>Francicus oli varakkaan perheen poika italialaisesta Assisin kaupungista. Is\u00e4 halusi h\u00e4nest\u00e4 kauppiasta tai sotilasta. \u00c4iti humaania hyv\u00e4ntekij\u00e4\u00e4. Francicus ehti osallistua taisteluihin ja joutui sotavangiksi. K\u00e4\u00e4ntymyksens\u00e4 h\u00e4n koki pyhiinvaellusmatkalla Roomaan. Lopulta h\u00e4n luopui kaikesta maallisesta omaisuudestaan ja ryhtyi saarnaamaan.<\/p>\n<p>Francicus laati yksil\u00f6llist\u00e4 ja yhteis\u00f6llist\u00e4 k\u00f6yhyytt\u00e4 edellytt\u00e4v\u00e4n s\u00e4\u00e4nn\u00f6n, jonka kolme ydinajatusta h\u00e4n kiteytti Uudesta testamentista: 1. \u201dJos tahdot olla t\u00e4ydellinen, mene ja myy kaikki, mit\u00e4 sinulla on ja anna rahat k\u00f6yhille. Silloin sinulla on aarre taivaissa. Tule sitten ja seuraa minua. 2. \u201d\u00c4lk\u00e4\u00e4 ottako matkalle mukaanne mit\u00e4\u00e4n \u2013 ei sauvaa, ei laukkua, ei leip\u00e4\u00e4 eik\u00e4 rahaa. \u00c4lk\u00e4\u00e4 ottako toista paitaakaan.\u201d 3. \u201dJos joku tahtoo kulkea minun j\u00e4ljess\u00e4ni, h\u00e4n kielt\u00e4k\u00f6\u00f6n itsens\u00e4, ottakoon ristins\u00e4 ja seuratkoon minua.\u201d<\/p>\n<p>T\u00e4m\u00e4, usein lainattu lause on poimittu Franciscuksen omista merkinn\u00f6ist\u00e4: \u201dNiin kauan kun maailmassa on lapsia, kukkia ja lintuja, niin kauan on toivoa.\u201d<\/p>\n<p><img loading=\"lazy\" decoding=\"async\" class=\"aligncenter size-full wp-image-6403\" src=\"http:\/\/juhasiro.fi\/blogi\/wp-content\/uploads\/Ateena.jpg\" alt=\"\" width=\"515\" height=\"420\" srcset=\"https:\/\/juhasiro.fi\/blogi\/wp-content\/uploads\/Ateena.jpg 515w, https:\/\/juhasiro.fi\/blogi\/wp-content\/uploads\/Ateena-300x245.jpg 300w, https:\/\/juhasiro.fi\/blogi\/wp-content\/uploads\/Ateena-150x122.jpg 150w\" sizes=\"auto, (max-width: 515px) 100vw, 515px\" \/><\/p>\n<p>Olin jokusia vuosia sitten ty\u00f6skentelem\u00e4ss\u00e4 kirjailijaliiton residensiss\u00e4 Ateenassa. Seuratessani menoa Syntagman keskusaukiolla, merkitsin muistiin seuraavat rivit. Ehk\u00e4 joku kyyhkyjen sy\u00f6tt\u00e4jist\u00e4 muistutti pyhimyst\u00e4. Syyst\u00e4 tai toisesta. Ei fokusointia tai vertausta nykyp\u00e4iv\u00e4\u00e4n, mutta kyll\u00e4 Franciscuksen viimeist\u00e4 lausetta kelpaisi noudattaa yh\u00e4. Vai pit\u00e4isik\u00f6 sanoa viimeinkin.\u00a0Olen julkaissut s\u00e4keet\u00a0t\u00e4\u00e4ll\u00e4 joskus, mutta menk\u00f6\u00f6n, kun on merkkip\u00e4iv\u00e4:<\/p>\n<p>\u201dSattuma on tapahtuma, joka kohdataan vahingossa ja<\/p>\n<p>odottamatta. Vastoin sit\u00e4 mit\u00e4 on ajateltu ja p\u00e4\u00e4tetty.\u201d<\/p>\n<p>Niin kuin Franciscus Assisilainen,<\/p>\n<p>joka kahdeksansadan vuoden kuluttua kuolemastaan ilmestyy<\/p>\n<p>sy\u00f6tt\u00e4m\u00e4\u00e4n kyyhkyj\u00e4 ja seuraamaan<\/p>\n<p>vahdinvaihtoa Ateenan parlamenttitalon aukiolle.<\/p>\n<p>Siksi sallimme h\u00e4nen sanoa viel\u00e4 jotain t\u00e4hdellist\u00e4:<\/p>\n<p>\u201d\u00c4lk\u00e4\u00e4 ottako matkalle mukaanne mit\u00e4\u00e4n \u2013 ei sauvaa, ei laukkua,<\/p>\n<p>ei leip\u00e4\u00e4 eik\u00e4 rahaa. \u00c4lk\u00e4\u00e4 ottako toista paitaakaan.<\/p>\n<p>\u00c4lk\u00e4\u00e4 pit\u00e4k\u00f6 omaa tiet\u00e4nne ainoana tien\u00e4 Jumalan luo.\u201d<\/p>\n<p>\u2026\u2026\u2026\u2026\u2026\u2026\u2026\u2026\u2026\u2026\u2026\u2026\u2026\u2026\u2026\u2026\u2026.<\/p>\n<p>Blogin ekstralinkit:<\/p>\n<p><a href=\"http:\/\/juhasiro.fi\/blogi\/?p=4677\">1. Hyv\u00e4n ja pahan leikkauspisteess\u00e4<\/a><\/p>\n<p><a href=\"http:\/\/juhasiro.fi\/blogi\/?p=3484\">2. Ymm\u00e4rryksen avaimet<\/a><\/p>\n<p>\u2026\u2026\u2026\u2026\u2026\u2026\u2026\u2026\u2026\u2026\u2026\u2026\u2026\u2026\u2026\u2026\u2026.<\/p>\n","protected":false},"excerpt":{"rendered":"<p>T\u00e4n\u00e4\u00e4n 4.10. on fransiskaaniveljeskunnan perustajan, Franciscus Assisilaisen (1182 \u2013 1226) muistop\u00e4iv\u00e4. Paavi julisti h\u00e4net pyhimykseksi 1228. H\u00e4n on my\u00f6s el\u00e4inten, ymp\u00e4rist\u00f6n, el\u00e4intarhojen, tulen, perheiden, yksin kuolleiden, kauppiaiden, rauhan, Italian, Assisin, New Mexicon ja Kansasin suojeluspyhimys. Kyll\u00e4 tuossa listassa yhdelle pyhimykselle puuhaa riitt\u00e4\u00e4. Francicus oli varakkaan perheen poika italialaisesta Assisin kaupungista. Is\u00e4 halusi h\u00e4nest\u00e4 kauppiasta tai [&hellip;]<\/p>\n","protected":false},"author":2,"featured_media":0,"comment_status":"open","ping_status":"closed","sticky":false,"template":"","format":"standard","meta":{"footnotes":""},"categories":[273,63,130,332],"tags":[2028,1354,2217],"class_list":["post-5215","post","type-post","status-publish","format-standard","hentry","category-ateena","category-kirjoittamisen-ideat","category-runous","category-usko-ja-uskonnot","tag-ateena","tag-franciscus-assisilainen","tag-muistopaiva"],"_links":{"self":[{"href":"https:\/\/juhasiro.fi\/blogi\/index.php?rest_route=\/wp\/v2\/posts\/5215","targetHints":{"allow":["GET"]}}],"collection":[{"href":"https:\/\/juhasiro.fi\/blogi\/index.php?rest_route=\/wp\/v2\/posts"}],"about":[{"href":"https:\/\/juhasiro.fi\/blogi\/index.php?rest_route=\/wp\/v2\/types\/post"}],"author":[{"embeddable":true,"href":"https:\/\/juhasiro.fi\/blogi\/index.php?rest_route=\/wp\/v2\/users\/2"}],"replies":[{"embeddable":true,"href":"https:\/\/juhasiro.fi\/blogi\/index.php?rest_route=%2Fwp%2Fv2%2Fcomments&post=5215"}],"version-history":[{"count":3,"href":"https:\/\/juhasiro.fi\/blogi\/index.php?rest_route=\/wp\/v2\/posts\/5215\/revisions"}],"predecessor-version":[{"id":6404,"href":"https:\/\/juhasiro.fi\/blogi\/index.php?rest_route=\/wp\/v2\/posts\/5215\/revisions\/6404"}],"wp:attachment":[{"href":"https:\/\/juhasiro.fi\/blogi\/index.php?rest_route=%2Fwp%2Fv2%2Fmedia&parent=5215"}],"wp:term":[{"taxonomy":"category","embeddable":true,"href":"https:\/\/juhasiro.fi\/blogi\/index.php?rest_route=%2Fwp%2Fv2%2Fcategories&post=5215"},{"taxonomy":"post_tag","embeddable":true,"href":"https:\/\/juhasiro.fi\/blogi\/index.php?rest_route=%2Fwp%2Fv2%2Ftags&post=5215"}],"curies":[{"name":"wp","href":"https:\/\/api.w.org\/{rel}","templated":true}]}}