{"id":5746,"date":"2018-11-16T17:53:18","date_gmt":"2018-11-16T15:53:18","guid":{"rendered":"http:\/\/juhasiro.fi\/blogi\/?p=5746"},"modified":"2018-11-16T18:54:31","modified_gmt":"2018-11-16T16:54:31","slug":"onko-kirjailijalla-brandi-kuka-hoitaa-markkinointihommat","status":"publish","type":"post","link":"https:\/\/juhasiro.fi\/blogi\/?p=5746","title":{"rendered":"Onko kirjailijalla br\u00e4ndi \u2013 kuka hoitaa markkinointihommat?"},"content":{"rendered":"<p>T\u00e4n\u00e4\u00e4n piti p\u00e4ivitt\u00e4m\u00e4ni Vesa Sis\u00e4t\u00f6n tuoreesta ja hiton hauskasta kirjasta <i>100 klassikkoa tunnissa<\/i>. Siin\u00e4 j\u00e4\u00e4 V\u00e4yrysen Paavonkin lukuvauhti toiseksi. Mutta \u201dyleis\u00f6n pyynn\u00f6st\u00e4\u201d nostan t\u00e4nne muutaman ajatuksen viime keskiviikon mediavalmennustilaisuudesta: \u201dTavoitteena on antaa varmuutta ja valmiuksia median kohtaamiseen ja samalla auttaa v\u00e4ltt\u00e4m\u00e4\u00e4n mahdolliset sudenkuopat.\u201d Keskustelimme my\u00f6s kirjailijan br\u00e4ndist\u00e4 ja maineenhallinnan ulottuvuuksista.<\/p>\n<p><img loading=\"lazy\" decoding=\"async\" class=\"aligncenter size-full wp-image-5747\" src=\"http:\/\/juhasiro.fi\/blogi\/wp-content\/uploads\/Pelle.jpg\" alt=\"\" width=\"715\" height=\"592\" srcset=\"https:\/\/juhasiro.fi\/blogi\/wp-content\/uploads\/Pelle.jpg 715w, https:\/\/juhasiro.fi\/blogi\/wp-content\/uploads\/Pelle-150x124.jpg 150w, https:\/\/juhasiro.fi\/blogi\/wp-content\/uploads\/Pelle-300x248.jpg 300w\" sizes=\"auto, (max-width: 715px) 100vw, 715px\" \/><\/p>\n<p>Tilaisuuden pitiv\u00e4t Otavan viestint\u00e4p\u00e4\u00e4llik\u00f6t ja paikalla oli kaksi viestinn\u00e4n ulkopuolista asiantuntijaa, joita en halua yksil\u00f6id\u00e4 koska tilaisuus ei ollut julkinen ja esit\u00e4n huomiooni vain sellaisina, joina ne omaan ymm\u00e4rrykseeni kiteytyiv\u00e4t. Osallistujista valtaosa oli esikoiskirjailijoita, mutta joillain oli jo useita julkaisuja takana. Kustantajani on Otava-konserniin kuuluva Like, joka pit\u00e4\u00e4 yll\u00e4 ja kehitt\u00e4\u00e4 omaa \u201dkulttimainetta\u201d saavuttanutta br\u00e4ndi\u00e4\u00e4n.<\/p>\n<p>L\u00e4hdin tilaisuuteen hieman skeptisen\u00e4, suurimpana pontimenani uteliaisuus. Tulos: sain omaa ajatteluani selkiytetty\u00e4, asiat niihin pilttuisiin, jonne ne kuuluvat. Plus muutama asia, jotka on syyt\u00e4 pit\u00e4\u00e4 mieless\u00e4 ja pohtia tarkemmin.<\/p>\n<p>1. Suhtauduin ensimm\u00e4iseen asiantuntijaesitykseen kriittisesti. Taso l\u00e4hti liian korkealta, ik\u00e4\u00e4n kuin jokainen kirjailija olisi kaikkien tuntema \u201djulkkis\u201d tai ainakin matkalla sellaiseksi. \u201dHenkil\u00f6kohtaiselle vuorelle nouseminen\u201d ja \u201dTahtotila\u201d ovat ulkokohtaiseksi kuluneita, abstrakteja ilmaisuja.<span class=\"Apple-converted-space\">\u00a0<\/span><\/p>\n<p>Silti t\u00e4st\u00e4kin esityksest\u00e4 j\u00e4i kolme hyv\u00e4\u00e4 pointtia. Ensiksi: \u201dMedia ei ole kirjailijan henkil\u00f6llisyyden jatke.\u201d \u00c4l\u00e4 siis ripustaudu siihen mit\u00e4 sinusta kirjoitetaan. Tai eritoten mit\u00e4 kirjoittamatta j\u00e4tet\u00e4\u00e4n \u2013 vaikka niin kiihke\u00e4sti haluaisit mahdollisimman paljon palautetta. Toiseksi: \u201dKielt\u00e4ytyminen\u201d voi olla br\u00e4ndi sin\u00e4ll\u00e4\u00e4n, vaikkakin pidemm\u00e4n tien p\u00e4\u00e4ss\u00e4. Ilkka Remes varjelee yksityisyytt\u00e4\u00e4n ja mahdolliset viestit kulkevat vain kustantamon kautta. Juha Sepp\u00e4l\u00e4\u00e4 on turha odottaa messuille tai edes yhteiskuvaan muiden Finlandia-ehdokkaiden kanssa. Ja viel\u00e4: \u201dLoista, kun siihen on tilaisuus.\u201d Eli ensimm\u00e4isen kirjoittajaopettajani sanoin: \u201d\u00c4l\u00e4 v\u00e4h\u00e4ttele ittees, kyll\u00e4 muut siit\u00e4 huolen pit\u00e4\u00e4.\u201d<\/p>\n<p>2. Toinen esitys oli silkkaa konkretiaa ja p\u00e4\u00e4si minua l\u00e4hemm\u00e4s. Mitk\u00e4 ovat puitteet hyv\u00e4n lehtijutun synnylle? Mit\u00e4 aikakausilehden toimittaja odottaa haastateltavaltaan? Mit\u00e4 h\u00e4n ei odota? Millaisin edellytyksin juttu syntyy? Ent\u00e4 luottamus ja vilpitt\u00f6myys?<\/p>\n<p>Kun p\u00e4iv\u00e4lehti nostaa teoksen sivuilleen, menn\u00e4\u00e4n kirja ja sis\u00e4lt\u00f6 edell\u00e4. Olen kuitenkin havainnut kasvavan kehityksen, jossa saatetaan tehd\u00e4 vain henkil\u00f6juttu ja tuore kirja j\u00e4\u00e4 lopulta jopa ilman kritiikki\u00e4. Aikakausilehdet nostavat henkil\u00f6n p\u00e4\u00e4osaan, uhraavat enemm\u00e4n tilaa ja kuvia. Ja sitten se t\u00e4rkein yhteinen nimitt\u00e4j\u00e4: jutun kirjoittaja mets\u00e4st\u00e4\u00e4 tarinaa. Kirjailijaa saattaa raastaa, ett\u00e4 kirja j\u00e4\u00e4 taka-alalle. Turha murehtia, jos haastateltava p\u00e4\u00e4see koskettamaan lukijaa l\u00e4helt\u00e4, h\u00e4n hankkii kirjan. Ja se tarina \u2013 \u00e4l\u00e4 typist\u00e4 itse\u00e4si yhden tarinan varaan, ei sit\u00e4 loputtomiin toisteta. Kyll\u00e4 el\u00e4m\u00e4st\u00e4 aina uusi kulma l\u00f6ytyy.<\/p>\n<p>Molemminpuolinen kunnioitus ja luottamus on avain hyv\u00e4n jutun synnylle. Sivuutan t\u00e4m\u00e4n lyhyesti ja ajattelen p\u00e4invastaista esimerkki\u00e4: Trumpin loputonta k\u00e4rh\u00e4m\u00e4\u00e4 median kanssa. Ja viel\u00e4, min\u00e4k\u00e4\u00e4n en pit\u00e4isi, jos haastateltava tarkistuttaisi juttua ja loputtomiin ja kirjoituttaisi sen yh\u00e4 uudelleen. Faktat ovat faktoja, mutta yhteisymm\u00e4rrys kaikesta muusta on aina tulkintakysymys. Ajattelen itse\u00e4ni \u2013 kaikki tuntemani ihmiset n\u00e4kev\u00e4t minut varmasti omasta kulmastaan ja eri valossa.<\/p>\n<p>\u00c4l\u00e4 ole falski. Jos poliitikko kertoo painavansa duunia 24\/7 ja esitt\u00e4\u00e4 samaan hengenvetoon perheen el\u00e4m\u00e4ns\u00e4 ykk\u00f6sasiaksi, yht\u00e4l\u00f6 ei taida toimia. Vilpitt\u00f6myys vie pitk\u00e4lle, mutta sin\u00e4 itse lopulta p\u00e4\u00e4t\u00e4t esit\u00e4tk\u00f6 itsekk\u00e4\u00e4n narsistin pahoinpitelem\u00e4\u00e4 uhria vai nostatko esiin jonkin merkitt\u00e4v\u00e4n muutoksen el\u00e4m\u00e4ss\u00e4si. T\u00e4st\u00e4 on kokemusta. Muutama vuosi sitten lehtijutun otsikkoon p\u00e4\u00e4tyi \u201dtotuutena\u201d jotain sellaista mit\u00e4 en ollut \u2013 mutta mit\u00e4 itsest\u00e4ni toivoin ja tavoittelin.<span class=\"Apple-converted-space\">\u00a0<\/span><\/p>\n<p><img loading=\"lazy\" decoding=\"async\" class=\"aligncenter size-full wp-image-5748\" src=\"http:\/\/juhasiro.fi\/blogi\/wp-content\/uploads\/Koulutus.jpg\" alt=\"\" width=\"715\" height=\"625\" srcset=\"https:\/\/juhasiro.fi\/blogi\/wp-content\/uploads\/Koulutus.jpg 715w, https:\/\/juhasiro.fi\/blogi\/wp-content\/uploads\/Koulutus-150x131.jpg 150w, https:\/\/juhasiro.fi\/blogi\/wp-content\/uploads\/Koulutus-300x262.jpg 300w\" sizes=\"auto, (max-width: 715px) 100vw, 715px\" \/><\/p>\n<p>3. Lopuksi t\u00e4rkein. Entisess\u00e4 el\u00e4m\u00e4ss\u00e4ni olin yritt\u00e4j\u00e4, joka vastasi my\u00f6s useiden muiden ty\u00f6ntekij\u00f6iden rahallisesta toimeentulosta. Ja siit\u00e4, ett\u00e4 kaikki alihankkijoita my\u00f6ten tekiv\u00e4t duuninsa sovitusti ja asiakas sai lopulta sijoitukselleen katetta. Ehk\u00e4 siksi suhtaudun n\u00e4ihinkin juttuihin ja kirjailijan duuneihin parituhatta vuotta sitten el\u00e4neen miehen sanoin: \u201dAntakaa keisarille mik\u00e4 keisarille kuuluu ja Jumalalle mik\u00e4 Jumalalle kuuluu.\u201d<\/p>\n<p>Edell\u00e4 oleva tahtoo sanoa, ett\u00e4 tykk\u00e4\u00e4n selke\u00e4st\u00e4 ty\u00f6njaosta, t\u00e4sm\u00e4llisyydest\u00e4 ja siit\u00e4, ett\u00e4 sovitut asiat pit\u00e4v\u00e4t. N\u00e4in t\u00e4m\u00e4 on kustantamon ja kustannustoimittajani kanssa toiminut. Keskiviikon tilaisuus viel\u00e4 alleviivasi markkinoinnin osuutta. He hoitavat kev\u00e4\u00e4n katalogin esittelyt, kirjakauppojen ennakko-ostot ja jatkon\u2026 tiedotuksen, arvostelukappaleet ja muut yhteydet medioihin.<span class=\"Apple-converted-space\">\u00a0<\/span><\/p>\n<p>Ja t\u00e4m\u00e4n tajuan hyvin: jos kirja ei muuten ensin \u201dl\u00e4hde lentoon\u201d, markkinointiponnistelut eiv\u00e4t siin\u00e4 auta. Jos nostetta on, sit\u00e4 voi rahallisin panoksin vauhdittaa. N\u00e4ht\u00e4v\u00e4ksi j\u00e4\u00e4 miten uuden kirjani k\u00e4y. Se tietysti vaikuttaa omaan osuuteeni jatkossa. Eka siirto on suoritettu ja tuleva kirja p\u00e4ivitetty kotisivun kaikkiin linkkeihin. Ymm\u00e4rr\u00e4n hyvin heit\u00e4, joilla on enemm\u00e4n keikkaa ja oma markkinointi ahdistaa. Oma julkaisutahtini on 2-3 vuotta ja yhteis\u00f6lliset menot olen tarkoituksella karsinut minimiin. Katson, ett\u00e4 osuuteni tuli hoidettua kuuden vuoden taidetoimikuntakaudella.<\/p>\n<p>Lopuksi Vilja-Tuulia Huotarisen mainio veto. H\u00e4nen tuore romaaninsa <em>Niin kuin min\u00e4 heid\u00e4t n\u00e4in<\/em> arvioitiin Hesarissa 15.11. H\u00e4n jakoi sen sos-mediaan ja kirjoitti viestin: \u201dKirjailijaa monesti onnitellaan hesariarvioista, mutta kyll\u00e4 se kuulkaa menee niin p\u00e4in, ett\u00e4 onnea HS, ett\u00e4 saat meilt\u00e4 teoksia!\u201d<span class=\"Apple-converted-space\">\u00a0<\/span><\/p>\n<p>\u2026\u2026\u2026\u2026\u2026\u2026\u2026\u2026\u2026\u2026\u2026\u2026\u2026.<\/p>\n<p>Blogin ekstralinkit:<\/p>\n<p><a href=\"http:\/\/juhasiro.fi\/blogi\/?p=2730\">1. Sitaatti kahdeksaltatoista kirjailijalta: \u201dMiten kirjani ovat syntyneet\u201d<\/a><\/p>\n<p><a href=\"http:\/\/juhasiro.fi\/blogi\/?p=2117\">2. Claes Andersson yritt\u00e4\u00e4 omakuvaa<\/a><\/p>\n<p>\u2026\u2026\u2026\u2026\u2026\u2026\u2026\u2026\u2026\u2026\u2026\u2026\u2026.<\/p>\n","protected":false},"excerpt":{"rendered":"<p>T\u00e4n\u00e4\u00e4n piti p\u00e4ivitt\u00e4m\u00e4ni Vesa Sis\u00e4t\u00f6n tuoreesta ja hiton hauskasta kirjasta 100 klassikkoa tunnissa. Siin\u00e4 j\u00e4\u00e4 V\u00e4yrysen Paavonkin lukuvauhti toiseksi. Mutta \u201dyleis\u00f6n pyynn\u00f6st\u00e4\u201d nostan t\u00e4nne muutaman ajatuksen viime keskiviikon mediavalmennustilaisuudesta: \u201dTavoitteena on antaa varmuutta ja valmiuksia median kohtaamiseen ja samalla auttaa v\u00e4ltt\u00e4m\u00e4\u00e4n mahdolliset sudenkuopat.\u201d Keskustelimme my\u00f6s kirjailijan br\u00e4ndist\u00e4 ja maineenhallinnan ulottuvuuksista. Tilaisuuden pitiv\u00e4t Otavan viestint\u00e4p\u00e4\u00e4llik\u00f6t ja [&hellip;]<\/p>\n","protected":false},"author":2,"featured_media":0,"comment_status":"open","ping_status":"closed","sticky":false,"template":"","format":"standard","meta":{"footnotes":""},"categories":[180,358,70,619,44],"tags":[78,918,2323,2324],"class_list":["post-5746","post","type-post","status-publish","format-standard","hentry","category-ammatit","category-journalismi","category-kirjat","category-kustantajat","category-uutiset","tag-juha-siro","tag-like","tag-otava-konserni","tag-yllamme-kaartuva-taivas"],"_links":{"self":[{"href":"https:\/\/juhasiro.fi\/blogi\/index.php?rest_route=\/wp\/v2\/posts\/5746","targetHints":{"allow":["GET"]}}],"collection":[{"href":"https:\/\/juhasiro.fi\/blogi\/index.php?rest_route=\/wp\/v2\/posts"}],"about":[{"href":"https:\/\/juhasiro.fi\/blogi\/index.php?rest_route=\/wp\/v2\/types\/post"}],"author":[{"embeddable":true,"href":"https:\/\/juhasiro.fi\/blogi\/index.php?rest_route=\/wp\/v2\/users\/2"}],"replies":[{"embeddable":true,"href":"https:\/\/juhasiro.fi\/blogi\/index.php?rest_route=%2Fwp%2Fv2%2Fcomments&post=5746"}],"version-history":[{"count":4,"href":"https:\/\/juhasiro.fi\/blogi\/index.php?rest_route=\/wp\/v2\/posts\/5746\/revisions"}],"predecessor-version":[{"id":5752,"href":"https:\/\/juhasiro.fi\/blogi\/index.php?rest_route=\/wp\/v2\/posts\/5746\/revisions\/5752"}],"wp:attachment":[{"href":"https:\/\/juhasiro.fi\/blogi\/index.php?rest_route=%2Fwp%2Fv2%2Fmedia&parent=5746"}],"wp:term":[{"taxonomy":"category","embeddable":true,"href":"https:\/\/juhasiro.fi\/blogi\/index.php?rest_route=%2Fwp%2Fv2%2Fcategories&post=5746"},{"taxonomy":"post_tag","embeddable":true,"href":"https:\/\/juhasiro.fi\/blogi\/index.php?rest_route=%2Fwp%2Fv2%2Ftags&post=5746"}],"curies":[{"name":"wp","href":"https:\/\/api.w.org\/{rel}","templated":true}]}}