{"id":5975,"date":"2019-07-19T13:57:44","date_gmt":"2019-07-19T10:57:44","guid":{"rendered":"http:\/\/juhasiro.fi\/blogi\/?p=5975"},"modified":"2019-07-19T16:36:34","modified_gmt":"2019-07-19T13:36:34","slug":"mista-tiedan-etta-teen-toita-oikeiden-juttujen-kimpussa-2","status":"publish","type":"post","link":"https:\/\/juhasiro.fi\/blogi\/?p=5975","title":{"rendered":"Mist\u00e4 tied\u00e4n ett\u00e4 teen t\u00f6it\u00e4 oikeiden juttujen kimpussa?"},"content":{"rendered":"<p>T\u00e4n\u00e4\u00e4n muutama rivi p\u00e4iv\u00e4n kuulumisia ja niihin liittyv\u00e4 teksti kuuden vuoden takaa. P\u00e4ivityslistalla on juttuja odottamassa, kotil\u00e4ksyt on tehty ja kirjat luettu, mutta arvioiden laatiminen ottaisi oman aikansa. Hommien fokus ja keskittyminen on nyt muualla.<\/p>\n<figure id=\"attachment_5976\" aria-describedby=\"caption-attachment-5976\" style=\"width: 715px\" class=\"wp-caption aligncenter\"><img loading=\"lazy\" decoding=\"async\" class=\"size-full wp-image-5976\" src=\"http:\/\/juhasiro.fi\/blogi\/wp-content\/uploads\/virtahepo1.jpg\" alt=\"\" width=\"715\" height=\"465\" srcset=\"https:\/\/juhasiro.fi\/blogi\/wp-content\/uploads\/virtahepo1.jpg 715w, https:\/\/juhasiro.fi\/blogi\/wp-content\/uploads\/virtahepo1-150x98.jpg 150w, https:\/\/juhasiro.fi\/blogi\/wp-content\/uploads\/virtahepo1-300x195.jpg 300w\" sizes=\"auto, (max-width: 715px) 100vw, 715px\" \/><figcaption id=\"caption-attachment-5976\" class=\"wp-caption-text\">Kuva: MTV 9.7.2016<\/figcaption><\/figure>\n<p>K\u00e4sikirjoitus numero yksi on mulle kokeilematonta genre\u00e4, ja odottaa kustannustoimittajani lukua. Kes\u00e4lomat ja syksyn julkaisut siirt\u00e4v\u00e4t t\u00e4m\u00e4n projektin ties minne, mutta minulla ei ole kiire. Kaikki ajallaan. K\u00e4sis kakkonen on edennyt vasta nelisenkymment\u00e4 liuskaa, mutta on nyt siin\u00e4 vaiheessa, ett\u00e4 se vaatii kaiken liikenev\u00e4n huomion. T\u00e4ytyy p\u00e4\u00e4st\u00e4 ty\u00f6ns\u00e4 yl\u00e4puolelle, ett\u00e4 saa kokonaisrakenteen hahmolleen, eik\u00e4 palapeli karkaa k\u00e4sist\u00e4. Jatko on sitten selke\u00e4mp\u00e4\u00e4.<span class=\"Apple-converted-space\">\u00a0<\/span><\/p>\n<p>Huomenna Taidekeskus Purnun kes\u00e4n\u00e4yttelyyn. Ensi viikolla t\u00e4ytyisi ottaa hieman katkoa ja pit\u00e4\u00e4 kalastusp\u00e4iv\u00e4 N\u00e4sij\u00e4rvell\u00e4. Kirkasta kes\u00e4\u00e4 yst\u00e4v\u00e4t hyv\u00e4t! T\u00e4ss\u00e4 kierr\u00e4tysjuttu, mutta ajankohtainen taas.<\/p>\n<p>Otsikon kysymys ja juttuni lopussa olevat vastaukset l\u00f6ytyv\u00e4t Ernst Billgrenin kirjasta\u00a0<i>Mit\u00e4 on taide ja sata muuta tosi t\u00e4rke\u00e4\u00e4 kysymyst\u00e4.<\/i><\/p>\n<p>Joidenkin kirjailijoiden on helppo j\u00e4tt\u00e4\u00e4 julkaistu teos taakseen. N\u00e4in olen lukenut ja henkil\u00f6kohtaisesti kuullut. Kun tekij\u00e4n ja kirjan tiet erkanevat, ei kummankaan el\u00e4m\u00e4 en\u00e4\u00e4 toiselle kuulu.<\/p>\n<p>Minulle ei k\u00e4y n\u00e4in, ty\u00f6st\u00e4 irtip\u00e4\u00e4st\u00e4minen on vaikeaa. Luen kirjan yh\u00e4 uudelleen ja mietin kirjoittamisen mielekkyytt\u00e4. Mit\u00e4 oikeastaan kannattaa painaa kansien v\u00e4liin? Olenko onnistunut saamaan kiinni alkuper\u00e4isest\u00e4 ideasta ja p\u00e4\u00e4m\u00e4\u00e4rist\u00e4, joita ty\u00f6n kuluessa tekstilleni asetin?<\/p>\n<p>Haastatteluihin annettuja vastauksia ei kannata j\u00e4\u00e4d\u00e4 pohtimaan, koska kaikkia kuulijoita ei voi, eik\u00e4 tarvitse miellytt\u00e4\u00e4, keskustelut menev\u00e4t aina oikein. Ja jos sama kysymys esitet\u00e4\u00e4n jonain toisena p\u00e4iv\u00e4n\u00e4, vastaus valottaa sit\u00e4 eri kulmasta.<\/p>\n<p>Keisari Marcus Aureliuksen sanoin: \u201dKun tunnet asian, sanat seuraavat sinua.\u201d Ty\u00f6ns\u00e4 mielekkyytt\u00e4 sopii silti pohtia. Billgrenin vastaus on ehdoton \u2013 ja samalla lohdullinen, se kest\u00e4\u00e4 useammankin lukukerran. Viimeisen virkkeen ajatusta siet\u00e4\u00e4 py\u00f6ritell\u00e4\u2026 eik\u00e4 tyyty\u00e4 ensimm\u00e4iseen vastaukseen. Mit\u00e4 on se kaikki, mik\u00e4 minua ja sinua ymp\u00e4r\u00f6i?<\/p>\n<p><strong>Mist\u00e4 tied\u00e4n, ett\u00e4 teen t\u00f6it\u00e4 oikeiden juttujen kimpussa?<\/strong><\/p>\n<p><b>Lyhyt vastaus:\u00a0<\/b>Sinulla ei ole valinnanvaraa.<\/p>\n<p><b>Pitk\u00e4 vastaus:\u00a0<\/b>Miten ajattelet, ratkaisee sen mit\u00e4 ajattelet. Kaikki taide muodostaa er\u00e4\u00e4nlaisen omankuvan tai ainakin ilmauksen siit\u00e4 kuka olet, mik\u00e4 olet, milloin olet. Luultavasti et voi p\u00e4\u00e4tt\u00e4\u00e4 mit\u00e4 ajattelet, vain mink\u00e4 verran ajattelet. (Koetapa olla ajattelematta sinist\u00e4 virtahepoa.)<\/p>\n<p>Sin\u00e4 et m\u00e4\u00e4r\u00e4\u00e4 suuntaa, m\u00e4\u00e4r\u00e4\u00e4t vain vauhdin. Jos ihminen haluaa muuttaa toimintatapansa tai ajattelutapansa, h\u00e4nen ei pid\u00e4 muuttaa itse\u00e4\u00e4n, vaan kaikki mik\u00e4 h\u00e4nt\u00e4 ymp\u00e4r\u00f6i.<\/p>\n<p>&#8230;&#8230;&#8230;&#8230;&#8230;&#8230;&#8230;&#8230;&#8230;&#8230;&#8230;&#8230;&#8230;<\/p>\n<p><strong>Blogin ekstralinkit<\/strong><\/p>\n<p><img loading=\"lazy\" decoding=\"async\" class=\"aligncenter size-full wp-image-5977\" src=\"http:\/\/juhasiro.fi\/blogi\/wp-content\/uploads\/N\u00e4ytt\u00f6kuva-2019-7-17-kello-18.25.58.png\" alt=\"\" width=\"715\" height=\"502\" srcset=\"https:\/\/juhasiro.fi\/blogi\/wp-content\/uploads\/N\u00e4ytt\u00f6kuva-2019-7-17-kello-18.25.58.png 715w, https:\/\/juhasiro.fi\/blogi\/wp-content\/uploads\/N\u00e4ytt\u00f6kuva-2019-7-17-kello-18.25.58-150x105.png 150w, https:\/\/juhasiro.fi\/blogi\/wp-content\/uploads\/N\u00e4ytt\u00f6kuva-2019-7-17-kello-18.25.58-300x211.png 300w\" sizes=\"auto, (max-width: 715px) 100vw, 715px\" \/><\/p>\n<p><a href=\"https:\/\/like.fi\/kirjat\/yllamme-kaartuva-taivas\/\">1. Yll\u00e4mme kaartuva taivas kustantajan sivuilla<\/a><\/p>\n<p><a href=\"http:\/\/juhasiro.fi\/blogi\/?p=4782\">2. Donald Trump ja mit\u00e4 ajankohtaisin p\u00e4ivitys kolmen vuoden takaa<\/a><\/p>\n<p>\u2026\u2026\u2026\u2026\u2026\u2026\u2026\u2026\u2026\u2026\u2026..<\/p>\n","protected":false},"excerpt":{"rendered":"<p>T\u00e4n\u00e4\u00e4n muutama rivi p\u00e4iv\u00e4n kuulumisia ja niihin liittyv\u00e4 teksti kuuden vuoden takaa. P\u00e4ivityslistalla on juttuja odottamassa, kotil\u00e4ksyt on tehty ja kirjat luettu, mutta arvioiden laatiminen ottaisi oman aikansa. Hommien fokus ja keskittyminen on nyt muualla. K\u00e4sikirjoitus numero yksi on mulle kokeilematonta genre\u00e4, ja odottaa kustannustoimittajani lukua. Kes\u00e4lomat ja syksyn julkaisut siirt\u00e4v\u00e4t t\u00e4m\u00e4n projektin ties minne, [&hellip;]<\/p>\n","protected":false},"author":2,"featured_media":0,"comment_status":"open","ping_status":"closed","sticky":false,"template":"","format":"standard","meta":{"footnotes":""},"categories":[70,501,619],"tags":[1437,1450,2324],"class_list":["post-5975","post","type-post","status-publish","format-standard","hentry","category-kirjat","category-kritiikit","category-kustantajat","tag-ernst-billgren","tag-mita-on-taide-ja-sata-muuta-tosi-tarkeaa-kysymysta","tag-yllamme-kaartuva-taivas"],"_links":{"self":[{"href":"https:\/\/juhasiro.fi\/blogi\/index.php?rest_route=\/wp\/v2\/posts\/5975","targetHints":{"allow":["GET"]}}],"collection":[{"href":"https:\/\/juhasiro.fi\/blogi\/index.php?rest_route=\/wp\/v2\/posts"}],"about":[{"href":"https:\/\/juhasiro.fi\/blogi\/index.php?rest_route=\/wp\/v2\/types\/post"}],"author":[{"embeddable":true,"href":"https:\/\/juhasiro.fi\/blogi\/index.php?rest_route=\/wp\/v2\/users\/2"}],"replies":[{"embeddable":true,"href":"https:\/\/juhasiro.fi\/blogi\/index.php?rest_route=%2Fwp%2Fv2%2Fcomments&post=5975"}],"version-history":[{"count":3,"href":"https:\/\/juhasiro.fi\/blogi\/index.php?rest_route=\/wp\/v2\/posts\/5975\/revisions"}],"predecessor-version":[{"id":5980,"href":"https:\/\/juhasiro.fi\/blogi\/index.php?rest_route=\/wp\/v2\/posts\/5975\/revisions\/5980"}],"wp:attachment":[{"href":"https:\/\/juhasiro.fi\/blogi\/index.php?rest_route=%2Fwp%2Fv2%2Fmedia&parent=5975"}],"wp:term":[{"taxonomy":"category","embeddable":true,"href":"https:\/\/juhasiro.fi\/blogi\/index.php?rest_route=%2Fwp%2Fv2%2Fcategories&post=5975"},{"taxonomy":"post_tag","embeddable":true,"href":"https:\/\/juhasiro.fi\/blogi\/index.php?rest_route=%2Fwp%2Fv2%2Ftags&post=5975"}],"curies":[{"name":"wp","href":"https:\/\/api.w.org\/{rel}","templated":true}]}}