{"id":6443,"date":"2021-10-29T15:47:09","date_gmt":"2021-10-29T12:47:09","guid":{"rendered":"http:\/\/juhasiro.fi\/blogi\/?p=6443"},"modified":"2021-10-29T15:47:09","modified_gmt":"2021-10-29T12:47:09","slug":"helsingin-kirjamessut-islam-ja-varastettu-viisaus","status":"publish","type":"post","link":"https:\/\/juhasiro.fi\/blogi\/?p=6443","title":{"rendered":"Helsingin kirjamessut \u2013 islam ja varastettu viisaus"},"content":{"rendered":"<p>Helsingin kirjamessuilla on islamistien osasto \u201dAhmadiyya Muslim Jamaat Finland\u201d. Juttelin n\u00e4iden herrojen kanssa edellisill\u00e4, avoimilla messuilla ja j\u00e4lleen torstain avajaisp\u00e4iv\u00e4n\u00e4, oman haastatteluni j\u00e4lkeen. Blogi p\u00e4ivitt\u00e4\u00e4 lyhyesti \u2013 jos joku muukin haluaisi keskustella heid\u00e4n kanssaan, viel\u00e4 ehtii.<\/p>\n<figure id=\"attachment_6444\" aria-describedby=\"caption-attachment-6444\" style=\"width: 715px\" class=\"wp-caption aligncenter\"><img loading=\"lazy\" decoding=\"async\" class=\"size-full wp-image-6444\" src=\"http:\/\/juhasiro.fi\/blogi\/wp-content\/uploads\/Heput.jpg\" alt=\"\" width=\"715\" height=\"722\" srcset=\"https:\/\/juhasiro.fi\/blogi\/wp-content\/uploads\/Heput.jpg 715w, https:\/\/juhasiro.fi\/blogi\/wp-content\/uploads\/Heput-297x300.jpg 297w, https:\/\/juhasiro.fi\/blogi\/wp-content\/uploads\/Heput-150x150.jpg 150w\" sizes=\"auto, (max-width: 715px) 100vw, 715px\" \/><figcaption id=\"caption-attachment-6444\" class=\"wp-caption-text\">Hesan kirjamessut 28.10.2021<\/figcaption><\/figure>\n<p>En kuulu itse mihink\u00e4\u00e4n tunnustukselliseen uskoon. Ja jos olen ymm\u00e4rt\u00e4nyt t\u00e4htitieteilij\u00e4 Esko Valtaojan kommentit oikein, ajattelen \u201dKysymyst\u00e4 Jumalasta\u201d samaan tapaan: Me emme tied\u00e4. Universumissa saattaa \u2013 ja todenn\u00e4k\u00f6isesti onkin, jotain t\u00e4h\u00e4n liittyv\u00e4\u00e4, mihin kollektiivinen ymm\u00e4rryksemme tai kokemamme todellisuus ei riit\u00e4.<\/p>\n<p>Juttelin islamisten kanssa jihadista ja v\u00e4kivallasta \u2013 siit\u00e4 miten koraani niist\u00e4 opettaa, mink\u00e4 sallii, mink\u00e4 kielt\u00e4\u00e4. Vastaus on painettuna pieneen esitelippuun. Silti todellisuus on aina toinen kuin ihanteet. Suullinen vastaus t\u00e4h\u00e4n kysymykseeni oli, ett\u00e4 kaksi prosenttia saa aikaan enemm\u00e4n pahaa kuin 98 prosenttia hyv\u00e4\u00e4. Ajattelin itse, ett\u00e4 vain \u201dkuoleman ja h\u00e4vityksen\u201d uutiset nousevat otsikoihin ja muokkaavat kokemusmaailmaamme. Ent\u00e4 jos olisi toisin?\u00a0<i>Audiatur et altera pars<\/i>, kuunneltakoon toistakin osapuolta.<\/p>\n<p><img loading=\"lazy\" decoding=\"async\" class=\"aligncenter size-full wp-image-6445\" src=\"http:\/\/juhasiro.fi\/blogi\/wp-content\/uploads\/Teksti.jpg\" alt=\"\" width=\"715\" height=\"801\" srcset=\"https:\/\/juhasiro.fi\/blogi\/wp-content\/uploads\/Teksti.jpg 715w, https:\/\/juhasiro.fi\/blogi\/wp-content\/uploads\/Teksti-268x300.jpg 268w, https:\/\/juhasiro.fi\/blogi\/wp-content\/uploads\/Teksti-134x150.jpg 134w\" sizes=\"auto, (max-width: 715px) 100vw, 715px\" \/><\/p>\n<p>Ent\u00e4 jos uskonnot itsess\u00e4\u00e4n ovat suurin vitsauksemme, Sielunvihollisen ovelin juoni? Kristittyjen on turha tuntea hyveellist\u00e4 ylemmyytt\u00e4. Inkvisition ajoista on aikakausien mittakaavassa vier\u00e4ht\u00e4nyt vain hienoinen tovi. Ja aivan tuore uutinen: \u201dRanskan katolisen kirkon papit hyv\u00e4ksik\u00e4yttiv\u00e4t satojatuhansia alaik\u00e4isi\u00e4 ja kirkko peitteli j\u00e4ljet\u201d. Sama kaava kaikkialla: pisara pahaa saa aikaan enemm\u00e4n kuin sammiollinen hyv\u00e4\u00e4. Vai onko sittenk\u00e4\u00e4n niin?<\/p>\n<p>N\u00e4it\u00e4 funtsiessa muistin, mit\u00e4 olin kirjoittanut romaaniini <i>Yll\u00e4mme kaartuva taivas<\/i> (Like 2019). Ajatukseni on varmasti jostain varastettu, enk\u00e4 muista mist\u00e4. Kirjailija on harakka, joka napsii kaiken mik\u00e4 kiilt\u00e4\u00e4.<\/p>\n<p><img loading=\"lazy\" decoding=\"async\" class=\"aligncenter size-full wp-image-6446\" src=\"http:\/\/juhasiro.fi\/blogi\/wp-content\/uploads\/Kirja.jpg\" alt=\"\" width=\"715\" height=\"628\" srcset=\"https:\/\/juhasiro.fi\/blogi\/wp-content\/uploads\/Kirja.jpg 715w, https:\/\/juhasiro.fi\/blogi\/wp-content\/uploads\/Kirja-300x263.jpg 300w, https:\/\/juhasiro.fi\/blogi\/wp-content\/uploads\/Kirja-150x132.jpg 150w\" sizes=\"auto, (max-width: 715px) 100vw, 715px\" \/><\/p>\n<p>Olen itse ihminen, joka antaa avoimen vaikutelman \u2013 ja pyrkii sit\u00e4 olemaankin. Otan kuitenkin helposti taka-askelia ja saatan kartella sosiaalisia tilanteita. Ainakin t\u00e4ss\u00e4 horoskooppien taivaanmerkit tiet\u00e4v\u00e4t miten Rapu peruuttaa! Mutta, summa summarum, kuten olen kirjoittanut: \u201dKaikki hyv\u00e4 ihmisten kesken alkaa tuntemattomille puhumisesta.\u201d<\/p>\n<p>Lavennan teemaa my\u00f6s allaolevassa Ekstralinkki kakkosessa. Siin\u00e4 on my\u00f6s pari rivi\u00e4 yh\u00e4 keskenolevasta k\u00e4siksest\u00e4ni, jonka aikataulun olen susinut jo moneen otteeseen \u2013 p\u00e4\u00e4dyn aina hakemaan lis\u00e4\u00e4 matskua syvent\u00e4m\u00e4\u00e4n avainkohtauksia. No, siksih\u00e4n t\u00e4t\u00e4 duunia tehd\u00e4\u00e4n<\/p>\n<p>.\u2026\u2026\u2026\u2026\u2026\u2026\u2026\u2026\u2026\u2026\u2026\u2026\u2026\u2026\u2026\u2026\u2026<\/p>\n<p>Blogin ekstralinkit:<\/p>\n<p><a href=\"http:\/\/juhasiro.fi\/blogi\/?p=5140\">1. El\u00e4m\u00e4 ja Tao \u2013 onko Jumalaa olemassa?<\/a><\/p>\n<p><a href=\"http:\/\/juhasiro.fi\/blogi\/?p=6222\">2. Samansukupuolisten rakkaus \u2013 k\u00e4\u00e4nt\u00e4\u00e4k\u00f6 Jumala peukun yl\u00f6s vai alas?<\/a><\/p>\n<p>\u2026\u2026\u2026\u2026\u2026\u2026\u2026\u2026\u2026\u2026\u2026\u2026\u2026\u2026\u2026\u2026..<\/p>\n","protected":false},"excerpt":{"rendered":"<p>Helsingin kirjamessuilla on islamistien osasto \u201dAhmadiyya Muslim Jamaat Finland\u201d. Juttelin n\u00e4iden herrojen kanssa edellisill\u00e4, avoimilla messuilla ja j\u00e4lleen torstain avajaisp\u00e4iv\u00e4n\u00e4, oman haastatteluni j\u00e4lkeen. Blogi p\u00e4ivitt\u00e4\u00e4 lyhyesti \u2013 jos joku muukin haluaisi keskustella heid\u00e4n kanssaan, viel\u00e4 ehtii. En kuulu itse mihink\u00e4\u00e4n tunnustukselliseen uskoon. Ja jos olen ymm\u00e4rt\u00e4nyt t\u00e4htitieteilij\u00e4 Esko Valtaojan kommentit oikein, ajattelen \u201dKysymyst\u00e4 Jumalasta\u201d samaan [&hellip;]<\/p>\n","protected":false},"author":2,"featured_media":0,"comment_status":"open","ping_status":"closed","sticky":false,"template":"","format":"standard","meta":{"footnotes":""},"categories":[219,4,23,332],"tags":[2454,1821,842,1680,2324],"class_list":["post-6443","post","type-post","status-publish","format-standard","hentry","category-helsingin-kirjamessut-2009","category-kulttuuri","category-kulttuuritapahtumat","category-usko-ja-uskonnot","tag-helsingin-kirjamessur-2021","tag-islam","tag-jumala","tag-uskonnot","tag-yllamme-kaartuva-taivas"],"_links":{"self":[{"href":"https:\/\/juhasiro.fi\/blogi\/index.php?rest_route=\/wp\/v2\/posts\/6443","targetHints":{"allow":["GET"]}}],"collection":[{"href":"https:\/\/juhasiro.fi\/blogi\/index.php?rest_route=\/wp\/v2\/posts"}],"about":[{"href":"https:\/\/juhasiro.fi\/blogi\/index.php?rest_route=\/wp\/v2\/types\/post"}],"author":[{"embeddable":true,"href":"https:\/\/juhasiro.fi\/blogi\/index.php?rest_route=\/wp\/v2\/users\/2"}],"replies":[{"embeddable":true,"href":"https:\/\/juhasiro.fi\/blogi\/index.php?rest_route=%2Fwp%2Fv2%2Fcomments&post=6443"}],"version-history":[{"count":3,"href":"https:\/\/juhasiro.fi\/blogi\/index.php?rest_route=\/wp\/v2\/posts\/6443\/revisions"}],"predecessor-version":[{"id":6449,"href":"https:\/\/juhasiro.fi\/blogi\/index.php?rest_route=\/wp\/v2\/posts\/6443\/revisions\/6449"}],"wp:attachment":[{"href":"https:\/\/juhasiro.fi\/blogi\/index.php?rest_route=%2Fwp%2Fv2%2Fmedia&parent=6443"}],"wp:term":[{"taxonomy":"category","embeddable":true,"href":"https:\/\/juhasiro.fi\/blogi\/index.php?rest_route=%2Fwp%2Fv2%2Fcategories&post=6443"},{"taxonomy":"post_tag","embeddable":true,"href":"https:\/\/juhasiro.fi\/blogi\/index.php?rest_route=%2Fwp%2Fv2%2Ftags&post=6443"}],"curies":[{"name":"wp","href":"https:\/\/api.w.org\/{rel}","templated":true}]}}