{"id":6756,"date":"2024-05-13T14:38:56","date_gmt":"2024-05-13T11:38:56","guid":{"rendered":"http:\/\/juhasiro.fi\/blogi\/?p=6756"},"modified":"2024-05-13T14:38:56","modified_gmt":"2024-05-13T11:38:56","slug":"kirsi-kunnas-100v-juhlavuosi-nain-runoilija-kiteyttaa-kulttuurin","status":"publish","type":"post","link":"https:\/\/juhasiro.fi\/blogi\/?p=6756","title":{"rendered":"Kirsi Kunnas 100v -juhlavuosi. N\u00e4in runoilija kiteytt\u00e4\u00e4 kulttuurin."},"content":{"rendered":"<p>Blogi kertaa kymmenen vuoden takaisen p\u00e4ivityksen. Tieto on vaarallista. Varsinkin varma tieto. Se tappaa kaiken kyseenalaistamisen. Ymm\u00e4rryksen kanssa on v\u00e4h\u00e4n niin ja n\u00e4in, sit\u00e4 saattaa omahyv\u00e4isesti kuvitella ymm\u00e4rt\u00e4v\u00e4ns\u00e4, mutta mit\u00e4 viel\u00e4.<\/p>\n<figure id=\"attachment_6757\" aria-describedby=\"caption-attachment-6757\" style=\"width: 715px\" class=\"wp-caption aligncenter\"><img loading=\"lazy\" decoding=\"async\" class=\"wp-image-6757 size-full\" src=\"http:\/\/juhasiro.fi\/blogi\/wp-content\/uploads\/Aus.png\" alt=\"\" width=\"715\" height=\"514\" srcset=\"https:\/\/juhasiro.fi\/blogi\/wp-content\/uploads\/Aus.png 715w, https:\/\/juhasiro.fi\/blogi\/wp-content\/uploads\/Aus-300x216.png 300w, https:\/\/juhasiro.fi\/blogi\/wp-content\/uploads\/Aus-150x108.png 150w\" sizes=\"auto, (max-width: 715px) 100vw, 715px\" \/><figcaption id=\"caption-attachment-6757\" class=\"wp-caption-text\">Matkalla kaasukammioon. (Julkaisuvapaa \/ Wikipedia)<\/figcaption><\/figure>\n<p>Kulttuuri parantaa el\u00e4m\u00e4nlaatua ja pident\u00e4\u00e4 ik\u00e4\u00e4. Siit\u00e4 on selv\u00e4t s\u00e4velet ja tutkimukset. T\u00e4m\u00e4 selv\u00e4, uskon ja ymm\u00e4rr\u00e4n.<\/p>\n<p>Ote hallituksen painopisteraportista kymmenen vuoden takaa.\u00a0<i>Koulutus-, tiede- ja kulttuuripolitiikka<\/i>, sivu 35: \u201dHallitus l\u00e4htee siit\u00e4, ett\u00e4 kulttuurilla on keskeinen asema yhteiskuntaa rakennettaessa. Taide ja kulttuuri ovat ihmisen\u00e4 olemisen v\u00e4ltt\u00e4m\u00e4tt\u00f6mi\u00e4 perusasioita, joiden uutta luova vaikutus s\u00e4teilee el\u00e4m\u00e4n kaikille alueille.\u201d Nykyhallituksen raporttiin en ole tutustunut, mutta ep\u00e4ilen kulttuurin keskeist\u00e4 asemaa yhteiskunnan rakenteissa.<\/p>\n<p>Toimitin ikuisuus sitten Jouni Inkalan kanssa MotMot -runouden vuosikirjan 2001. Tilasin siihen esseen\u00a0<i>Kirsi Kunnakselta<\/i>. Se tuli aikanaan koneella naputeltuna v\u00e4h\u00e4ttelev\u00e4n saatekirjeen kera.<\/p>\n<p>\u201dJos sinusta tuntuu, ettei t\u00e4llainen teksti sovi kirjaan niin anna olla, j\u00e4t\u00e4 pois.\u201d Sattuneesta syyst\u00e4 luin taas uudelleen Kirsin esseen\u00a0<i>Feeniks-lintu ja Ajan hyrr\u00e4<\/i>. Ymm\u00e4rrys avautui laakista. Vaikeat sanat: kulttuuri, el\u00e4m\u00e4nlaatu, taide, ihmisen\u00e4 oleminen, luova vaikutus\u2026 abstraktit ilmaisut saivat \u00e4kki\u00e4 tarkan ja yksil\u00f6llisen merkityksen.<\/p>\n<figure id=\"attachment_6758\" aria-describedby=\"caption-attachment-6758\" style=\"width: 715px\" class=\"wp-caption aligncenter\"><img loading=\"lazy\" decoding=\"async\" class=\"wp-image-6758 size-full\" src=\"http:\/\/juhasiro.fi\/blogi\/wp-content\/uploads\/KK.png\" alt=\"\" width=\"715\" height=\"676\" srcset=\"https:\/\/juhasiro.fi\/blogi\/wp-content\/uploads\/KK.png 715w, https:\/\/juhasiro.fi\/blogi\/wp-content\/uploads\/KK-300x284.png 300w, https:\/\/juhasiro.fi\/blogi\/wp-content\/uploads\/KK-150x142.png 150w\" sizes=\"auto, (max-width: 715px) 100vw, 715px\" \/><figcaption id=\"caption-attachment-6758\" class=\"wp-caption-text\">Kirsi Kunnas 2012. Kuva Anneli Salo (Julkaisuvapaa \/ Wikipedia)<\/figcaption><\/figure>\n<p>Kirsi kirjoittaa nuoruuden parantola-ajastaan, josta muistaa kiihke\u00e4n halun odottaa y\u00f6t\u00e4, omaa yksityisyytt\u00e4\u00e4n ja unia, jotka toivat vastapainon p\u00e4iv\u00e4n sis\u00e4llyksett\u00f6myydelle ja tapahtumattomuudelle. Ja siell\u00e4 ne ovat, lainauksen kaksi viimeist\u00e4 virkett\u00e4, jotka avaavat ymm\u00e4rryst\u00e4ni ja antavat syvemm\u00e4n merkityksen sanalle Kulttuuri.<\/p>\n<p>\u201dN\u00e4m\u00e4 unet ja kuvitelmat min\u00e4 muistan. Siksi kai lukiessani vankiloista tai keskitysleireilt\u00e4 tai pakolaisleireilt\u00e4 hengiss\u00e4 selviytyneiden muistelmia samastun aina heid\u00e4n tarpeeseensa kuvitella, saada el\u00e4\u00e4 vaikka vain minimaalisen pieni hetki toisessa todellisuudessa, jossa er\u00e4maa kukkii, jossa ovat heid\u00e4n muistiinsa tallentuneet mielikuvat.<\/p>\n<p>Antaessaan vaihtoehdon ne kasvavat korkoa, niist\u00e4 on tullut heille muistin pankkiin sijoitettu aarre, joka pit\u00e4\u00e4 heid\u00e4t j\u00e4rjiss\u00e4\u00e4n. Kulttuurin er\u00e4s t\u00e4rke\u00e4 teht\u00e4v\u00e4 onkin tuottaa sit\u00e4 aineistoa, el\u00e4myksi\u00e4, jotka tekev\u00e4t muistin arvokkaaksi. Ilman sit\u00e4 me menehdymme.\u201d<\/p>\n<p>&#8230;&#8230;&#8230;&#8230;&#8230;&#8230;&#8230;&#8230;&#8230;&#8230;&#8230;&#8230;&#8230;&#8230;&#8230;&#8230;&#8230;&#8230;..<\/p>\n<p>Blogin ekstralinkit<\/p>\n<p><a href=\"http:\/\/juhasiro.fi\/blogi\/?p=1060\">1. Runoilija, tyhj\u00e4ntoimittaja ja yhteiskunnan loinen<\/a><\/p>\n<p><a href=\"http:\/\/juhasiro.fi\/blogi\/?p=4352\">2. Kuolemaantuomitun selviytymistarina<\/a><\/p>\n<p>&#8230;&#8230;&#8230;&#8230;&#8230;&#8230;&#8230;&#8230;&#8230;&#8230;&#8230;&#8230;&#8230;&#8230;&#8230;&#8230;&#8230;&#8230;<\/p>\n","protected":false},"excerpt":{"rendered":"<p>Blogi kertaa kymmenen vuoden takaisen p\u00e4ivityksen. Tieto on vaarallista. Varsinkin varma tieto. Se tappaa kaiken kyseenalaistamisen. Ymm\u00e4rryksen kanssa on v\u00e4h\u00e4n niin ja n\u00e4in, sit\u00e4 saattaa omahyv\u00e4isesti kuvitella ymm\u00e4rt\u00e4v\u00e4ns\u00e4, mutta mit\u00e4 viel\u00e4. Kulttuuri parantaa el\u00e4m\u00e4nlaatua ja pident\u00e4\u00e4 ik\u00e4\u00e4. Siit\u00e4 on selv\u00e4t s\u00e4velet ja tutkimukset. T\u00e4m\u00e4 selv\u00e4, uskon ja ymm\u00e4rr\u00e4n. Ote hallituksen painopisteraportista kymmenen vuoden takaa.\u00a0Koulutus-, tiede- [&hellip;]<\/p>\n","protected":false},"author":2,"featured_media":0,"comment_status":"open","ping_status":"closed","sticky":false,"template":"","format":"standard","meta":{"footnotes":""},"categories":[197,3,375,529,196],"tags":[2516,2030,2517],"class_list":["post-6756","post","type-post","status-publish","format-standard","hentry","category-keskitysleirit","category-kirjallisuus","category-kulttuuripolitiikka","category-sivistys","category-totalitarismi","tag-kirsi-kunnas-100v","tag-kulttuuripolitiikka","tag-motmot-2001"],"_links":{"self":[{"href":"https:\/\/juhasiro.fi\/blogi\/index.php?rest_route=\/wp\/v2\/posts\/6756","targetHints":{"allow":["GET"]}}],"collection":[{"href":"https:\/\/juhasiro.fi\/blogi\/index.php?rest_route=\/wp\/v2\/posts"}],"about":[{"href":"https:\/\/juhasiro.fi\/blogi\/index.php?rest_route=\/wp\/v2\/types\/post"}],"author":[{"embeddable":true,"href":"https:\/\/juhasiro.fi\/blogi\/index.php?rest_route=\/wp\/v2\/users\/2"}],"replies":[{"embeddable":true,"href":"https:\/\/juhasiro.fi\/blogi\/index.php?rest_route=%2Fwp%2Fv2%2Fcomments&post=6756"}],"version-history":[{"count":3,"href":"https:\/\/juhasiro.fi\/blogi\/index.php?rest_route=\/wp\/v2\/posts\/6756\/revisions"}],"predecessor-version":[{"id":6761,"href":"https:\/\/juhasiro.fi\/blogi\/index.php?rest_route=\/wp\/v2\/posts\/6756\/revisions\/6761"}],"wp:attachment":[{"href":"https:\/\/juhasiro.fi\/blogi\/index.php?rest_route=%2Fwp%2Fv2%2Fmedia&parent=6756"}],"wp:term":[{"taxonomy":"category","embeddable":true,"href":"https:\/\/juhasiro.fi\/blogi\/index.php?rest_route=%2Fwp%2Fv2%2Fcategories&post=6756"},{"taxonomy":"post_tag","embeddable":true,"href":"https:\/\/juhasiro.fi\/blogi\/index.php?rest_route=%2Fwp%2Fv2%2Ftags&post=6756"}],"curies":[{"name":"wp","href":"https:\/\/api.w.org\/{rel}","templated":true}]}}